{"id":71141,"date":"2025-05-03T06:22:11","date_gmt":"2025-05-03T06:22:11","guid":{"rendered":"https:\/\/www.europesays.com\/fr\/71141\/"},"modified":"2025-05-03T06:22:11","modified_gmt":"2025-05-03T06:22:11","slug":"leconomie-allemande-progresse-legerement-au-premier-trimestre","status":"publish","type":"post","link":"https:\/\/www.europesays.com\/fr\/71141\/","title":{"rendered":"L&rsquo;\u00e9conomie allemande progresse l\u00e9g\u00e8rement au premier trimestre"},"content":{"rendered":"<p>&#13;<br \/>\n                        L&rsquo;\u00e9conomie allemande progresse l\u00e9g\u00e8rement au premier trimestre&#13;\n                    <\/p>\n<p style=\"text-align:\">L&rsquo;\u00e9conomie allemande a enregistr\u00e9 une croissance modeste au premier trimestre 2025, offrant au pays un bref r\u00e9pit apr\u00e8s deux ann\u00e9es de contraction cons\u00e9cutives. Les \u00e9conomistes ont cependant averti que cette reprise pourrait s&rsquo;essouffler d\u00e8s l&rsquo;\u00e9t\u00e9 en raison de l&rsquo;escalade des tensions commerciales avec les \u00c9tats-Unis.<\/p>\n<p><a href=\"https:\/\/lecourrier.vn\/allemagne-les-salaries-de-volkswagen-en-greve-a-partir-de-lundi-2-decembre\/1273534.html\" title=\"Allemagne : les salari\u00e9s de Volkswagen en gr\u00e8ve \u00e0 partir de lundi 2 d\u00e9cembre\" rel=\"nofollow noopener\" target=\"_blank\">&gt;&gt; Allemagne : les salari\u00e9s de Volkswagen en gr\u00e8ve \u00e0 partir de lundi 2 d\u00e9cembre<\/a><\/p>\n<p><a href=\"https:\/\/lecourrier.vn\/une-panne-informatique-provoque-des-perturbations-dans-les-aeroports-allemands\/1275392.html\" title=\"Une panne informatique provoque des perturbations dans les a\u00e9roports allemands\" rel=\"nofollow noopener\" target=\"_blank\">&gt;&gt; Une panne informatique provoque des perturbations dans les a\u00e9roports allemands<\/a><\/p>\n<p><a href=\"https:\/\/lecourrier.vn\/allemagne-la-bundesbank-enregistre-sa-premiere-perte-depuis-1979\/1278244.html\" title=\"Allemagne : la Bundesbank enregistre sa premi\u00e8re perte depuis 1979\" rel=\"nofollow noopener\" target=\"_blank\">&gt;&gt; Allemagne : la Bundesbank enregistre sa premi\u00e8re perte depuis 1979<\/a><\/p>\n<tr>\n<td class=\"pic\"><img decoding=\"async\" class=\"lazyload\" src=\"https:\/\/www.europesays.com\/fr\/wp-content\/uploads\/2025\/05\/163422-t.jpg\" alt=\"\"\/><\/td>\n<\/tr>\n<tr>\n<td class=\"caption\">Des conteneurs sur le port de Duisburg, en Allemagne, le 13 juillet 2023.\u00a0<\/td>\n<\/tr>\n<tr align=\"right\">\n<td class=\"author\">Photo : AFP\/VNA\/CVN<\/td>\n<\/tr>\n<p style=\"text-align:left\">Les chiffres pr\u00e9liminaires publi\u00e9s mercredi 30 avril par l&rsquo;Office f\u00e9d\u00e9ral des statistiques ont montr\u00e9 que le produit int\u00e9rieur brut (PIB) de l&rsquo;Allemagne avait augment\u00e9 de 0,2% par rapport au trimestre pr\u00e9c\u00e9dent, apr\u00e8s une contraction de 0,2% au dernier trimestre 2024.<\/p>\n<p style=\"text-align:left\">L&rsquo;agence a \u00e9galement not\u00e9 une hausse des investissements et des d\u00e9penses des m\u00e9nages au cours des trois premiers mois de l&rsquo;ann\u00e9e. Malgr\u00e9 cette hausse trimestrielle, l&rsquo;\u00e9conomie s&rsquo;est contract\u00e9e de 0,4% en glissement annuel apr\u00e8s ajustement des variations de prix, soulignant la persistance d&rsquo;un certain nombre de d\u00e9fis pour la plus grande \u00e9conomie d&rsquo;Europe.<\/p>\n<p style=\"text-align:left\">Timo Wollmershaeuser, responsable des pr\u00e9visions \u00e0 l&rsquo;Institut ifo de Munich, a not\u00e9 que la r\u00e9cente augmentation des droits de douane d\u00e9cid\u00e9e par les \u00c9tats-Unis avait temporairement stimul\u00e9 les exportations allemandes au d\u00e9but de l&rsquo;ann\u00e9e 2025, les importateurs am\u00e9ricains s&rsquo;\u00e9tant pr\u00e9cipit\u00e9 pour effectuer des achats avant l&rsquo;entr\u00e9 en vigueur de ces nouvelles taxes.<\/p>\n<p style=\"text-align:left\">Il a n\u00e9anmoins averti que l&rsquo;escalade des tensions commerciales et des incertitudes assombrissait les perspectives de l&rsquo;industrie et le climat des affaires en Allemagne. \u00ab\u00a0La hausse notable des droits de douane sur les importations en provenance de l&rsquo;Union europ\u00e9enne, entr\u00e9e en vigueur en avril, ainsi que la menace de nouvelles augmentations tarifaires, p\u00e8sent sur l&rsquo;\u00e9volution future de l&rsquo;\u00e9conomie allemande\u00a0\u00bb, a-t-il affirm\u00e9. L&rsquo;Institut ifo a ainsi pr\u00e9dit que l&rsquo;\u00e9conomie allemande pourrait \u00e0 nouveau se contracter d\u00e8s l&rsquo;\u00e9t\u00e9.<\/p>\n<p style=\"text-align:left\">La semaine derni\u00e8re, le gouvernement allemand a fortement revu \u00e0 la baisse ses pr\u00e9visions de croissance pour 2025, tablant d\u00e9sormais sur un croissance z\u00e9ro en raison des effets n\u00e9gatifs des politiques commerciales de Donald Trump. Si ces pr\u00e9visions se r\u00e9alisent, cela marquera la troisi\u00e8me ann\u00e9e cons\u00e9cutive sans croissance \u00e9conomique en Allemagne.<\/p>\n<p style=\"text-align:right\"><b>Xinhua\/VNA\/CVN<\/b><\/p>\n","protected":false},"excerpt":{"rendered":"&#13; L&rsquo;\u00e9conomie allemande progresse l\u00e9g\u00e8rement au premier trimestre&#13; L&rsquo;\u00e9conomie allemande a enregistr\u00e9 une croissance modeste au premier trimestre&hellip;\n","protected":false},"author":2,"featured_media":71142,"comment_status":"","ping_status":"","sticky":false,"template":"","format":"standard","meta":{"footnotes":""},"categories":[1587],"tags":[11,672,1804,1805,1803,33,1777,674,1801,12,6311,1802],"class_list":{"0":"post-71141","1":"post","2":"type-post","3":"status-publish","4":"format-standard","5":"has-post-thumbnail","7":"category-allemagne","8":"tag-actualites","9":"tag-allemagne","10":"tag-bundesrepublik-deutschland","11":"tag-de","12":"tag-deutschland","13":"tag-economie","14":"tag-eu","15":"tag-europe","16":"tag-germany","17":"tag-news","18":"tag-pib","19":"tag-republique-federale-dallemagne"},"share_on_mastodon":{"url":"https:\/\/pubeurope.com\/@fr\/114442465698122352","error":""},"_links":{"self":[{"href":"https:\/\/www.europesays.com\/fr\/wp-json\/wp\/v2\/posts\/71141","targetHints":{"allow":["GET"]}}],"collection":[{"href":"https:\/\/www.europesays.com\/fr\/wp-json\/wp\/v2\/posts"}],"about":[{"href":"https:\/\/www.europesays.com\/fr\/wp-json\/wp\/v2\/types\/post"}],"author":[{"embeddable":true,"href":"https:\/\/www.europesays.com\/fr\/wp-json\/wp\/v2\/users\/2"}],"replies":[{"embeddable":true,"href":"https:\/\/www.europesays.com\/fr\/wp-json\/wp\/v2\/comments?post=71141"}],"version-history":[{"count":0,"href":"https:\/\/www.europesays.com\/fr\/wp-json\/wp\/v2\/posts\/71141\/revisions"}],"wp:featuredmedia":[{"embeddable":true,"href":"https:\/\/www.europesays.com\/fr\/wp-json\/wp\/v2\/media\/71142"}],"wp:attachment":[{"href":"https:\/\/www.europesays.com\/fr\/wp-json\/wp\/v2\/media?parent=71141"}],"wp:term":[{"taxonomy":"category","embeddable":true,"href":"https:\/\/www.europesays.com\/fr\/wp-json\/wp\/v2\/categories?post=71141"},{"taxonomy":"post_tag","embeddable":true,"href":"https:\/\/www.europesays.com\/fr\/wp-json\/wp\/v2\/tags?post=71141"}],"curies":[{"name":"wp","href":"https:\/\/api.w.org\/{rel}","templated":true}]}}