{"id":71143,"date":"2025-05-03T06:23:09","date_gmt":"2025-05-03T06:23:09","guid":{"rendered":"https:\/\/www.europesays.com\/fr\/71143\/"},"modified":"2025-05-03T06:23:09","modified_gmt":"2025-05-03T06:23:09","slug":"on-va-encaisser-le-choc-en-europe-voire-sortir-renforce-alors-que-les-etats-unis-de-trump-vont-souffrir","status":"publish","type":"post","link":"https:\/\/www.europesays.com\/fr\/71143\/","title":{"rendered":"On va encaisser le choc en Europe, voire sortir renforc\u00e9, alors que les \u00c9tats-Unis de Trump vont souffrir"},"content":{"rendered":"<p class=\"ap-StoryElement ap-StoryElement--mb js-paywall-target ap-StoryText\"><b>Vous revenez de Washington. Quelle \u00e9tait l&rsquo;ambiance ?<\/b><\/p>\n<p class=\"ap-StoryElement ap-StoryElement--mb ap-StoryText\">L&rsquo;ambiance \u00e9tait soucieuse, aux assembl\u00e9es annuelles du FMI, et ce \u00e0 un degr\u00e9 historique. Les participants, qu&rsquo;ils soient du secteur public ou du secteur priv\u00e9, avaient vraiment conscience de vivre un moment un petit peu charni\u00e8re de l&rsquo;histoire \u00e9conomique, li\u00e9 \u00e0 un tournant radical des politiques \u00e9conomiques, et pas seulement de l&rsquo;administration am\u00e9ricaine et Donald Trump. Il y avait une certaine tristesse, presque, celle de se dire que l&rsquo;\u00e9conomie am\u00e9ricaine est en train de se tirer une balle dans le pied. Nous, en Europe, on va r\u00e9ussir \u00e0 s&rsquo;en sortir. Par contre, l&rsquo;Am\u00e9rique va \u00eatre durablement affaiblie. Et ce qui \u00e9tait int\u00e9ressant, c&rsquo;est que ce discours, je l&rsquo;ai entendu \u00e0 peu pr\u00e8s de mani\u00e8re similaire de la part d&rsquo;Europ\u00e9ens, d&rsquo;Asiatiques, de pays d&rsquo;un peu partout\u2026 On va encaisser le choc, voire sortir de cet \u00e9pisode renforc\u00e9, alors que les \u00c9tats-Unis vont souffrir \u00e0 court et \u00e0 long terme.<\/p>\n<blockquote class=\"ap-StoryQuote ap-StoryQuote--pullquote\"><p>guillement<\/p>\n<p class=\"ap-StoryQuote-text\">\u00ab\u00a0Il y avait une certaine tristesse, presque, celle de se dire que l&rsquo;\u00e9conomie am\u00e9ricaine est en train de se tirer une balle dans le pied.\u00a0\u00bb<\/p>\n<\/blockquote>\n<p class=\"ap-StoryElement ap-StoryElement--mb ap-StoryText\"><b>Est-ce qu&rsquo;il y a des pr\u00e9visions de r\u00e9cession ?<\/b><\/p>\n<p class=\"ap-StoryElement ap-StoryElement--mb ap-StoryText\">Ni le FMI, ni le consensus des pr\u00e9visionnistes priv\u00e9s n&rsquo;ont dans leur sc\u00e9nario central (privil\u00e9gi\u00e9, NdlR) une r\u00e9cession. Mais tout le monde ajoute que ce sc\u00e9nario central est \u00e0 prendre avec encore plus de pincettes que d&rsquo;habitude, vu le niveau extr\u00eame d&rsquo;incertitude actuelle. Donc il ne faut pas \u00eatre rassur\u00e9 outre mesure du fait qu&rsquo;il n&rsquo;y ait pas de r\u00e9cession dans le sc\u00e9nario central. Beaucoup d\u00e9pendra de la dur\u00e9e de cette incertitude. Mais mes homologues, les chief economists d&rsquo;autres institutions, partent du principe que cette phase d&rsquo;incertitude exceptionnelle et de droits de douane va se r\u00e9sorber assez rapidement. Pas dans les prochains jours, peut-\u00eatre pas en quelques semaines, mais d&rsquo;ici la fin de la p\u00e9riode des 90 jours. M\u00eame pour la Chine. \u00c7a ne passera pas \u00e0 0 %, mais \u00e7a devrait \u00eatre plus proche de 60 % que de 140 %.<\/p>\n<p class=\"ap-StoryElement ap-StoryElement--mb ap-StoryText\"><b>Si cette incertitude perdure, quels seraient les risques ?<\/b><\/p>\n<p class=\"ap-StoryElement ap-StoryElement--mb ap-StoryText\">Si les \u00c9tats-Unis et la Chine mettent plus de temps \u00e0 amorcer la d\u00e9sescalade de cette guerre tarifaire, il est clair que les d\u00e9g\u00e2ts \u00e9conomiques deviendraient plus difficiles \u00e0 renverser et la probabilit\u00e9 d&rsquo;une r\u00e9cession s&rsquo;accro\u00eetrait au fur et \u00e0 mesure.<\/p>\n<blockquote class=\"ap-StoryQuote ap-StoryQuote--pullquote\"><p>guillement<\/p>\n<p class=\"ap-StoryQuote-text\">\u00ab\u00a0Si les \u00c9tats-Unis et la Chine mettent plus de temps \u00e0 amorcer la d\u00e9sescalade de cette guerre tarifaire, il est clair que les d\u00e9g\u00e2ts \u00e9conomiques deviendraient plus difficiles \u00e0 renverser.\u00a0\u00bb<\/p>\n<\/blockquote>\n<p class=\"ap-StoryElement ap-StoryElement--mb ap-StoryText\"><b>Le chiffre du PIB am\u00e9ricain, \u00e0 -0,3 % au premier trimestre, vous inqui\u00e8te-t-il ?<\/b><\/p>\n<p class=\"ap-StoryElement ap-StoryElement--mb ap-StoryText\">Il ne faut pas le surinterpr\u00e9ter. Il refl\u00e8te tr\u00e8s largement une pouss\u00e9e massive des importations, vraisemblablement caus\u00e9e par le d\u00e9sir d&rsquo;importer avant que les tarifs ne se mettent en \u0153uvre. Mais quand on regarde la consommation et l&rsquo;investissement, ils se portent bien.<\/p>\n<p class=\"ap-StoryElement ap-StoryElement--mb ap-StoryText\"><b>L&rsquo;Europe ne risque-t-elle pas d&rsquo;\u00eatre p\u00e9nalis\u00e9e si les \u00c9tats-Unis vont mal ? Le pays reste un partenaire \u00e9conomique important pour la Belgique, la France et surtout l&rsquo;Allemagne, non ?<\/b><\/p>\n<p class=\"ap-StoryElement ap-StoryElement--mb ap-StoryText\">Il faut mettre les choses en perspective. L&rsquo;Allemagne est parmi les pays les plus expos\u00e9s : les exportations allemandes vers les \u00c9tats-Unis repr\u00e9sentent environ 3 % de son PIB. Les exportations de l&rsquo;UE dans son ensemble vers les USA, c&rsquo;est moins de 10 % du PIB. C&rsquo;est important, mais la vie ne va pas s&rsquo;arr\u00eater. Et les exportations ne vont pas tomber \u00e0 z\u00e9ro. Elles vont baisser, mais pas dispara\u00eetre. Ensuite, les droits de douane, pour l&rsquo;instant, sont autour de 10 % entre l&rsquo;UE et les \u00c9tats-Unis. C&rsquo;est beaucoup, mais ce n&rsquo;est pas 145 % comme pour la Chine. Rappelons que le commerce des pays de l&rsquo;Union europ\u00e9enne se fait \u00e0 64 % entre eux ! Donc si on r\u00e9forme un peu le march\u00e9 interne, c&rsquo;est compl\u00e8tement rattrapable. Ce n&rsquo;est pas la grande d\u00e9pression.<\/p>\n<p><a href=\"https:\/\/www.lalibre.be\/economie\/entreprises-startup\/2025\/04\/04\/les-brasseurs-se-fichent-un-peu-des-taxes-et-se-moquent-un-peu-de-donald-trump-ce-brave-gars-na-pas-fait-detudes-52QUW253UFDWBBYM3X5GDV2NYM\/\" target=\"_blank\" rel=\"noopener noreferrer nofollow\" class=\"ap-StoryInterstitialLink ap-StoryElement ap-StoryElement--mb\">Les brasseurs belges se fichent (un peu) des taxes et se moquent (un peu) de Donald Trump : \u00ab\u00a0Ce brave gars n&rsquo;a pas fait d&rsquo;\u00e9tudes\u00a0\u00bb<\/a><\/p>\n<p class=\"ap-StoryElement ap-StoryElement--mb ap-StoryText\"><b>Vous vous attendez \u00e0 quels niveaux de droits de douane ?<\/b><\/p>\n<p class=\"ap-StoryElement ap-StoryElement--mb ap-StoryText\">\u00c7a part dans tous les sens, par secteurs, par pays\u2026 Mais notre sc\u00e9nario de base reste autour de 10 %, mais certainement pas de 2,5 % comme auparavant, avant l&rsquo;offensive tarifaire. Et \u00e0 60 % pour la Chine, ce qui reste tr\u00e8s sup\u00e9rieur aux ordres de grandeur pr\u00e9c\u00e9dents. Mais sur toutes les r\u00e9gions du monde, l&rsquo;Europe est celle qui a le plus de marge de man\u0153uvre \u2013 ne serait-ce que sur le plan mon\u00e9taire \u2013 pour se pr\u00e9munir des effets des droits de douane. Sur le plan budg\u00e9taire, l&rsquo;Allemagne n&rsquo;est pas trop contrainte, contrairement \u00e0 la France ou la Belgique. Mais la dette au niveau de l&rsquo;UE dans son ensemble n&rsquo;est pas du tout un probl\u00e8me. Il pourrait donc y avoir une nouvelle s\u00e9rie d&#8217;emprunts communs. En tant qu&rsquo;union, l&rsquo;Europe a de la marge de man\u0153uvre. Et l&rsquo;Europe reste un march\u00e9 attrayant pour tous les partenaires commerciaux autres que les \u00c9tats-Unis. D&rsquo;o\u00f9 l&rsquo;acc\u00e9l\u00e9ration de la volont\u00e9 d&rsquo;accord de libre-\u00e9change avec l&rsquo;Inde ou d&rsquo;autres pays d&rsquo;Asie. Les pays autres que les \u00c9tats-Unis restent convaincus des effets positifs du libre-\u00e9change.<\/p>\n<blockquote class=\"ap-StoryQuote ap-StoryQuote--pullquote\"><p>guillement<\/p>\n<p class=\"ap-StoryQuote-text\">\u00ab\u00a0Il y a beaucoup de contradictions dans l&rsquo;agenda \u00e9conomique de Donald Trump&#8230;\u00a0\u00bb<\/p>\n<\/blockquote>\n<p class=\"ap-StoryElement ap-StoryElement--mb ap-StoryText\"><b>La Chine pourrait-elle inonder le march\u00e9 europ\u00e9en \u00e0 cause des taxes am\u00e9ricaines qui bloquent l&rsquo;acc\u00e8s \u00e0 son march\u00e9 ?<\/b><\/p>\n<p class=\"ap-StoryElement ap-StoryElement--mb ap-StoryText\">Il y a effectivement un risque. Toute la cha\u00eene de valeur asiatique, et pas que la Chine, pourrait \u00eatre tent\u00e9e d&rsquo;\u00e9couler ses produits au rabais en Europe et ailleurs. C&rsquo;est une bonne nouvelle pour le consommateur, mais beaucoup moins pour les producteurs europ\u00e9ens. Mais les autorit\u00e9s europ\u00e9ennes auront des discussions avec la Chine \u00e0 ce sujet. Les Chinois jouent beaucoup la carte du partenariat stable, donc les autorit\u00e9s europ\u00e9ennes pourront n\u00e9gocier pour \u00e9viter de voir tous ces produits inonder notre march\u00e9 en tuant notre industrie. Les Chinois comprennent l&rsquo;enjeu. Il pourrait aussi y avoir des effets positifs. Les Chinois pourraient acheter en Europe ce qu&rsquo;ils achetaient auparavant aux \u00c9tats-Unis, et inversement.<\/p>\n<p class=\"ap-StoryElement ap-StoryElement--mb ap-StoryText\"><b>Est-ce possible de r\u00e9ellement contr\u00f4ler l&rsquo;application de ces droits de douane ?<\/b><\/p>\n<p class=\"ap-StoryElement ap-StoryElement--mb ap-StoryText\">C&rsquo;est tr\u00e8s compliqu\u00e9 et cela met des frictions n\u00e9fastes dans les \u00e9changes. Trump avait d&rsquo;ailleurs initialement voulu des taxes produit par produit mais des conseillers ont d\u00fb lui dire que ce n&rsquo;\u00e9tait tout simplement pas possible, que cela ferait des milliers de lignes de tarifs diff\u00e9rents. D&rsquo;o\u00f9, finalement, la publication, le 2 avril, de tarifs par pays, et m\u00eame par r\u00e9gion qui ne sont pas des pays, comme des d\u00e9partements d&rsquo;outre-mer fran\u00e7ais, <a href=\"https:\/\/www.lalibre.be\/economie\/conjoncture\/2025\/04\/04\/a-cause-dun-unique-achat-americain-cette-ile-est-frappee-par-50-de-taxes-douanieres-de-trump-il-devient-le-territoire-le-plus-taxe-du-monde-JCF7G5JKBZHHNEXIS7OXCPDHDI\/\" target=\"_blank\" rel=\"nofollow noopener\">comme Saint-Pierre-et-Miquelon<\/a> ou la Guadeloupe ! Puis il a fait marche arri\u00e8re. Mais ces politiques tarifaires ajoutent de l&rsquo;incertitude. D&rsquo;ailleurs il y a pas mal de gens aux \u00c9tats-Unis qui ne sont pas sp\u00e9cialement contre les tarifs mais qui estiment qu&rsquo;il ne faut pas s&rsquo;y prendre comme cela. L&rsquo;ex\u00e9cution de la politique de Trump est vraiment d\u00e9sastreuse.<\/p>\n<blockquote class=\"ap-StoryQuote ap-StoryQuote--pullquote\"><p>guillement<\/p>\n<p class=\"ap-StoryQuote-text\">\u00ab\u00a0L&rsquo;ex\u00e9cution de la politique de Donald Trump est vraiment d\u00e9sastreuse.\u00a0\u00bb<\/p>\n<\/blockquote>\n<p class=\"ap-StoryElement ap-StoryElement--mb ap-StoryText\"><b>Trump est-il \u00e0 c\u00f4t\u00e9 de la plaque quand il dit vouloir relocaliser l&rsquo;industrie, alors que le taux de ch\u00f4mage est \u00e0 environ 4 %. Il n&rsquo;aurait m\u00eame pas la main-d&rsquo;\u0153uvre pour faire tourner ses industries\u2026<\/b><\/p>\n<p class=\"ap-StoryElement ap-StoryElement--mb ap-StoryText\">Il y a beaucoup de contradictions dans l&rsquo;agenda \u00e9conomique de Donald Trump\u2026<\/p>\n<p><a href=\"https:\/\/www.lalibre.be\/economie\/conjoncture\/2025\/05\/02\/le-roi-dollar-est-il-menace-par-donald-trump-72W5IBNJF5ADVIVPWOL26ZFQNA\/\" target=\"_blank\" rel=\"noopener noreferrer nofollow\" class=\"ap-StoryInterstitialLink ap-StoryElement ap-StoryElement--mb\">Le roi dollar est-il menac\u00e9 par Donald Trump ?<\/a><\/p>\n<p class=\"ap-StoryElement ap-StoryElement--mb ap-StoryText\"><b>Pensez-vous que Donald Trump est n\u00e9anmoins sinc\u00e8re dans sa strat\u00e9gie de taxation afin de relocaliser ? Ou est-ce, comme il l&rsquo;a affirm\u00e9 lors de sa volte-face, pour faire des deals plus avantageux pour son pays ?<\/b><\/p>\n<p class=\"ap-StoryElement ap-StoryElement--mb ap-StoryText\">Je pense qu&rsquo;il y a une sinc\u00e9rit\u00e9 totale, pas seulement de Trump mais aussi de son cabinet, sur la volont\u00e9 de relocalisation. Leur objectif, c&rsquo;est de r\u00e9industrialiser l&rsquo;Am\u00e9rique et de recr\u00e9er une classe moyenne salari\u00e9e de l&rsquo;industrie. C&rsquo;est tr\u00e8s populaire, y compris chez certains d\u00e9mocrates.<\/p>\n<blockquote class=\"ap-StoryQuote ap-StoryQuote--pullquote\"><p>guillement<\/p>\n<p class=\"ap-StoryQuote-text\">\u00ab\u00a0Trump pense savoir mieux n\u00e9gocier que n&rsquo;importe qui\u00a0\u00bb<\/p>\n<\/blockquote>\n<p class=\"ap-StoryElement ap-StoryElement--mb ap-StoryText\"><b>Mais a-t-il menti alors quand il parle de technique de n\u00e9gociations ?<\/b><\/p>\n<p class=\"ap-StoryElement ap-StoryElement--mb ap-StoryText\">Non, il y a les deux. Il y a l&rsquo;objectif de r\u00e9industrialiser l&rsquo;Am\u00e9rique, et la volont\u00e9 de n\u00e9gociation avec les autres pays. Et quand on lui dit qu&rsquo;il y a d&rsquo;autres moyens de s&rsquo;y prendre, la r\u00e9ponse est \u00ab\u00a0the art of the deal\u00a0\u00bb, Trump pense savoir mieux n\u00e9gocier que n&rsquo;importe qui. Mais \u00e7a ne veut pas dire que l&rsquo;objectif de r\u00e9industrialisation n&rsquo;est pas sinc\u00e8re. Et il y a aussi l&rsquo;objectif de faire rentrer des recettes par ces taxes. Car les R\u00e9publicains veulent faire baisser les imp\u00f4ts \u2013 bien que le taux de pr\u00e9l\u00e8vement obligatoire soit d\u00e9j\u00e0 de seulement 17,5 % aux \u00c9tats-Unis, soit l&rsquo;un des plus bas de l&rsquo;OCDE \u2013 alors qu&rsquo;ils ont d\u00e9j\u00e0 un d\u00e9ficit public de l&rsquo;ordre de 7 % du PIB et une dette qui est sur une trajectoire insoutenable. Ils ont besoin de recettes. Donc ils ne peuvent pas mettre des droits de douane \u00e0 z\u00e9ro.<\/p>\n<blockquote class=\"ap-StoryQuote ap-StoryQuote--pullquote\"><p>guillement<\/p>\n<p class=\"ap-StoryQuote-text\">\u00ab\u00a0Il y a une vraie inqui\u00e9tude. Et une fois que le doute s&rsquo;installe, c&rsquo;est difficile de faire marche arri\u00e8re.\u00a0\u00bb<\/p>\n<\/blockquote>\n<p class=\"ap-StoryElement ap-StoryElement--mb ap-StoryText\"><b>Ses plans sont-ils farfelus ?<\/b><\/p>\n<p class=\"ap-StoryElement ap-StoryElement--mb ap-StoryText\">Oui. Farfelus mais pas impossibles. Et il change d&rsquo;avis. Il dit un jour qu&rsquo;il ne va pas virer Jerome Powell (le pr\u00e9sident de la Fed, NdlR), puis il dit qu&rsquo;il sait mieux que Powell ce qu&rsquo;il faut faire\u2026 Combien de temps cela va-t-il durer ? Je n&rsquo;aurais d&rsquo;ailleurs jamais imagin\u00e9 recevoir autant de questions, de clients ou de partenaires, discutant s\u00e9rieusement de la s\u00fbret\u00e9 du dollar. Il y a une vraie inqui\u00e9tude. Et une fois que le doute s&rsquo;installe, c&rsquo;est difficile de faire marche arri\u00e8re.<\/p>\n<blockquote class=\"ap-StoryQuote ap-StoryQuote--pullquote\"><p>guillement<\/p>\n<p class=\"ap-StoryQuote-text\">\u00ab\u00a0Il y a une vraie inqui\u00e9tude. Et une fois que le doute s&rsquo;installe, c&rsquo;est difficile de faire marche arri\u00e8re.\u00a0\u00bb<\/p>\n<\/blockquote>\n<p class=\"ap-StoryElement ap-StoryElement--mb ap-StoryText\"><b>Le v\u00e9ritable contre-pouvoir \u00e0 Trump, est-ce celui de l&rsquo;argent, des march\u00e9s ? C&rsquo;est ce qui cela qui peut faire plier le pr\u00e9sident am\u00e9ricain ?<\/b><\/p>\n<p class=\"ap-StoryElement ap-StoryElement--mb ap-StoryText\">Pendant son premier mandat, le pr\u00e9sident Trump s&rsquo;\u00e9tait montr\u00e9 beaucoup plus sensible aux variations de la Bourse. Et c&rsquo;est d&rsquo;ailleurs ce qui avait motiv\u00e9 beaucoup d&rsquo;\u00e9lecteurs \u00e0 voter pour Trump. Les gens se disaient \u00ab\u00a0je n&rsquo;appr\u00e9cie pas beaucoup sa personne mais, pendant son premier mandat, il n&rsquo;a finalement pas g\u00e9r\u00e9 l&rsquo;\u00e9conomie si mal que cela. Et s&rsquo;il faisait une b\u00eatise, le march\u00e9 des actions d\u00e9vissait et il faisait marche arri\u00e8re\u00a0\u00bb. Mais l\u00e0, de toute \u00e9vidence, le raisonnement est diff\u00e9rent. La bourse am\u00e9ricaine sous-performe les march\u00e9s d&rsquo;actions du monde entier de mani\u00e8re massive. Et malgr\u00e9 \u00e7a, Trump s&rsquo;ent\u00eate dans son agenda. Mais c&rsquo;est quand m\u00eame jouer avec le feu. Parce que l\u00e0, on a eu un \u00e9pisode de 48 heures o\u00f9, effectivement, les taux longs des obligations am\u00e9ricaines sont pass\u00e9s de 4,5 \u00e0 presque 5 %. Mais on pourrait aussi avoir cela en mouvement acc\u00e9l\u00e9r\u00e9, avec une panique et la demande \u00e0 la Fed d&rsquo;entrer dans le jeu. Et compte tenu du r\u00f4le essentiel du march\u00e9 des obligations am\u00e9ricaines pour le syst\u00e8me financier international, s&rsquo;il y a un accident aux \u00c9tats-Unis, le monde entier sera impact\u00e9.<\/p>\n<blockquote class=\"ap-StoryQuote ap-StoryQuote--pullquote\"><p>guillement<\/p>\n<p class=\"ap-StoryQuote-text\">\u00ab\u00a0Malgr\u00e9 \u00e7a, Trump s&rsquo;ent\u00eate dans son agenda. C&rsquo;est quand m\u00eame jouer avec le feu.\u00a0\u00bb<\/p>\n<\/blockquote>\n<p class=\"ap-StoryElement ap-StoryElement--mb ap-StoryText\"><b>Les droits de douane suppl\u00e9mentaires parviendront-ils \u00e0 financer les baisses d&rsquo;imp\u00f4ts promises par Trump ? Les \u00e9conomistes disent que non\u2026<\/b><\/p>\n<p class=\"ap-StoryElement ap-StoryElement--mb ap-StoryText\">Les tarifs qui ont \u00e9t\u00e9 mis en place jusqu&rsquo;\u00e0 maintenant appliqu\u00e9s au volume d&rsquo;importations \u00e0 fin 2024 pourraient rapporter de l&rsquo;ordre de 2 000 milliards de dollars suppl\u00e9mentaires aux \u00c9tats-Unis au cours des 10 prochaines ann\u00e9es. Et les projets de baisses d&rsquo;imp\u00f4t pr\u00e9vues par le Congr\u00e8s repr\u00e9sentent un montant entre 5 500 et 6 000 milliards de dollars sur 10 ans. Donc il y a un trou important. Pour l&rsquo;instant, les march\u00e9s ne se sont pas pr\u00e9occup\u00e9s du tout de cette arithm\u00e9tique budg\u00e9taire, parce que toute l&rsquo;attention a \u00e9t\u00e9 concentr\u00e9e sur les tarifs douaniers et la bataille contre la Fed. Le probl\u00e8me, c&rsquo;est que lorsque l&rsquo;attention commencera \u00e0 se refocaliser sur l&rsquo;arithm\u00e9tique budg\u00e9taire, cela risque aussi d&rsquo;\u00eatre compliqu\u00e9.<\/p>\n<p class=\"ap-StoryElement ap-StoryElement--mb ap-StoryText\"><b>L&rsquo;Allemagne a chang\u00e9 de philosophie budg\u00e9taire, avec son plan de 1 000 milliards de r\u00e9investissements dans les infrastructures, les d\u00e9penses publiques\u2026 N&rsquo;est-ce pas une dangereux sur le plan budg\u00e9taire ? Ou est-ce une politique keyn\u00e9sienne de relance ?<\/b><\/p>\n<p class=\"ap-StoryElement ap-StoryElement--mb ap-StoryText\">Non, ce n&rsquo;est pas keyn\u00e9sien. C&rsquo;\u00e9tait vital de faire cela. Il y aura un impact de type keyn\u00e9sien mais ces 1 000 milliards correspondent grosso modo aux sous-investissements publics d\u00e9ploy\u00e9s par l&rsquo;Allemagne au cours des 5-10 derni\u00e8res ann\u00e9es. Il suffit de voyager un petit peu en Allemagne pour le constater. Tous les Allemands vous diront que l&rsquo;\u00e9tat des infrastructures publiques est catastrophique. L&rsquo;\u00e9tat de la D\u00e9fense est catastrophique, certains avions n&rsquo;arrivent pas \u00e0 voler\u2026 Il s&rsquo;agit donc d&rsquo;un rattrapage n\u00e9cessaire mais qui, surtout, devrait augmenter le potentiel de croissance en rem\u00e9diant \u00e0 des d\u00e9ficiences d&rsquo;infrastructures qui n&rsquo;auraient pas d\u00fb exister, compte tenu de la marge de man\u0153uvre budg\u00e9taire que l&rsquo;Allemagne avait.<\/p>\n<blockquote class=\"ap-StoryQuote ap-StoryQuote--pullquote\"><p>guillement<\/p>\n<p class=\"ap-StoryQuote-text\">\u00ab\u00a0L&rsquo;\u00e9tat de la D\u00e9fense allemande est catastrophique.\u00a0\u00bb<\/p>\n<\/blockquote>\n<p class=\"ap-StoryElement ap-StoryElement--mb ap-StoryText\"><b>Dans quelle mesure le reste de la zone euro pourrait-il b\u00e9n\u00e9ficier de cette ouverture des vannes budg\u00e9taires en Allemagne ?<\/b><\/p>\n<p class=\"ap-StoryElement ap-StoryElement--mb ap-StoryText\">Cela d\u00e9pend des degr\u00e9s d&rsquo;int\u00e9gration des \u00e9conomies avec l&rsquo;Allemagne. Mais clairement, la France ou la Belgique, qui ont beaucoup d&rsquo;\u00e9changes avec l&rsquo;Allemagne, en b\u00e9n\u00e9ficieront plus que d&rsquo;autres, comme l&rsquo;Espagne ou le Portugal, qui en ont moins. Ceci dit, l&rsquo;Allemagne est la plus grosse \u00e9conomie de l&rsquo;UE et quand la croissance allemande va bien, tout le monde en profite.<\/p>\n<p>\u00ab\u00a0Il faut mettre en place une banque europ\u00e9enne du r\u00e9armement\u00a0\u00bb<\/p>\n<p class=\"ap-StoryElement ap-StoryElement--mb ap-StoryText\"><b>Vous avez appel\u00e9 \u00e0 la cr\u00e9ation d&rsquo;une banque de r\u00e9armement europ\u00e9enne\u2026<\/b><\/p>\n<p class=\"ap-StoryElement ap-StoryElement--mb ap-StoryText\">Le plan de D\u00e9fense europ\u00e9en, c&rsquo;est vraiment un enjeu majeur pour les ann\u00e9es \u00e0 venir. Le sc\u00e9nario de base qu&rsquo;ont l&rsquo;air de faire les d\u00e9cideurs en la mati\u00e8re, c&rsquo;est que l&rsquo;Europe a entre 5 et 10 ans devant elle pour se mettre \u00e0 niveau. Mais il y a aussi des sc\u00e9narios o\u00f9 cette mise \u00e0 niveau doit se faire \u00ab\u00a0tout de suite\u00a0\u00bb. En cette mati\u00e8re, d\u00e9cider de d\u00e9penser davantage et d&#8217;emprunter, c&rsquo;est la partie simple du probl\u00e8me. Mais le v\u00e9ritable sujet, c&rsquo;est comment d\u00e9penser utile, comment coordonner les d\u00e9penses. Car pour l&rsquo;instant, chaque minist\u00e8re de la D\u00e9fense a sa liste d&rsquo;\u00e9quipements qu&rsquo;il a envie d&rsquo;acheter, de d\u00e9penses, etc. Mais personne ne se demande : \u00ab\u00a0Est-ce que cela fait sens ?\u00a0\u00bb. Pour cela, il faut mettre en place un processus et j&rsquo;ai \u00e9voqu\u00e9 l&rsquo;id\u00e9e d&rsquo;une banque europ\u00e9enne du r\u00e9armement. Car on ne peut pas se contenter d&rsquo;avoir 27 plans parall\u00e8les suppl\u00e9mentaires de D\u00e9fense.<\/p>\n<p class=\"ap-StoryElement ap-StoryElement--mb ap-StoryText\"><b>L&rsquo;entente entre les pays est-elle possible, alors que chacun veut garder ses industries cl\u00e9s ? On voit des tensions entre France et Allemagne \u00e0 ce propos\u2026<\/b><\/p>\n<p class=\"ap-StoryElement ap-StoryElement--mb ap-StoryText\">L&rsquo;entente est vitale et indispensable. Et c&rsquo;est bien pour cela qu&rsquo;une telle concertation a commenc\u00e9 \u00e0 impliquer \u00e0 la fois les ministres des Finances et de la D\u00e9fense. La hantise des ministres des Finances, c&rsquo;est d&rsquo;imaginer qu&rsquo;on va faire des ch\u00e8ques en blanc \u00e0 tous les ministres de la D\u00e9fense qui, ensuite, vont faire des achats qui co\u00fbteront cher et qui ne serviront \u00e0 rien. Au contraire, il faut mettre en place la machinerie administrative pour que ces d\u00e9cisions se prennent en concertation.<\/p>\n<blockquote class=\"ap-StoryQuote ap-StoryQuote--pullquote\"><p>guillement<\/p>\n<p class=\"ap-StoryQuote-text\">\u00ab\u00a0La hantise des ministres des Finances, c&rsquo;est d&rsquo;imaginer qu&rsquo;on va faire des ch\u00e8ques en blanc \u00e0 tous les ministres de la D\u00e9fense qui, ensuite, vont faire des achats qui co\u00fbteront cher et qui ne serviront \u00e0 rien.\u00a0\u00bb<\/p>\n<\/blockquote>\n<p class=\"ap-StoryElement ap-StoryElement--mb ap-StoryText\"><b>En France, comment voyez-vous \u00e9voluer la situation \u00e9conomique apr\u00e8s le deuxi\u00e8me mandat de Macron, apr\u00e8s les \u00e9lections de 2027 ? On a d\u00e9j\u00e0 connu d&rsquo;importants remous lors des derni\u00e8res l\u00e9gislatives\u2026<\/b><\/p>\n<p class=\"ap-StoryElement ap-StoryElement--mb ap-StoryText\">Je n&rsquo;ai pas de boule de cristal. Mais l&rsquo;ann\u00e9e derni\u00e8re a \u00e9t\u00e9 tr\u00e8s compliqu\u00e9e pour l&rsquo;\u00e9conomie fran\u00e7aise pour des raisons politiques. La France est, parmi les pays europ\u00e9ens, celui qui a l&rsquo;effort de consolidation budg\u00e9taire le plus important \u00e0 faire. Cela va \u00eatre un frein \u00e0 la croissance \u00e0 l&rsquo;horizon des cinq prochaines ann\u00e9es, il ne faut pas se mentir. Mais \u00e0 pr\u00e9sent, l&rsquo;effet Trump est plut\u00f4t disciplinant, en ce sens qu&rsquo;il a cr\u00e9\u00e9 vraiment une conscience g\u00e9n\u00e9ralis\u00e9e \u00e0 travers les partis politiques et l&rsquo;opinion publique. Nous sommes dans une p\u00e9riode compliqu\u00e9e au niveau mondial, \u00e0 la fois \u00e9conomiquement et surtout g\u00e9opolitiquement, et il y a une prise de conscience que ce n&rsquo;est vraiment pas le moment de mettre la pagaille. Et je pense que cela augmente les chances qu&rsquo;on arrive jusqu&rsquo;\u00e0 l&rsquo;\u00e9lection pr\u00e9sidentielle de 2027 sans avoir de secousses trop compliqu\u00e9es \u00e0 g\u00e9rer pour l&rsquo;\u00e9conomie.<\/p>\n<p><a href=\"https:\/\/www.lalibre.be\/economie\/conjoncture\/2025\/04\/30\/voici-une-statistique-qui-va-mettre-de-mechante-humeur-donald-trump-le-pib-americain-est-en-recul-7JRREUA3XRBIXPRJLHG7PZ3WNE\/\" target=\"_blank\" rel=\"noopener noreferrer nofollow\" class=\"ap-StoryInterstitialLink ap-StoryElement ap-StoryElement--mb\">Douche froide pour Donald Trump: le PIB am\u00e9ricain est en recul<\/a><\/p>\n<p class=\"ap-StoryElement ap-StoryElement--mb ap-StoryText\"><b>Donc l&rsquo;effet Trump est favorable \u00e0 la France. Et m\u00eame au monde entier, \u00e0 l&rsquo;exception\u2026 des \u00c9tats-Unis ?<\/b><\/p>\n<p class=\"ap-StoryElement ap-StoryElement--mb ap-StoryText\">C&rsquo;est exactement cela. Prenez, par exemple, la Chine, qui \u00e9tait dans une situation compliqu\u00e9e, la croissance avait du plomb dans l&rsquo;aile, les pouvoirs publics avaient du mal \u00e0 se d\u00e9cider, \u00e0 mettre en place les mesures qui pourraient faire une diff\u00e9rence. Et l\u00e0, d&rsquo;un seul coup, le pays entier est uni derri\u00e8re le pr\u00e9sident Xi Jinping pour dire que voil\u00e0, on est en guerre contre les \u00c9tats-Unis, il faut se d\u00e9fendre. Donc oui, c&rsquo;est vrai, cet effet Trump b\u00e9n\u00e9ficie de fa\u00e7on diverse un petit peu \u00e0 tous les pays du monde.<\/p>\n<p class=\"ap-StoryElement ap-StoryElement--mb ap-StoryText\"><b>Vous plaidez pour favoriser le libre-\u00e9change avec le Royaume-Uni. On oublie le Brexit ?<\/b><\/p>\n<p class=\"ap-StoryElement ap-StoryElement--mb ap-StoryText\">Ni le Royaume-Uni ni l&rsquo;Union europ\u00e9enne n&rsquo;envisagent un retour du pays dans l&rsquo;UE. Mais les deux \u00e9conomies b\u00e9n\u00e9ficieraient \u00e0 accro\u00eetre leurs \u00e9changes, oui.<\/p>\n<p class=\"ap-StoryElement ap-StoryElement--mb ap-StoryText\"><b>Le Royaume-Uni a longtemps \u00e9t\u00e9 un partenaire important pour les \u00c9tats-Unis. Parfois \u00ab\u00a0l&rsquo;idiot utile\u00a0\u00bb, si on veut \u00eatre provocateur\u2026 Ce n&rsquo;est plus le cas ? On peut compter sur eux, en Europe ?<\/b><\/p>\n<p class=\"ap-StoryElement ap-StoryElement--mb ap-StoryText\">Je ne vais pas reprendre \u00e0 mon compte cette expression mais il est clair qu&rsquo;en mati\u00e8re de D\u00e9fense, le Royaume-Uni est sur une position plus fiable que les \u00c9tats-Unis, actuellement, et sur les mati\u00e8res \u00e9conomiques \u00e9galement. Et g\u00e9ographiquement et socialement, il reste un partenaire plus proche de l&rsquo;UE que des \u00c9tats-Unis.<\/p>\n","protected":false},"excerpt":{"rendered":"Vous revenez de Washington. Quelle \u00e9tait l&rsquo;ambiance ? L&rsquo;ambiance \u00e9tait soucieuse, aux assembl\u00e9es annuelles du FMI, et ce&hellip;\n","protected":false},"author":2,"featured_media":71144,"comment_status":"","ping_status":"","sticky":false,"template":"","format":"standard","meta":{"footnotes":""},"categories":[1586],"tags":[11,17361,828,9999,10001,2360,1003,17362,5808,1777,674,17363,17364,1011,27,17365,3784,17366,12,8552,7498,9024,316,17367,25,801,104,5321,17368,17369],"class_list":{"0":"post-71143","1":"post","2":"type-post","3":"status-publish","4":"format-standard","5":"has-post-thumbnail","7":"category-europe","8":"tag-actualites","9":"tag-begroting","10":"tag-belgique","11":"tag-belgium","12":"tag-brussels","13":"tag-bruxelles","14":"tag-budget","15":"tag-capital","16":"tag-capitale","17":"tag-eu","18":"tag-europe","19":"tag-european-parliament","20":"tag-federal","21":"tag-fr","22":"tag-france","23":"tag-minister","24":"tag-ministre","25":"tag-mr","26":"tag-news","27":"tag-parlement-europeen","28":"tag-plateau","29":"tag-politics","30":"tag-politique","31":"tag-qr","32":"tag-republique-francaise","33":"tag-social","34":"tag-societe","35":"tag-society","36":"tag-tray","37":"tag-wilmes-sophie"},"share_on_mastodon":{"url":"https:\/\/pubeurope.com\/@fr\/114442469743964886","error":""},"_links":{"self":[{"href":"https:\/\/www.europesays.com\/fr\/wp-json\/wp\/v2\/posts\/71143","targetHints":{"allow":["GET"]}}],"collection":[{"href":"https:\/\/www.europesays.com\/fr\/wp-json\/wp\/v2\/posts"}],"about":[{"href":"https:\/\/www.europesays.com\/fr\/wp-json\/wp\/v2\/types\/post"}],"author":[{"embeddable":true,"href":"https:\/\/www.europesays.com\/fr\/wp-json\/wp\/v2\/users\/2"}],"replies":[{"embeddable":true,"href":"https:\/\/www.europesays.com\/fr\/wp-json\/wp\/v2\/comments?post=71143"}],"version-history":[{"count":0,"href":"https:\/\/www.europesays.com\/fr\/wp-json\/wp\/v2\/posts\/71143\/revisions"}],"wp:featuredmedia":[{"embeddable":true,"href":"https:\/\/www.europesays.com\/fr\/wp-json\/wp\/v2\/media\/71144"}],"wp:attachment":[{"href":"https:\/\/www.europesays.com\/fr\/wp-json\/wp\/v2\/media?parent=71143"}],"wp:term":[{"taxonomy":"category","embeddable":true,"href":"https:\/\/www.europesays.com\/fr\/wp-json\/wp\/v2\/categories?post=71143"},{"taxonomy":"post_tag","embeddable":true,"href":"https:\/\/www.europesays.com\/fr\/wp-json\/wp\/v2\/tags?post=71143"}],"curies":[{"name":"wp","href":"https:\/\/api.w.org\/{rel}","templated":true}]}}