{"id":71147,"date":"2025-05-03T06:25:10","date_gmt":"2025-05-03T06:25:10","guid":{"rendered":"https:\/\/www.europesays.com\/fr\/71147\/"},"modified":"2025-05-03T06:25:10","modified_gmt":"2025-05-03T06:25:10","slug":"presque-toute-la-france-est-placee-en-vigilance-ce-samedi-voici-a-quoi-sattendre","status":"publish","type":"post","link":"https:\/\/www.europesays.com\/fr\/71147\/","title":{"rendered":"presque toute la France est plac\u00e9e en vigilance ce samedi, voici \u00e0 quoi s&rsquo;attendre"},"content":{"rendered":"<p>            Par<br \/>\n        <strong><br \/>\n            <a href=\"https:\/\/actu.fr\/auteur\/redaction-actu\" title=\"Consulter tous les articles de R\u00e9daction Actu\" target=\"_blank\" rel=\"noopener\">R\u00e9daction Actu<\/a><br \/>\n        <\/strong><\/p>\n<p>        Publi\u00e9 le<\/p>\n<p>            2 mai 2025 \u00e0 16h12<br \/>\n        ; mis \u00e0 jour le 3 mai 2025 \u00e0 7h20    <\/p>\n<p>Apr\u00e8s le coup de chaud, voici les orages. Vous \u00e9tiez nombreux <a href=\"https:\/\/actu.fr\/meteo\/un-1er-mai-digne-d-aout-plus-de-31-c-dans-le-nord-de-la-france-la-foule-envahit-les-plages_62587516.html\" target=\"_blank\" rel=\"noopener\">\u00e0 profiter du soleil et des temp\u00e9ratures estivales<\/a> ce 1er mai, mais sachez que <a href=\"https:\/\/actu.fr\/meteo\/violents-orages-ce-week-end-puis-air-polaire-un-impressionnant-changement-de-temps-va-secouer-la-france_62586962.html\" target=\"_blank\" rel=\"noopener\">ce beau temps ne va pas durer<\/a> ce week-end.<\/p>\n<p class=\" wall-content\">M\u00e9t\u00e9o France a plac\u00e9 85 d\u00e9partements en vigilance jaune ce samedi 3 mai 2025, pour orages. Parmi eux, six sont aussi en vigilance avalanches. Voici les pr\u00e9visions.<\/p>\n<p>Les d\u00e9partements en vigilance<\/p>\n<p>Ain\u00a0\t:\tOrages<br \/>Aisne\u00a0\t:\tOrages<br \/>Allier\u00a0\t:\tOrages<br \/>Alpes-de-Haute-Provence\u00a0\t:\tOrages, Avalanches<br \/>Hautes-Alpes\u00a0\t:\tOrages, Avalanches<br \/>Alpes-Maritimes\u00a0\t:\tOrages, Avalanches<br \/>Ardennes\u00a0\t:\tOrages<br \/>Ari\u00e8ge\u00a0\t:\tOrages<br \/>Aube\u00a0\t:\tOrages<br \/>Aveyron\t:\tOrages<br \/>Bouches-du-Rh\u00f4ne\t:\tOrages<br \/>Calvados\t:\tOrages<br \/>Cantal\t:\tOrages<br \/>Corr\u00e8ze\t:\tOrages<br \/>Corse-du-Sud\u00a0\t:\tOrages<br \/>Haute-Corse\t:\tOrages<br \/>C\u00f4te-d&rsquo;Or\t:\tOrages<br \/>C\u00f4tes d&rsquo;Armor\t:\tOrages<br \/>Creuse\t:\tOrages<br \/>Dordogne\t:\tOrages<br \/>Doubs\t:\tOrages<br \/>Dr\u00f4me\t:\tOrages<br \/>Eure\t:\tOrages<br \/>Eure-et-Loir\t:\tOrages<br \/>Finist\u00e8re\t:\tOrages<br \/>Gard\t:\tOrages<br \/>Haute-Garonne\t:\tOrages<br \/>Gers\t:\tOrages<br \/>H\u00e9rault\t:\tOrages<br \/>Ille-et-Vilaine\t:\tOrages<br \/>Indre-et-Loire\u00a0\t:\tOrages<br \/>Is\u00e8re\t:\tOrages, Avalanches<br \/>Jura\t:\tOrages<br \/>Landes\t:\tOrages<br \/>Loir-et-Cher\t:\tOrages<br \/>Loire\t:\tOrages<br \/>Haute-Loire\t:\tOrages<br \/>Loire-Atlantique\t:\tOrages<br \/>Loiret\t:\tOrages<br \/>Lot\t:\tOrages<br \/>Lot-et-Garonne\t:\tOrages<br \/>Loz\u00e8re\t:\tOrages<br \/>Maine-et-Loire\t:\tOrages<br \/>Manche\t:\tOrages<br \/>Marne\t:\tOrages<br \/>Haute-Marne\t:\tOrages<br \/>Mayenne\t:\tOrages<br \/>Meurthe-et-Moselle\t:\tOrages<br \/>Meuse\t:\tOrages<br \/>Morbihan\t:\tOrages<br \/>Moselle\t:\tOrages<br \/>Ni\u00e8vre\t:\tOrages<br \/>Nord\t:\tOrages<br \/>Oise\t:\tOrages<br \/>Orne\t:\tOrages<br \/>Pas-de-Calais\t:\tOrages<br \/>Puy-de-D\u00f4me\t:\tOrages<br \/>Pyr\u00e9n\u00e9es-Atlantiques\t:\tOrages<br \/>Hautes-Pyr\u00e9n\u00e9es\t:\tOrages<br \/>Bas-Rhin\t:\tOrages<br \/>Haut-Rhin\t:\tOrages<br \/>Rh\u00f4ne\t:\tOrages<br \/>Haute-Sa\u00f4ne\t:\tOrages<br \/>Sa\u00f4ne-et-Loire\t:\tOrages<br \/>Sarthe\t:\tOrages<br \/>Savoie\t:\tOrages, Avalanches<br \/>Haute-Savoie\t:\tOrages, Avalanches<br \/>Paris\t:\tOrages<br \/>Seine-Maritime\t:\tOrages<br \/>Seine-et-Marne\t:\tOrages<br \/>Yvelines\t:\tOrages<br \/>Somme\t:\tOrages<br \/>Tarn\t:\tOrages<br \/>Tarn-et-Garonne\t:\tOrages<br \/>Var\t:\tOrages<br \/>Vaucluse\t:\tOrages<br \/>Haute-Vienne\t:\tOrages<br \/>Vosges\t:\tOrages<br \/>Yonne\t:\tOrages<br \/>Terr. de Belfort\t:\tOrages<br \/>Essonne\t:\tOrages<br \/>Hauts-de-Seine\t:\tOrages<br \/>Seine-St-Denis\t:\tOrages<br \/>Val-de-Marne\t:\tOrages<br \/>Val-D&rsquo;Oise\t:\tOrages<\/p>\n<p>Un temps instable et orageux<\/p>\n<p class=\" wall-content\">Une d\u00e9pression, en provenance de la p\u00e9ninsule Ib\u00e9rique, remonte ce samedi vers le sud de la France, apportant un temps instable et orageux et une nette baisse des temp\u00e9ratures, <a href=\"https:\/\/meteofrance.com\/actualites-et-dossiers\/actualites\/-week-end-marque-par-des-orages-parfois-forts-et-chute-des-temperatures\" target=\"_blank\" rel=\"noopener\">indique M\u00e9t\u00e9o France<\/a>.<\/p>\n<p>      <img   decoding=\"async\" loading=\"lazy\" src=\"https:\/\/www.europesays.com\/fr\/wp-content\/uploads\/2025\/05\/capture-decran-2025-05-02-155559-960x640.png\" alt=\"Les zones o\u00f9 les orages devraient \u00e9clater entre vendredi 2 mai et samedi 3 mai 2025. \" width=\"960\" height=\"640\"\/><br \/>\n    Les zones o\u00f9 les orages devraient \u00e9clater entre le vendredi 2\u00a0mai et le samedi 3\u00a0mai 2025. (\u00a9WeatherNCo avec Meteologix)Vid\u00e9os : en ce moment sur Actu<\/p>\n<p class=\" wall-content\"><strong>Samedi matin, des pluies localement orageuses<\/strong> se mettent en place de la Bretagne aux Hauts-de-France, ainsi que sur le Grand Est. Une seconde d\u00e9gradation orageuse se d\u00e9veloppe dans l\u2019apr\u00e8s-midi, des Pyr\u00e9n\u00e9es jusqu\u2019au Massif central, avant de s\u2019\u00e9tendre en soir\u00e9e vers la r\u00e9gion Rh\u00f4ne-Alpes et la Bourgogne\/Franche-Comt\u00e9. Ils peuvent donner un peu de gr\u00eale.<\/p>\n<blockquote class=\"ac-article-quote wall-content\">\n<p>Du Languedoc-Roussillon jusqu&rsquo;aux Alpes et en Corse, l\u00e0 aussi le ciel est tr\u00e8s nuageux, avec quelques ond\u00e9es possibles le matin, des averses un peu plus marqu\u00e9es ensuite, parfois orageuses sur le massif alpin.<\/p>\n<p>    <strong>M\u00e9t\u00e9o France<\/strong>\n            <\/p><\/blockquote>\n<p>De fortes pluies dimanche<\/p>\n<p class=\" wall-content\">Les temp\u00e9ratures, elles, seront en baisse. I<strong>l fera 17 \u00e0 22\u00a0\u00b0C dans les Hauts-de-France<\/strong>, pr\u00e8s de la Manche et aux abords des fronti\u00e8res du nord. Les valeurs restent toutefois encore tr\u00e8s douces pour la saison sur les autres r\u00e9gions, avec g\u00e9n\u00e9ralement 23 \u00e0 28\u00a0\u00b0C, soit 5 \u00e0 7 degr\u00e9s au-dessus des normales.<\/p>\n<p class=\" wall-content\">Dimanche, une perturbation, accompagn\u00e9e d\u2019un ciel couvert et de pluies parfois soutenues, s\u2019\u00e9tend du sud de la Bretagne et des Pays de la Loire jusqu\u2019au Grand Est. Sur la moiti\u00e9 sud, les orages se multiplient et les averses s\u2019intensifient, d\u2019abord des Pyr\u00e9n\u00e9es au Massif central, puis en direction de l\u2019Auvergne\/Rh\u00f4ne-Alpes, mais aussi sur l\u2019\u00eele de Beaut\u00e9.<\/p>\n<p class=\" wall-content\">Suivez toute l\u2019actualit\u00e9 de vos villes et m\u00e9dias favoris en vous inscrivant \u00e0 <a href=\"https:\/\/moncompte.actu.fr\" title=\"D\u00e9couvez Mon Actu\" rel=\"nofollow noopener\" data-trk=\"{&quot;cta&quot;:{&quot;action&quot;:&quot;https:\\\/\\\/moncompte.actu.fr&quot;,&quot;category&quot;:&quot;mon compte&quot;,&quot;from&quot;:&quot;article footer&quot;,&quot;name&quot;:&quot;Mon actu&quot;,&quot;type&quot;:&quot;cta&quot;}}\" target=\"_blank\">Mon Actu<\/a>.<\/p>\n","protected":false},"excerpt":{"rendered":"Par R\u00e9daction Actu Publi\u00e9 le 2 mai 2025 \u00e0 16h12 ; mis \u00e0 jour le 3 mai 2025&hellip;\n","protected":false},"author":2,"featured_media":71148,"comment_status":"","ping_status":"","sticky":false,"template":"","format":"standard","meta":{"footnotes":""},"categories":[2],"tags":[11,1011,27,2487,2357,12,4594,25],"class_list":{"0":"post-71147","1":"post","2":"type-post","3":"status-publish","4":"format-standard","5":"has-post-thumbnail","7":"category-actualites","8":"tag-actualites","9":"tag-fr","10":"tag-france","11":"tag-meteo","12":"tag-meteo-france","13":"tag-news","14":"tag-orages","15":"tag-republique-francaise"},"share_on_mastodon":{"url":"https:\/\/pubeurope.com\/@fr\/114442477454359548","error":""},"_links":{"self":[{"href":"https:\/\/www.europesays.com\/fr\/wp-json\/wp\/v2\/posts\/71147","targetHints":{"allow":["GET"]}}],"collection":[{"href":"https:\/\/www.europesays.com\/fr\/wp-json\/wp\/v2\/posts"}],"about":[{"href":"https:\/\/www.europesays.com\/fr\/wp-json\/wp\/v2\/types\/post"}],"author":[{"embeddable":true,"href":"https:\/\/www.europesays.com\/fr\/wp-json\/wp\/v2\/users\/2"}],"replies":[{"embeddable":true,"href":"https:\/\/www.europesays.com\/fr\/wp-json\/wp\/v2\/comments?post=71147"}],"version-history":[{"count":0,"href":"https:\/\/www.europesays.com\/fr\/wp-json\/wp\/v2\/posts\/71147\/revisions"}],"wp:featuredmedia":[{"embeddable":true,"href":"https:\/\/www.europesays.com\/fr\/wp-json\/wp\/v2\/media\/71148"}],"wp:attachment":[{"href":"https:\/\/www.europesays.com\/fr\/wp-json\/wp\/v2\/media?parent=71147"}],"wp:term":[{"taxonomy":"category","embeddable":true,"href":"https:\/\/www.europesays.com\/fr\/wp-json\/wp\/v2\/categories?post=71147"},{"taxonomy":"post_tag","embeddable":true,"href":"https:\/\/www.europesays.com\/fr\/wp-json\/wp\/v2\/tags?post=71147"}],"curies":[{"name":"wp","href":"https:\/\/api.w.org\/{rel}","templated":true}]}}