{"id":71155,"date":"2025-05-03T06:30:15","date_gmt":"2025-05-03T06:30:15","guid":{"rendered":"https:\/\/www.europesays.com\/fr\/71155\/"},"modified":"2025-05-03T06:30:15","modified_gmt":"2025-05-03T06:30:15","slug":"super-xiii-romain-puso-jai-toujours-donne-le-maximum-pour-revenir-au-plus-vite-rugby-a-xiii","status":"publish","type":"post","link":"https:\/\/www.europesays.com\/fr\/71155\/","title":{"rendered":"Super XIII &#8211; Romain Puso : \u00ab\u00a0J&rsquo;ai toujours donn\u00e9 le maximum pour revenir au plus vite\u00a0\u00bb &#8211; Rugby \u00e0 XIII"},"content":{"rendered":"<p style=\"text-align: justify;\"><strong>Romain Puso, centre de Limoux, revient sur ses blessures et \u00e9voque les phases finales en Super XIII.<\/strong><\/p>\n<p style=\"text-align: justify;\"><strong>Tout d\u2019abord, comment te sens-tu mentalement et physiquement ?<\/strong><\/p>\n<p style=\"text-align: justify;\">Cela fait maintenant plusieurs semaines que j\u2019ai repris la comp\u00e9tition, \u00e7a a \u00e9t\u00e9 tr\u00e8s long, presque deux ans sans jouer. Mentalement \u00e7a fait beaucoup de bien, ce n\u2019est pas facile, on se sent \u00e0 l\u2019\u00e9cart du groupe quand on ne joue pas, j\u2019avais vraiment \u00e0 c\u0153ur de reprendre avec mes amis et le club de ma ville.<\/p>\n<p style=\"text-align: justify;\"><strong>Tu encha\u00eenes les blessures depuis plusieurs saisons, comment expliques-tu cela ?<\/strong><\/p>\n<p style=\"text-align: justify;\">Je me suis fait une rupture des ligaments crois\u00e9s en avril 2023 contre Albi. Puis en mai 2024, suite \u00e0 des complications lors de la r\u00e9\u00e9ducation, j\u2019ai d\u00fb \u00eatre \u00e0 nouveau op\u00e9r\u00e9, pour finalement reprendre fin janvier 2025. Il n\u2019y a pas forc\u00e9ment d\u2019explication \u00e0 cela, je pense que ce sont de grosses blessures qui ne pr\u00e9viennent pas, j\u2019ai toujours donn\u00e9 le maximum pour revenir au plus vite.<\/p>\n<p style=\"text-align: justify;\"><strong>Un doubl\u00e9 mais une entame tr\u00e8s compliqu\u00e9e, comment expliques-tu la performance de l\u2019\u00e9quipe et comment vois-tu ta performance individuelle ? <\/strong><\/p>\n<p style=\"text-align: justify;\">Avignon a tr\u00e8s bien commenc\u00e9 son match, on savait que ce serait le cas, au vu de son dernier match \u00e0 domicile et la retraite d\u2019un joueur embl\u00e9matique. Nous avons au contraire loup\u00e9 notre entame, puis petit \u00e0 petit avec plus de lucidit\u00e9, nous avons repris le dessus, il faut retenir la belle r\u00e9action de l\u2019\u00e9quipe en \u00e9tant men\u00e9 18-0. Individuellement, je suis satisfait d\u2019avoir marqu\u00e9, mais c\u2019est collectivement que la diff\u00e9rence s\u2019est faite.<\/p>\n<p style=\"text-align: justify;\"><strong>L\u2019effectif revient au complet au meilleur moment, comment abordes-tu les phases finales ?\u00a0<\/strong><\/p>\n<p style=\"text-align: justify;\">Je les aborde positivement. Apr\u00e8s une longue convalescence, je suis d\u00e9j\u00e0 heureux d\u2019avoir retrouv\u00e9 une place dans le groupe. Maintenant la concurrence est saine et pousse chacun \u00e0 se d\u00e9passer pour avoir sa place, ce n\u2019est que du positif. Le reste, c\u2019est la loi du sport et les choix du staff.<\/p>\n<p style=\"text-align: justify;\"><strong>Qui est favori selon toi pour le titre ?<\/strong><\/p>\n<p style=\"text-align: justify;\">Carcassonne et Albi sont les deux premiers du championnat, ils ont \u00e9t\u00e9 les plus r\u00e9guliers et jouent la demi-finale \u00e0 domicile. Mais cette ann\u00e9e, tout a \u00e9t\u00e9 tr\u00e8s serr\u00e9 du d\u00e9but \u00e0 la fin, dans les phases finales tout est possible !<\/p>\n<p><strong>Treize Mondial<br \/><a href=\"https:\/\/www.facebook.com\/13Mondial\" target=\"_blank\" rel=\"noopener\"><img loading=\"lazy\" decoding=\"async\" class=\"alignnone wp-image-217097\" src=\"https:\/\/www.europesays.com\/fr\/wp-content\/uploads\/2025\/04\/logo-facebook.png\" alt=\"\" width=\"40\" height=\"40\"  \/><\/a> <a href=\"https:\/\/twitter.com\/XIIIMondial\" target=\"_blank\" rel=\"noopener\"><img loading=\"lazy\" decoding=\"async\" class=\"alignnone wp-image-217098\" src=\"https:\/\/www.europesays.com\/fr\/wp-content\/uploads\/2025\/04\/logo-twitter.png\" alt=\"\" width=\"39\" height=\"39\"  \/><\/a><\/strong><\/p>\n<p>        <script async src=\"https:\/\/platform.twitter.com\/widgets.js\" charset=\"utf-8\"><\/script><\/p>\n","protected":false},"excerpt":{"rendered":"Romain Puso, centre de Limoux, revient sur ses blessures et \u00e9voque les phases finales en Super XIII. Tout&hellip;\n","protected":false},"author":2,"featured_media":71156,"comment_status":"","ping_status":"","sticky":false,"template":"","format":"standard","meta":{"footnotes":""},"categories":[1416],"tags":[1011,27,14147,17370,479,2228,1468,2229,60,2231],"class_list":{"0":"post-71155","1":"post","2":"type-post","3":"status-publish","4":"format-standard","5":"has-post-thumbnail","7":"category-rugby","8":"tag-fr","9":"tag-france","10":"tag-limoux","11":"tag-romain-puso","12":"tag-rugby","13":"tag-rugby-a-xiii","14":"tag-rugby-football","15":"tag-rugby-league","16":"tag-sports","17":"tag-super-xiii"},"share_on_mastodon":{"url":"https:\/\/pubeurope.com\/@fr\/114442497221721769","error":""},"_links":{"self":[{"href":"https:\/\/www.europesays.com\/fr\/wp-json\/wp\/v2\/posts\/71155","targetHints":{"allow":["GET"]}}],"collection":[{"href":"https:\/\/www.europesays.com\/fr\/wp-json\/wp\/v2\/posts"}],"about":[{"href":"https:\/\/www.europesays.com\/fr\/wp-json\/wp\/v2\/types\/post"}],"author":[{"embeddable":true,"href":"https:\/\/www.europesays.com\/fr\/wp-json\/wp\/v2\/users\/2"}],"replies":[{"embeddable":true,"href":"https:\/\/www.europesays.com\/fr\/wp-json\/wp\/v2\/comments?post=71155"}],"version-history":[{"count":0,"href":"https:\/\/www.europesays.com\/fr\/wp-json\/wp\/v2\/posts\/71155\/revisions"}],"wp:featuredmedia":[{"embeddable":true,"href":"https:\/\/www.europesays.com\/fr\/wp-json\/wp\/v2\/media\/71156"}],"wp:attachment":[{"href":"https:\/\/www.europesays.com\/fr\/wp-json\/wp\/v2\/media?parent=71155"}],"wp:term":[{"taxonomy":"category","embeddable":true,"href":"https:\/\/www.europesays.com\/fr\/wp-json\/wp\/v2\/categories?post=71155"},{"taxonomy":"post_tag","embeddable":true,"href":"https:\/\/www.europesays.com\/fr\/wp-json\/wp\/v2\/tags?post=71155"}],"curies":[{"name":"wp","href":"https:\/\/api.w.org\/{rel}","templated":true}]}}