{"id":71163,"date":"2025-05-03T06:35:10","date_gmt":"2025-05-03T06:35:10","guid":{"rendered":"https:\/\/www.europesays.com\/fr\/71163\/"},"modified":"2025-05-03T06:35:10","modified_gmt":"2025-05-03T06:35:10","slug":"cyclisme-tour-de-romandie-parcours-favoris-la-4e-etape-letape-reine-a-thyon-2000","status":"publish","type":"post","link":"https:\/\/www.europesays.com\/fr\/71163\/","title":{"rendered":"Cyclisme. Tour de Romandie &#8211; Parcours, favoris&#8230; la 4e \u00e9tape, l&rsquo;\u00e9tape reine \u00e0 Thyon 2000"},"content":{"rendered":"<p>C&rsquo;est le grand jour ! La victoire finale de ce <strong>Tour de Romandie<\/strong> va probablement se jouer ce samedi \u00e0 l&rsquo;occasion d&rsquo;une courte (seulement\u00a0128,4\u00a0 km) mais tr\u00e8s difficile 4e \u00e9tape que tout le monde attend avec impatience et qui fait sans aucun doute office d&rsquo;\u00e9tape reine. Il faut dire que le programme s&rsquo;annonce tr\u00e8s copieux niveau montagne, avec quatre ascensions &#8211; dont deux de 1\u00e8re cat\u00e9gorie &#8211; \u00e0 gravir avant d&rsquo;arriver au pied du monstre de cette 78e \u00e9dition : l&rsquo;arriv\u00e9e au sommet \u00e0 la station de Thyon 2000, \u00e0 2090 m\u00e8tres d&rsquo;altitude et apr\u00e8s une terrible mont\u00e9e de 20,8 bornes \u00e0 7,6% de moyenne ! Les coureurs qui arriveront \u00e0 dompter ce juge de paix apr\u00e8s plus d&rsquo;une heure d&rsquo;effort ne devraient plus \u00eatre tr\u00e8s loin de remporter le classement g\u00e9n\u00e9ral. M\u00eame s&rsquo;il poss\u00e8de un petit matelas d&rsquo;avance sur les principaix favoris que sont <strong><a href=\"https:\/\/www.cyclismactu.net\/..\/news-cyclisme-route-tour-de-romandie-remco-evenepoel-c-etait-difficile-de-faire-quoi-que-ce-soit-87636.html\" target=\"_blank\" rel=\"noopener\">Remco Evenepoel<\/a><\/strong> (Soudal Quick-Step),\u00a0<strong><a href=\"https:\/\/www.cyclismactu.net\/..\/news-cyclisme-route-tour-de-romandie-lenny-martinez-2e-c-est-bien-mais-peux-mieux-faire-87635.html\" target=\"_blank\" rel=\"noopener\">Lenny Martinez<\/a><\/strong> (Bahrain Victorious),\u00a0<strong>Joao Almeida,\u00a0Jay Vine<\/strong>\u00a0(UAE Team Emirates-XRG) ou encore\u00a0<strong>Carlos Rodriguez<\/strong> (INEOS Grenadiers), le Fran\u00e7ais et maillot Jaune\u00a0<strong><a href=\"https:\/\/www.cyclismactu.net\/..\/news-cyclisme-route-tour-de-romandie-alex-baudin-je-n-en-demandais-pas-tant-suis-un-peu-gene-87639.html\" target=\"_blank\" rel=\"noopener\">Alex Baudin<\/a><\/strong> (EF Education-EasyPost) aura fort \u00e0 faire pour conserver sa tunique de leader \u00e0 l&rsquo;issue de cette \u00e9tape.<\/p>\n<p>Vid\u00e9o &#8211; Alex Baudin pourra-t-il encore reste en Jaune samedi ? Lire la suite de l&rsquo;article&#13;<\/p>\n<p>\u00a0<\/p>\n<p>&#13;<br \/>\nLe parcours de la 4e \u00e9tape&#13;<\/p>\n<p><strong>Samedi 3 mai<\/strong>\u00a0&#8211;\u00a0\u00c9tape 4\u00a0: Sion &#8211; Thyon 2000 \/ 128,4 km (d\u00e9part \u00e0 12h10, arriv\u00e9e vers 16h00)<\/p>\n<p>&#13;<\/p>\n<p><img decoding=\"async\" src=\"https:\/\/www.europesays.com\/fr\/wp-content\/uploads\/2025\/05\/romandie4.jpg\" style=\"max-width:100%;max-height:100%;\" alt=\"image\" loading=\"lazy\"\/><\/p>\n<p>&#13;<\/p>\n<p>\u00a0<\/p>\n<p>&#13;<br \/>\nLa startlist&#13;<\/p>\n<p><strong>1. INEOS Grenadiers<\/strong><\/p>\n<p>&#13;<\/p>\n<p>01. RODRIGUEZ Carlos<br \/>02. LANGELLOTTI Victor<br \/>03. LEONARD Michael<br \/>04. SHMIDT Artem<br \/>05. SWIFT Ben<br \/>06. THOMAS Geraint<br \/>07. WATSON Samuel<\/p>\n<p>&#13;<\/p>\n<p><strong>2. UAE Team Emirates &#8211; XRG<\/strong><br \/>11. ALMEIDA Joao<br \/>12. OLIVEIRA Ivo<br \/>13. CHRISTEN Jan<br \/>14. GROSSCHARTNER Felix<br \/>15. HERREGODTS Rune<br \/>16. TORRES Pablo<br \/>17. VINE Jay<\/p>\n<p>&#13;<\/p>\n<p><strong>3. Soudal Quick-Step<\/strong><br \/>21. EVENEPOEL Remco<br \/>22. CERNY Josef<br \/>23. EENKHOORN Pascal<br \/>24. LECERF Junior<br \/>25. PEDERSEN Casper<br \/>26. SERRY Pieter<br \/>27. VANSEVENANT Mauri<\/p>\n<p>&#13;<\/p>\n<p><strong>4. Alpecin &#8211; Deceuninck<\/strong><br \/>31. DILLIER Silvan<br \/>32. BAYER Tobias<br \/>33. DEBRUYNE Ramses<br \/>34. PRICE-PEJTERSEN Johan<br \/>35. RIESEBEEK Oscar<br \/>36. UHLIG Henri<br \/>37. VAN TRICHT Stan<\/p>\n<p>&#13;<\/p>\n<p><strong>5. Red Bull &#8211; BORA-hansgrohe<\/strong><br \/>41. VLASOV Aleksandr<br \/>42. HAJEK Alexander<br \/>43. KOCH Jonas<br \/>44. MACIEJUK Filip<br \/>45. PALZER Anton<br \/>46. SOBRERO Matteo<br \/>47. ZWIEHOFF Ben<\/p>\n<p>&#13;<\/p>\n<p><strong>6. Team Visma | Lease a Bike<\/strong><br \/>51. BRENNAN Matthew<br \/>52. GRAAT Tijmen<br \/>53. HUISING Menno<br \/>54. MCLAY Daniel<br \/>55. NORDHAGEN Jorgen<br \/>56. VAN BELLE Loe<br \/>57. VERMOTE Julien<\/p>\n<p>&#13;<\/p>\n<p><strong>7. Team Jayco AlUla<\/strong><br \/>61. PLAPP Luke<br \/>62. BERHE Welay Hagos<br \/>63. DUNBAR Eddie<br \/>64. FOLDAGER Anders<br \/>65. HELLEMOSE Asbjorn<br \/>66. JUUL-JENSEN Christopher<br \/>67. STEWART Campbell<\/p>\n<p>&#13;<\/p>\n<p><strong>8. Intermarch\u00e9 &#8211; Wanty<\/strong><br \/>71. ARTZ Huub<br \/>72. BARRE Louis<br \/>73. BONNEU Kamiel<br \/>74. DE POOTER Dries<br \/>75. KUYPERS Gerben<br \/>76. PAQUOT Tom<br \/> 77. VAN BOVEN Luca<\/p>\n<p>&#13;<\/p>\n<p><strong>9. Lidl &#8211; Trek<\/strong><br \/>81. LOPEZ Juan Pedro<br \/>82. BERNARD Julien<br \/>83. GHEBREIGZABHIER Amanuel<br \/>84. KAMNA Lennard<br \/>85. MOLLEMA Bauke<br \/>86. MOSCA Jacopo<br \/>87. OOMEN Sam<\/p>\n<p>&#13;<\/p>\n<p><strong>10. Movistar Team<\/strong><br \/>91. ROMO Javier<br \/>92. ARCAS Jorge<br \/>93. CASTRILLO Pablo<br \/>94. CIMOLAI Davide<br \/>95. OLIVEIRA Nelson<br \/>96. NORSGAARD Mathias<br \/>97. ROMEO Ivan<\/p>\n<p>&#13;<\/p>\n<p><strong>11. EF Education &#8211; EasyPost<\/strong><br \/>101. ASGREEN Kasper<br \/>102. BAUDIN Alex<br \/>103. CARTHY Hugh<br \/>104. NERURKAR Lukas<br \/>105. RAFFERTY Darren<br \/>106. RYAN Archie<br \/>107. SHAW James<\/p>\n<p>&#13;<\/p>\n<p><strong>12. Bahrain &#8211; Victorious<\/strong><br \/>111. MARTINEZ Lenny<br \/>112. BURATTI Nicol\u00f2<br \/>113. GRADEK Kamil<br \/>114. HAIG Jack<br \/>115. PAASSCHENS Mathijs<br \/>116. PICKERING Finlay<br \/>117. VAN DER MEULEN Max<\/p>\n<p>&#13;<\/p>\n<p><strong>13. Cofidis<\/strong><br \/>121. BUCHMANN Emanuel<br \/>122. ANIO\u0141KOWSKI Stanislaw<br \/>123. DEBEAUMARCH\u00c9 Nicolas<br \/>124. HERRADA Jes\u00fas<br \/>125. IZAGIRRE Ion<br \/>126. KNIGHT Oliver<br \/>127. TOUMIRE Hugo<\/p>\n<p>&#13;<\/p>\n<p><strong>14. Team Picnic PostNL<\/strong><br \/>131. ONLEY Oscar<br \/>132. BITTNER Pavel<br \/>133. COMBAUD Romain<br \/>134. EDDY Patrick<br \/>135. KOERDT Bjorn<br \/>136. LEEMREIZE Gijs<br \/>137. ROOSEN Timo<\/p>\n<p>&#13;<\/p>\n<p><strong>15. Groupama &#8211; FDJ<\/strong><br \/>141. DAVY Cl\u00e9ment<br \/>142. CAVAGNA R\u00e9mi<br \/>143. GAUDU David<br \/>144. GERMANI Lorenzo<br \/>145. K\u00dcNG Stefan<br \/>146. PALENI Enzo<br \/>147. ROCHAS R\u00e9my<\/p>\n<p>&#13;<\/p>\n<p><strong>16. XDS Astana Team<\/strong><br \/>151. TEJADA Harold<br \/>152. BETTIOL Alberto<br \/>153. CHAMPOUSSIN Cl\u00e9ment<br \/>154. FORTUNATO Lorenzo<br \/>155. GAZZOLI Michele<br \/>156. HIGUITA Sergio<br \/>157. KUZMIN Anton<\/p>\n<p>&#13;<\/p>\n<p><strong>17. Ark\u00e9a &#8211; B&amp;B Hotels<\/strong><br \/>161. RODRIGUEZ Cristian<br \/>162. CAPIOT Amaury<br \/>163. GARC\u00cdA PIERNA Ra\u00fal<br \/>164. GUERNALEC Thibault<br \/>165. GUERNALEC Victor<br \/>166. LOZOUET L\u00e9andre<br \/>167. VENTURINI Cl\u00e9ment<\/p>\n<p>&#13;<\/p>\n<p><strong>18. Decathlon AG2R La Mondiale Team<\/strong><br \/>171. PARET-PEINTRE Aur\u00e9lien<br \/>172. BISIAUX L\u00e9o<br \/>173. BISSEGGER Stefan<br \/>174. COSNEFROY Beno\u00eet<br \/>175. SCOTSON Callum<br \/>176. STAUNE-MITTET Johannes<br \/> 177. VENDRAME Andrea<\/p>\n<p>&#13;<\/p>\n<p><strong>19. Tudor Pro Cycling Team<\/strong><br \/>181. RONDEL Mathys<br \/> 182. ERIKSSON Jacob<br \/>183. KLUCKERS Arthur<br \/>184. KOLZE CHANGIZI Sebastian<br \/> 185. SUTER Joel<br \/>186. THALMANN Roland<br \/>187. ZIJLAARD Maikel<\/p>\n<p>&#13;<\/p>\n<p><strong>20. Lotto<\/strong><br \/>191. VAN EETVELT Lennert<br \/>192. CURRIE Logan<br \/>193. DRIZNERS Jarrad<br \/>194. MENTEN Milan<br \/>195. SEPULVEDA Eduardo<br \/>196. THOMPSON Reuben<\/p>\n<p>Tour de Romandie &#8211; Classement g\u00e9n\u00e9ral provisoire apr\u00e8s la 3\u00e8 \u00e9tape<\/p>\n","protected":false},"excerpt":{"rendered":"C&rsquo;est le grand jour ! La victoire finale de ce Tour de Romandie va probablement se jouer ce&hellip;\n","protected":false},"author":2,"featured_media":71164,"comment_status":"","ping_status":"","sticky":false,"template":"","format":"standard","meta":{"footnotes":""},"categories":[1411],"tags":[1154,207,211,1011,27,209,60,210,10073,212,208,213],"class_list":{"0":"post-71163","1":"post","2":"type-post","3":"status-publish","4":"format-standard","5":"has-post-thumbnail","7":"category-cyclisme","8":"tag-cycling","9":"tag-cyclisme","10":"tag-ffc","11":"tag-fr","12":"tag-france","13":"tag-route","14":"tag-sports","15":"tag-tour-de-france","16":"tag-tour-de-romandie","17":"tag-uci","18":"tag-velo","19":"tag-world-tour"},"share_on_mastodon":{"url":"https:\/\/pubeurope.com\/@fr\/114442516816172100","error":""},"_links":{"self":[{"href":"https:\/\/www.europesays.com\/fr\/wp-json\/wp\/v2\/posts\/71163","targetHints":{"allow":["GET"]}}],"collection":[{"href":"https:\/\/www.europesays.com\/fr\/wp-json\/wp\/v2\/posts"}],"about":[{"href":"https:\/\/www.europesays.com\/fr\/wp-json\/wp\/v2\/types\/post"}],"author":[{"embeddable":true,"href":"https:\/\/www.europesays.com\/fr\/wp-json\/wp\/v2\/users\/2"}],"replies":[{"embeddable":true,"href":"https:\/\/www.europesays.com\/fr\/wp-json\/wp\/v2\/comments?post=71163"}],"version-history":[{"count":0,"href":"https:\/\/www.europesays.com\/fr\/wp-json\/wp\/v2\/posts\/71163\/revisions"}],"wp:featuredmedia":[{"embeddable":true,"href":"https:\/\/www.europesays.com\/fr\/wp-json\/wp\/v2\/media\/71164"}],"wp:attachment":[{"href":"https:\/\/www.europesays.com\/fr\/wp-json\/wp\/v2\/media?parent=71163"}],"wp:term":[{"taxonomy":"category","embeddable":true,"href":"https:\/\/www.europesays.com\/fr\/wp-json\/wp\/v2\/categories?post=71163"},{"taxonomy":"post_tag","embeddable":true,"href":"https:\/\/www.europesays.com\/fr\/wp-json\/wp\/v2\/tags?post=71163"}],"curies":[{"name":"wp","href":"https:\/\/api.w.org\/{rel}","templated":true}]}}