{"id":71169,"date":"2025-05-03T06:38:33","date_gmt":"2025-05-03T06:38:33","guid":{"rendered":"https:\/\/www.europesays.com\/fr\/71169\/"},"modified":"2025-05-03T06:38:33","modified_gmt":"2025-05-03T06:38:33","slug":"en-images-plongee-dans-la-russie-de-2014","status":"publish","type":"post","link":"https:\/\/www.europesays.com\/fr\/71169\/","title":{"rendered":"En images \u2013 Plong\u00e9e dans la Russie de 2014"},"content":{"rendered":"<p>D\u00e9but juin 2014, quelques mois apr\u00e8s l\u2019annexion de la Crim\u00e9e par l\u2019arm\u00e9e russe, l\u2019ancien photographe du Temps Eddy Mottaz part avec une journaliste \u00e0 Stavropol pour un reportage documentant la vie des femmes en Russie.<\/p>\n<p>Stavropol est une ville de 450\u00a0000 habitants, situ\u00e9e au pied des montagnes caucasiennes. La population est peu habitu\u00e9e \u00e0 rencontrer des \u00e9trangers, d\u2019o\u00f9 une certaine m\u00e9fiance envers le photographe. Toutefois, cette distance se r\u00e9duira tr\u00e8s vite avec l\u2019arriv\u00e9e de la traductrice.<\/p>\n<p>Parall\u00e8lement aux besoins du reportage, le photographe s\u2019est balad\u00e9 seul dans cette ville en glanant des images de tous les jours, dans une simplicit\u00e9 imm\u00e9diate du regard. Les images sont expos\u00e9es jusqu\u2019au 24\u00a0mai, \u00e0 la <a href=\"https:\/\/www.instagram.com\/studio54photographie\/p\/DIZixL8MBZv\/\" rel=\"nofollow noopener\" target=\"_blank\">galerie Photon 54<\/a> \u00e0 Bramois (VS).<\/p>\n<p>Lire aussi: <a href=\"https:\/\/www.letemps.ch\/articles\/reconnaitre-l-annexion-de-la-crimee-c-est-ouvrir-la-boite-de-pandore\" rel=\"nofollow noopener\" target=\"_blank\">Reconna\u00eetre l\u2019annexion de la Crim\u00e9e, \u00abc\u2019est ouvrir la bo\u00eete de Pandore\u00bb<\/a>  <\/p>\n<p>      <a class=\"glightbox\" role=\"button\" href=\"https:\/\/www.europesays.com\/fr\/wp-content\/uploads\/2025\/05\/1746254300_404_small.jpeg\" data-type=\"image\" data-description=\"Stravopol vue depuis le centre. \u2014 \u00a9 Eddy Mottaz\" data- data-><\/p>\n<p>          Agrandir l&rsquo;image<\/p>\n<p>          <img loading=\"lazy\" decoding=\"async\" src=\"https:\/\/www.europesays.com\/fr\/wp-content\/uploads\/2025\/05\/1746254300_404_small.jpeg\" width=\"1618\" height=\"1080\" title=\"Stravopol vue depuis le centre. \u2014 \u00a9 Eddy Mottaz\" alt=\"Stravopol vue depuis le centre. \u2014 \u00a9 Eddy Mottaz\" class=\"lazy\"\/><\/p>\n<p>      <\/a><\/p>\n<p>Stravopol vue depuis le centre. \u2014 \u00a9 Eddy Mottaz<\/p>\n<p>      <a class=\"glightbox\" role=\"button\" href=\"https:\/\/www.europesays.com\/fr\/wp-content\/uploads\/2025\/05\/1746254301_70_small.jpeg\" data-type=\"image\" data-description=\"Les arr\u00eats du bus, aux architectures typiques de la r\u00e9gion. \u2014 \u00a9 Eddy Mottaz\" data- data-><\/p>\n<p>          Agrandir l&rsquo;image<\/p>\n<p>          <img loading=\"lazy\" decoding=\"async\" src=\"https:\/\/www.europesays.com\/fr\/wp-content\/uploads\/2025\/05\/1746254301_70_small.jpeg\" width=\"1618\" height=\"1080\" title=\"Les arr\u00eats du bus, aux architectures typiques de la r\u00e9gion. \u2014 \u00a9 Eddy Mottaz\" alt=\"Les arr\u00eats du bus, aux architectures typiques de la r\u00e9gion. \u2014 \u00a9 Eddy Mottaz\" class=\"lazy\"\/><\/p>\n<p>      <\/a><\/p>\n<p>Les arr\u00eats du bus, aux architectures typiques de la r\u00e9gion. \u2014 \u00a9 Eddy Mottaz<\/p>\n<p>      <a class=\"glightbox\" role=\"button\" href=\"https:\/\/www.europesays.com\/fr\/wp-content\/uploads\/2025\/05\/1746254302_458_small.jpeg\" data-type=\"image\" data-description=\"Barre d\u2019immeubles sovi\u00e9tiques. \u2014 \u00a9 Eddy Mottaz\" data- data-><\/p>\n<p>          Agrandir l&rsquo;image<\/p>\n<p>          <img loading=\"lazy\" decoding=\"async\" src=\"https:\/\/www.europesays.com\/fr\/wp-content\/uploads\/2025\/05\/1746254302_458_small.jpeg\" width=\"1618\" height=\"1080\" title=\"Barre d\u2019immeubles sovi\u00e9tiques. \u2014 \u00a9 Eddy Mottaz\" alt=\"Barre d\u2019immeubles sovi\u00e9tiques. \u2014 \u00a9 Eddy Mottaz\" class=\"lazy\"\/><\/p>\n<p>      <\/a><\/p>\n<p>Barre d\u2019immeubles sovi\u00e9tiques. \u2014 \u00a9 Eddy Mottaz<\/p>\n<p>      <a class=\"glightbox\" role=\"button\" href=\"https:\/\/www.europesays.com\/fr\/wp-content\/uploads\/2025\/05\/1746254303_983_small.jpeg\" data-type=\"image\" data-description=\"Dans la banlieue un vieux mur d\u2019un autre temps. \u2014 \u00a9 Eddy Mottaz\" data- data-><\/p>\n<p>          Agrandir l&rsquo;image<\/p>\n<p>          <img loading=\"lazy\" decoding=\"async\" src=\"https:\/\/www.europesays.com\/fr\/wp-content\/uploads\/2025\/05\/1746254303_983_small.jpeg\" width=\"1618\" height=\"1080\" title=\"Dans la banlieue un vieux mur d\u2019un autre temps. \u2014 \u00a9 Eddy Mottaz\" alt=\"Dans la banlieue un vieux mur d\u2019un autre temps. \u2014 \u00a9 Eddy Mottaz\" class=\"lazy\"\/><\/p>\n<p>      <\/a><\/p>\n<p>Dans la banlieue un vieux mur d\u2019un autre temps. \u2014 \u00a9 Eddy Mottaz<\/p>\n<p>      <a class=\"glightbox\" role=\"button\" href=\"https:\/\/www.europesays.com\/fr\/wp-content\/uploads\/2025\/05\/1746254304_832_small.jpeg\" data-type=\"image\" data-description=\"F\u00eate traditionnelle dans un parc. \u2014 \u00a9 Eddy Mottaz\" data- data-><\/p>\n<p>          Agrandir l&rsquo;image<\/p>\n<p>          <img loading=\"lazy\" decoding=\"async\" src=\"https:\/\/www.europesays.com\/fr\/wp-content\/uploads\/2025\/05\/1746254304_832_small.jpeg\" width=\"1618\" height=\"1080\" title=\"F\u00eate traditionnelle dans un parc. \u2014 \u00a9 Eddy Mottaz\" alt=\"F\u00eate traditionnelle dans un parc. \u2014 \u00a9 Eddy Mottaz\" class=\"lazy\"\/><\/p>\n<p>      <\/a><\/p>\n<p>F\u00eate traditionnelle dans un parc. \u2014 \u00a9 Eddy Mottaz<\/p>\n<p>      <a class=\"glightbox\" role=\"button\" href=\"https:\/\/www.europesays.com\/fr\/wp-content\/uploads\/2025\/05\/1746254305_570_small.jpeg\" data-type=\"image\" data-description=\"Les chantiers chassent les immeubles sovi\u00e9tiques. \u2014 \u00a9 Eddy Mottaz\" data- data-><\/p>\n<p>          Agrandir l&rsquo;image<\/p>\n<p>          <img loading=\"lazy\" decoding=\"async\" src=\"https:\/\/www.europesays.com\/fr\/wp-content\/uploads\/2025\/05\/1746254305_570_small.jpeg\" width=\"1618\" height=\"1080\" title=\"Les chantiers chassent les immeubles sovi\u00e9tiques. \u2014 \u00a9 Eddy Mottaz\" alt=\"Les chantiers chassent les immeubles sovi\u00e9tiques. \u2014 \u00a9 Eddy Mottaz\" class=\"lazy\"\/><\/p>\n<p>      <\/a><\/p>\n<p>Les chantiers chassent les immeubles sovi\u00e9tiques. \u2014 \u00a9 Eddy Mottaz<\/p>\n<p>      <a class=\"glightbox\" role=\"button\" href=\"https:\/\/www.europesays.com\/fr\/wp-content\/uploads\/2025\/05\/1746254306_857_small.jpeg\" data-type=\"image\" data-description=\"Dans un parc, les couleurs typiques de la ville. \u2014 \u00a9 Eddy Mottaz\" data- data-><\/p>\n<p>          Agrandir l&rsquo;image<\/p>\n<p>          <img loading=\"lazy\" decoding=\"async\" src=\"https:\/\/www.europesays.com\/fr\/wp-content\/uploads\/2025\/05\/1746254306_857_small.jpeg\" width=\"1618\" height=\"1080\" title=\"Dans un parc, les couleurs typiques de la ville. \u2014 \u00a9 Eddy Mottaz\" alt=\"Dans un parc, les couleurs typiques de la ville. \u2014 \u00a9 Eddy Mottaz\" class=\"lazy\"\/><\/p>\n<p>      <\/a><\/p>\n<p>Dans un parc, les couleurs typiques de la ville. \u2014 \u00a9 Eddy Mottaz<\/p>\n<p>      <a class=\"glightbox\" role=\"button\" href=\"https:\/\/www.europesays.com\/fr\/wp-content\/uploads\/2025\/05\/1746254307_281_small.jpeg\" data-type=\"image\" data-description=\"Un arr\u00eat de bus \u00e0 l\u2019ext\u00e9rieur de la ville. \u2014 \u00a9 Eddy Mottaz\" data- data-><\/p>\n<p>          Agrandir l&rsquo;image<\/p>\n<p>          <img loading=\"lazy\" decoding=\"async\" src=\"https:\/\/www.europesays.com\/fr\/wp-content\/uploads\/2025\/05\/1746254307_281_small.jpeg\" width=\"1618\" height=\"1080\" title=\"Un arr\u00eat de bus \u00e0 l\u2019ext\u00e9rieur de la ville. \u2014 \u00a9 Eddy Mottaz\" alt=\"Un arr\u00eat de bus \u00e0 l\u2019ext\u00e9rieur de la ville. \u2014 \u00a9 Eddy Mottaz\" class=\"lazy\"\/><\/p>\n<p>      <\/a><\/p>\n<p>Un arr\u00eat de bus \u00e0 l\u2019ext\u00e9rieur de la ville. \u2014 \u00a9 Eddy Mottaz<\/p>\n<p>      <a class=\"glightbox\" role=\"button\" href=\"https:\/\/www.europesays.com\/fr\/wp-content\/uploads\/2025\/05\/1746254308_530_small.jpeg\" data-type=\"image\" data-description=\"Des enfants jouent au foot, derri\u00e8re une \u00e9cole. \u2014 \u00a9 Eddy Mottaz\" data- data-><\/p>\n<p>          Agrandir l&rsquo;image<\/p>\n<p>          <img loading=\"lazy\" decoding=\"async\" src=\"https:\/\/www.europesays.com\/fr\/wp-content\/uploads\/2025\/05\/1746254308_530_small.jpeg\" width=\"1618\" height=\"1080\" title=\"Des enfants jouent au foot, derri\u00e8re une \u00e9cole. \u2014 \u00a9 Eddy Mottaz\" alt=\"Des enfants jouent au foot, derri\u00e8re une \u00e9cole. \u2014 \u00a9 Eddy Mottaz\" class=\"lazy\"\/><\/p>\n<p>      <\/a><\/p>\n<p>Des enfants jouent au foot, derri\u00e8re une \u00e9cole. \u2014 \u00a9 Eddy Mottaz<\/p>\n<p>      <a class=\"glightbox\" role=\"button\" href=\"https:\/\/www.europesays.com\/fr\/wp-content\/uploads\/2025\/05\/1746254309_36_small.jpeg\" data-type=\"image\" data-description=\"L\u2019ent\u00e9e du parc d\u2019attraction. \u2014 \u00a9 Eddy Mottaz\" data- data-><\/p>\n<p>          Agrandir l&rsquo;image<\/p>\n<p>          <img loading=\"lazy\" decoding=\"async\" src=\"https:\/\/www.europesays.com\/fr\/wp-content\/uploads\/2025\/05\/1746254309_36_small.jpeg\" width=\"1618\" height=\"1080\" title=\"L\u2019ent\u00e9e du parc d\u2019attraction. \u2014 \u00a9 Eddy Mottaz\" alt=\"L\u2019ent\u00e9e du parc d\u2019attraction. \u2014 \u00a9 Eddy Mottaz\" class=\"lazy\"\/><\/p>\n<p>      <\/a><\/p>\n<p>L\u2019ent\u00e9e du parc d\u2019attraction. \u2014 \u00a9 Eddy Mottaz<\/p>\n<p>      <a class=\"glightbox\" role=\"button\" href=\"https:\/\/www.europesays.com\/fr\/wp-content\/uploads\/2025\/05\/1746254310_61_small.jpeg\" data-type=\"image\" data-description=\"La majorit\u00e9 des maisons sont barricad\u00e9es, pour se prot\u00e9ger des vols et des agressions. \u2014 \u00a9 Eddy Mottaz\" data- data-><\/p>\n<p>          Agrandir l&rsquo;image<\/p>\n<p>          <img loading=\"lazy\" decoding=\"async\" src=\"https:\/\/www.europesays.com\/fr\/wp-content\/uploads\/2025\/05\/1746254310_61_small.jpeg\" width=\"1618\" height=\"1080\" title=\"La majorit\u00e9 des maisons sont barricad\u00e9es, pour se prot\u00e9ger des vols et des agressions. \u2014 \u00a9 Eddy Mottaz\" alt=\"La majorit\u00e9 des maisons sont barricad\u00e9es, pour se prot\u00e9ger des vols et des agressions. \u2014 \u00a9 Eddy Mottaz\" class=\"lazy\"\/><\/p>\n<p>      <\/a><\/p>\n<p>La majorit\u00e9 des maisons sont barricad\u00e9es, pour se prot\u00e9ger des vols et des agressions. \u2014 \u00a9 Eddy Mottaz<\/p>\n<p>      <a class=\"glightbox\" role=\"button\" href=\"https:\/\/www.europesays.com\/fr\/wp-content\/uploads\/2025\/05\/1746254311_780_small.jpeg\" data-type=\"image\" data-description=\"Des barricades cl\u00f4turent les maisons. \u2014 \u00a9 Eddy Mottaz\" data- data-><\/p>\n<p>          Agrandir l&rsquo;image<\/p>\n<p>          <img loading=\"lazy\" decoding=\"async\" src=\"https:\/\/www.europesays.com\/fr\/wp-content\/uploads\/2025\/05\/1746254311_780_small.jpeg\" width=\"1618\" height=\"1080\" title=\"Des barricades cl\u00f4turent les maisons. \u2014 \u00a9 Eddy Mottaz\" alt=\"Des barricades cl\u00f4turent les maisons. \u2014 \u00a9 Eddy Mottaz\" class=\"lazy\"\/><\/p>\n<p>      <\/a><\/p>\n<p>Des barricades cl\u00f4turent les maisons. \u2014 \u00a9 Eddy Mottaz<\/p>\n<p>      <a class=\"glightbox\" role=\"button\" href=\"https:\/\/www.europesays.com\/fr\/wp-content\/uploads\/2025\/05\/1746254312_521_small.jpeg\" data-type=\"image\" data-description=\"Une certaine r\u00e9alit\u00e9 de la vie en Russie. \u2014 \u00a9 Eddy Mottaz\" data- data-><\/p>\n<p>          Agrandir l&rsquo;image<\/p>\n<p>          <img loading=\"lazy\" decoding=\"async\" src=\"https:\/\/www.europesays.com\/fr\/wp-content\/uploads\/2025\/05\/1746254312_521_small.jpeg\" width=\"1618\" height=\"1080\" title=\"Une certaine r\u00e9alit\u00e9 de la vie en Russie. \u2014 \u00a9 Eddy Mottaz\" alt=\"Une certaine r\u00e9alit\u00e9 de la vie en Russie. \u2014 \u00a9 Eddy Mottaz\" class=\"lazy\"\/><\/p>\n<p>      <\/a><\/p>\n<p>Une certaine r\u00e9alit\u00e9 de la vie en Russie. \u2014 \u00a9 Eddy Mottaz<\/p>\n<p>      <a class=\"glightbox\" role=\"button\" href=\"https:\/\/www.europesays.com\/fr\/wp-content\/uploads\/2025\/05\/1746254313_301_small.jpeg\" data-type=\"image\" data-description=\"Des gens attendent \u00e0 l\u2019ombre. \u2014 \u00a9 Eddy Mottaz\" data- data-><\/p>\n<p>          Agrandir l&rsquo;image<\/p>\n<p>          <img loading=\"lazy\" decoding=\"async\" src=\"https:\/\/www.europesays.com\/fr\/wp-content\/uploads\/2025\/05\/1746254313_301_small.jpeg\" width=\"1618\" height=\"1080\" title=\"Des gens attendent \u00e0 l\u2019ombre. \u2014 \u00a9 Eddy Mottaz\" alt=\"Des gens attendent \u00e0 l\u2019ombre. \u2014 \u00a9 Eddy Mottaz\" class=\"lazy\"\/><\/p>\n<p>      <\/a><\/p>\n<p>Des gens attendent \u00e0 l\u2019ombre. \u2014 \u00a9 Eddy Mottaz<\/p>\n<p>      <script async src=\"\/\/www.instagram.com\/embed.js\"><\/script><\/p>\n","protected":false},"excerpt":{"rendered":"D\u00e9but juin 2014, quelques mois apr\u00e8s l\u2019annexion de la Crim\u00e9e par l\u2019arm\u00e9e russe, l\u2019ancien photographe du Temps Eddy&hellip;\n","protected":false},"author":2,"featured_media":71170,"comment_status":"","ping_status":"","sticky":false,"template":"","format":"standard","meta":{"footnotes":""},"categories":[1358],"tags":[1348,1384,1385,1386,58,59,1011,27,4438,220],"class_list":{"0":"post-71169","1":"post","2":"type-post","3":"status-publish","4":"format-standard","5":"has-post-thumbnail","7":"category-arts-et-design","8":"tag-arts","9":"tag-arts-and-design","10":"tag-arts-et-design","11":"tag-design","12":"tag-divertissement","13":"tag-entertainment","14":"tag-fr","15":"tag-france","16":"tag-free","17":"tag-ukraine"},"share_on_mastodon":{"url":"https:\/\/pubeurope.com\/@fr\/114442528779889391","error":""},"_links":{"self":[{"href":"https:\/\/www.europesays.com\/fr\/wp-json\/wp\/v2\/posts\/71169","targetHints":{"allow":["GET"]}}],"collection":[{"href":"https:\/\/www.europesays.com\/fr\/wp-json\/wp\/v2\/posts"}],"about":[{"href":"https:\/\/www.europesays.com\/fr\/wp-json\/wp\/v2\/types\/post"}],"author":[{"embeddable":true,"href":"https:\/\/www.europesays.com\/fr\/wp-json\/wp\/v2\/users\/2"}],"replies":[{"embeddable":true,"href":"https:\/\/www.europesays.com\/fr\/wp-json\/wp\/v2\/comments?post=71169"}],"version-history":[{"count":0,"href":"https:\/\/www.europesays.com\/fr\/wp-json\/wp\/v2\/posts\/71169\/revisions"}],"wp:featuredmedia":[{"embeddable":true,"href":"https:\/\/www.europesays.com\/fr\/wp-json\/wp\/v2\/media\/71170"}],"wp:attachment":[{"href":"https:\/\/www.europesays.com\/fr\/wp-json\/wp\/v2\/media?parent=71169"}],"wp:term":[{"taxonomy":"category","embeddable":true,"href":"https:\/\/www.europesays.com\/fr\/wp-json\/wp\/v2\/categories?post=71169"},{"taxonomy":"post_tag","embeddable":true,"href":"https:\/\/www.europesays.com\/fr\/wp-json\/wp\/v2\/tags?post=71169"}],"curies":[{"name":"wp","href":"https:\/\/api.w.org\/{rel}","templated":true}]}}