{"id":71171,"date":"2025-05-03T06:39:10","date_gmt":"2025-05-03T06:39:10","guid":{"rendered":"https:\/\/www.europesays.com\/fr\/71171\/"},"modified":"2025-05-03T06:39:10","modified_gmt":"2025-05-03T06:39:10","slug":"les-livres-coups-de-coeur-de-la-redaction-3","status":"publish","type":"post","link":"https:\/\/www.europesays.com\/fr\/71171\/","title":{"rendered":"les livres coups de c\u0153ur de la r\u00e9daction"},"content":{"rendered":"<p>Retrouvez les livres que nos journalistes ont aim\u00e9s dans diff\u00e9rents domaines : Histoire, essai, roman, r\u00e9cit, bande dessin\u00e9e, jeunesse, spiritualit\u00e9.\u00a0La s\u00e9lection de la semaine !<\/p>\n<p><strong>Coup de c\u0153ur<br \/>Histoire<br \/>Les heures m\u00e9connues de l&rsquo;histoire de France<\/strong><\/p>\n<p>Guillaume Perrault est journaliste dans un quotidien \u2013\u00a0Le\u00a0Figaro\u00a0\u2013, mais il a toujours eu soin d\u2019\u00e9clairer le chaos de l\u2019actualit\u00e9 par l\u2019histoire longue. Cette marque de fabrique n\u2019est pas du luxe, surtout quand on touche aux passions politiques fran\u00e7aises. La grande Histoire peut apaiser, aux yeux de l\u2019auteur, cette angoisse d\u2019\u00eatre embarqu\u00e9s dans une succession d\u2019\u00e9v\u00e9nements absurdes ou cruels dont nous serions les victimes. Guillaume Perrault analyse\u2009: \u00ab\u2009L\u2019effacement de la m\u00e9moire collective a des cons\u00e9quences d\u00e9cupl\u00e9es lorsqu\u2019il co\u00efncide, comme de nos jours, avec une acc\u00e9l\u00e9ration du temps, le sentiment d\u2019un changement complet d\u2019\u00e9poque.\u2009\u00bb Il ajoute avec lucidit\u00e9\u2009: \u00ab\u2009Tourment\u00e9s d\u2019une telle rupture de la transmission, de nombreux Fran\u00e7ais marquent, par leur attachement pour l\u2019Histoire, le refus de devenir des voyageurs sans bagages.\u2009\u00bb<\/p>\n","protected":false},"excerpt":{"rendered":"Retrouvez les livres que nos journalistes ont aim\u00e9s dans diff\u00e9rents domaines : Histoire, essai, roman, r\u00e9cit, bande dessin\u00e9e,&hellip;\n","protected":false},"author":2,"featured_media":71172,"comment_status":"","ping_status":"","sticky":false,"template":"","format":"standard","meta":{"footnotes":""},"categories":[1357],"tags":[1379,58,59,3805,3799,3803,1011,27,1380,3804,3800,3802,3801],"class_list":{"0":"post-71171","1":"post","2":"type-post","3":"status-publish","4":"format-standard","5":"has-post-thumbnail","7":"category-livres","8":"tag-books","9":"tag-divertissement","10":"tag-entertainment","11":"tag-famille-catholique","12":"tag-famille-chretienne","13":"tag-famille-chretienne-actualites","14":"tag-fr","15":"tag-france","16":"tag-livres","17":"tag-magazine-famille-chretienne","18":"tag-site-catho","19":"tag-site-catholique","20":"tag-site-chretien"},"share_on_mastodon":{"url":"https:\/\/pubeurope.com\/@fr\/114442532579916904","error":""},"_links":{"self":[{"href":"https:\/\/www.europesays.com\/fr\/wp-json\/wp\/v2\/posts\/71171","targetHints":{"allow":["GET"]}}],"collection":[{"href":"https:\/\/www.europesays.com\/fr\/wp-json\/wp\/v2\/posts"}],"about":[{"href":"https:\/\/www.europesays.com\/fr\/wp-json\/wp\/v2\/types\/post"}],"author":[{"embeddable":true,"href":"https:\/\/www.europesays.com\/fr\/wp-json\/wp\/v2\/users\/2"}],"replies":[{"embeddable":true,"href":"https:\/\/www.europesays.com\/fr\/wp-json\/wp\/v2\/comments?post=71171"}],"version-history":[{"count":0,"href":"https:\/\/www.europesays.com\/fr\/wp-json\/wp\/v2\/posts\/71171\/revisions"}],"wp:featuredmedia":[{"embeddable":true,"href":"https:\/\/www.europesays.com\/fr\/wp-json\/wp\/v2\/media\/71172"}],"wp:attachment":[{"href":"https:\/\/www.europesays.com\/fr\/wp-json\/wp\/v2\/media?parent=71171"}],"wp:term":[{"taxonomy":"category","embeddable":true,"href":"https:\/\/www.europesays.com\/fr\/wp-json\/wp\/v2\/categories?post=71171"},{"taxonomy":"post_tag","embeddable":true,"href":"https:\/\/www.europesays.com\/fr\/wp-json\/wp\/v2\/tags?post=71171"}],"curies":[{"name":"wp","href":"https:\/\/api.w.org\/{rel}","templated":true}]}}