{"id":71175,"date":"2025-05-03T06:41:12","date_gmt":"2025-05-03T06:41:12","guid":{"rendered":"https:\/\/www.europesays.com\/fr\/71175\/"},"modified":"2025-05-03T06:41:12","modified_gmt":"2025-05-03T06:41:12","slug":"radio-france-supprime-sa-station-jeunes","status":"publish","type":"post","link":"https:\/\/www.europesays.com\/fr\/71175\/","title":{"rendered":"Radio France supprime sa station \u00ab\u00a0jeunes\u00a0\u00bb"},"content":{"rendered":"<p>Cr\u00e9\u00e9e en\u00a01997, Le Mouv\u2019est la radio destin\u00e9e aux \u00ab\u00a0jeunes\u00a0\u00bb. Face \u00e0 des audiences basses, elle op\u00e8re un rebranding en\u00a02015, Le Mouv\u2019devient <a href=\"https:\/\/www.radiofrance.fr\/mouv\" target=\"_blank\" rel=\"nofollow noopener\">Mouv&rsquo;<\/a>, la cha\u00eene \u00e9lectro et hip-hop. Sa couleur verte, ses actualit\u00e9s, son style musical, sa r\u00e9daction et ses r\u00e9seaux sociaux, tout avait pour but d\u2019attirer la nouvelle g\u00e9n\u00e9ration.<\/p>\n<p>Si la strat\u00e9gie lanc\u00e9e par l\u2019ancien directeur g\u00e9n\u00e9ral de <a href=\"https:\/\/www.konbini.com\/\" target=\"_blank\" rel=\"nofollow noopener\">Konbini<\/a>, Mathieu Marmouget, avait permis \u00e0 la radio d\u2019avoir 442000 abonn\u00e9s sur <a href=\"https:\/\/www.instagram.com\/mouv\/\" target=\"_blank\" rel=\"nofollow noopener\">Instagram<\/a>, les \u00e9coutes, elles, ne repr\u00e9sentent que 0,5% d\u2019audience cumul\u00e9e entre janvier et mars selon les <a href=\"https:\/\/www.radiofrance.com\/professionnels\/regie-publicitaire\/actualite\/les-audiences-janvier-mars-2025#:~:text=Premier%20groupe%20radio%20avec%2014,sur%20une%20vague%20janvier%2Dmars.\" target=\"_blank\" rel=\"nofollow noopener\">chiffres de M\u00e9diam\u00e9trie publi\u00e9s par Radio France<\/a>. La d\u00e9cision d\u2019arr\u00eater la diffusion FM de Mouv\u2019a donc \u00e9t\u00e9 prise.<\/p>\n<p>D\u2019abord annonc\u00e9e \u00e0 l\u2019\u00e9quipe par Mathieu Marmouget, ce jeudi 17\u00a0avril, elle a \u00e9t\u00e9 confirm\u00e9e lors d\u2019un conseil social et \u00e9conomique (CSE) par la pr\u00e9sidente de la radio publique, Sibyle Veil, ce 28\u00a0avril. \u00ab\u00a0Innover sous contrainte\u00a0\u00bb, titre du message re\u00e7u par la r\u00e9daction Mouv\u2019dans lequel il est expliqu\u00e9 que la radio cessera d\u2019\u00e9mettre en FM. Elle restera tout de m\u00eame en DAB +\u00a0mais diffusant uniquement de la musique.<\/p>\n<p>La grille de programme devrait \u00eatre redistribu\u00e9e sur les diff\u00e9rentes stations de la Maison ronde qui sembleraient int\u00e9resser de plus en plus comme France Info, Inter ou Culture.<\/p>\n<p>6\u00a0millions d\u2019euros d\u2019\u00e9conomie<\/p>\n<p>Seuls 2 CDI sur une quarantaine seraient conserv\u00e9s pour le fonctionnement de Mouv\u2019en DAB +. D\u2019autres missions au sein de Radio France seront propos\u00e9es aux autres, sans plus de pr\u00e9cisions. Les CDD s\u2019inqui\u00e8tent en l\u2019absence de passerelles vers les autres stations de la Maison ronde.<\/p>\n<p>La suppression de la grille de programme et la diffusion FM de Mouv\u2019s\u2019inscrit dans un contexte de coupes budg\u00e9taires. Radio France voit sa dotation publique r\u00e9duite de 23,9\u00a0millions d\u2019euros. L\u2019arr\u00eat de la station permettrait une \u00e9conomie de 6\u00a0millions d\u2019euros.<\/p>\n<p>La d\u00e9cision ne pla\u00eet pas \u00e0 la r\u00e9daction, mais ce sont des m\u00e9dias, artistes et internautes qui prennent la parole sur les r\u00e9seaux sociaux pour r\u00e9clamer le maintien de Mouv&rsquo;.<\/p>\n<p>D\u00e8s l\u2019annonce \u00e0 l\u2019\u00e9quipe le 17\u00a0avril, un communiqu\u00e9 avait \u00e9t\u00e9 post\u00e9 sur les r\u00e9seaux de Mosa\u00efque. Dans les commentaires, on peut lire de la d\u00e9ception, mais aussi des #freemouv&rsquo;.<\/p>\n<p>\u00ab\u00a0Une jeunesse connect\u00e9e, cr\u00e9ative, exigeante\u00a0\u00bb<\/p>\n<p>Le 30\u00a0avril, plusieurs m\u00e9dias postent sur Instagram un communiqu\u00e9 intitul\u00e9<a href=\"https:\/\/drive.google.com\/file\/d\/1__cwa3q3J7WF8DrjtTwRB4n0_2xvvrmF\/view?fbclid=PAZXh0bgNhZW0CMTEAAacLTYoyaikyOL-XoMWCGCqnJ580WLiZOt6yzxbjoTzqjjeGRFInPNmaGMLBGA_aem_JSaRVLuOx-iuoxi6SpFHJw&amp;pli=1\" target=\"_blank\" rel=\"nofollow noopener\"> \u00ab\u00a0Sauvons Mouv'\u00a0\u00bb<\/a>. Ils d\u00e9plorent la fermeture d\u2019une radio per\u00e7ue comme un \u00ab\u00a0acteur engag\u00e9 dans la d\u00e9couverte, la transmission et le soutien \u00e0 la cr\u00e9ation \u00e9mergente\u00a0\u00bb qui \u00ab\u00a0ne se contente pas de divertir\u00a0: elle informe, d\u00e9crypte, donne la parole \u00e0 des voix expertes, sensibles et ancr\u00e9es dans le r\u00e9el\u00a0\u00bb.<\/p>\n<p>Le public touch\u00e9 par Mouv\u2019est aussi \u00e9voqu\u00e9 en sommant Radio France de changer de posture et de ne pas \u00ab\u00a0effacer une voix publique\u00a0\u00bb qui r\u00e9pond \u00e0 une demande\u00a0: \u00ab\u00a0celle d\u2019une jeunesse connect\u00e9e, cr\u00e9ative, exigeante, qui cherche des espaces de repr\u00e9sentation, d\u2019inspiration, d\u2019\u00e9mancipation\u00a0\u00bb.<\/p>\n<p>Pour les r\u00e9dacteurs, il s\u2019agit d\u2019un \u00ab\u00a0abandon strat\u00e9gique, un recul symbolique\u00a0\u00bb notamment en ce qui concerne la culture et la diversit\u00e9. La transformation num\u00e9rique de la radio serait un recul dans l\u2019acc\u00e8s pour tous de cette station publique qui \u00ab\u00a0contribue \u00e0 l\u2019\u00e9veil critique d\u2019une g\u00e9n\u00e9ration qui, trop souvent, n\u2019a pas acc\u00e8s \u00e0 des formats fiables, construits, pens\u00e9s pour elle.\u00a0\u00bb Dans les commentaires, la d\u00e9marche est salu\u00e9e.<\/p>\n<p><script async src=\"\/\/www.instagram.com\/embed.js\"><\/script><\/p>\n","protected":false},"excerpt":{"rendered":"Cr\u00e9\u00e9e en\u00a01997, Le Mouv\u2019est la radio destin\u00e9e aux \u00ab\u00a0jeunes\u00a0\u00bb. Face \u00e0 des audiences basses, elle op\u00e8re un rebranding&hellip;\n","protected":false},"author":2,"featured_media":71176,"comment_status":"","ping_status":"","sticky":false,"template":"","format":"standard","meta":{"footnotes":""},"categories":[1355],"tags":[17,16433,58,59,1011,27,4074,17371,1361,873,1825,104,3758,7323],"class_list":{"0":"post-71175","1":"post","2":"type-post","3":"status-publish","4":"format-standard","5":"has-post-thumbnail","7":"category-musique","8":"tag-17","9":"tag-arret","10":"tag-divertissement","11":"tag-entertainment","12":"tag-fr","13":"tag-france","14":"tag-jeunes","15":"tag-mouv","16":"tag-music","17":"tag-musique","18":"tag-radio","19":"tag-societe","20":"tag-station","21":"tag-supprimer"},"share_on_mastodon":{"url":"https:\/\/pubeurope.com\/@fr\/114442540497800525","error":""},"_links":{"self":[{"href":"https:\/\/www.europesays.com\/fr\/wp-json\/wp\/v2\/posts\/71175","targetHints":{"allow":["GET"]}}],"collection":[{"href":"https:\/\/www.europesays.com\/fr\/wp-json\/wp\/v2\/posts"}],"about":[{"href":"https:\/\/www.europesays.com\/fr\/wp-json\/wp\/v2\/types\/post"}],"author":[{"embeddable":true,"href":"https:\/\/www.europesays.com\/fr\/wp-json\/wp\/v2\/users\/2"}],"replies":[{"embeddable":true,"href":"https:\/\/www.europesays.com\/fr\/wp-json\/wp\/v2\/comments?post=71175"}],"version-history":[{"count":0,"href":"https:\/\/www.europesays.com\/fr\/wp-json\/wp\/v2\/posts\/71175\/revisions"}],"wp:featuredmedia":[{"embeddable":true,"href":"https:\/\/www.europesays.com\/fr\/wp-json\/wp\/v2\/media\/71176"}],"wp:attachment":[{"href":"https:\/\/www.europesays.com\/fr\/wp-json\/wp\/v2\/media?parent=71175"}],"wp:term":[{"taxonomy":"category","embeddable":true,"href":"https:\/\/www.europesays.com\/fr\/wp-json\/wp\/v2\/categories?post=71175"},{"taxonomy":"post_tag","embeddable":true,"href":"https:\/\/www.europesays.com\/fr\/wp-json\/wp\/v2\/tags?post=71175"}],"curies":[{"name":"wp","href":"https:\/\/api.w.org\/{rel}","templated":true}]}}