{"id":71179,"date":"2025-05-03T06:43:09","date_gmt":"2025-05-03T06:43:09","guid":{"rendered":"https:\/\/www.europesays.com\/fr\/71179\/"},"modified":"2025-05-03T06:43:09","modified_gmt":"2025-05-03T06:43:09","slug":"un-homme-meurt-apres-une-exposition-a-lanthrax-le-premier-depuis-plus-de-30-ans","status":"publish","type":"post","link":"https:\/\/www.europesays.com\/fr\/71179\/","title":{"rendered":"Un homme meurt apr\u00e8s une exposition \u00e0 l\u2019anthrax, le premier depuis plus de 30 ans"},"content":{"rendered":"<p>Cela faisait plus de trois d\u00e9cennies que <a href=\"https:\/\/www.20minutes.fr\/monde\/thailande\/\" target=\"_blank\" class=\"color-ultramarine c-link\" rel=\"noopener\">la Tha\u00eflande<\/a> n\u2019avait pas recens\u00e9 ce type de d\u00e9c\u00e8s. Mercredi 30\u00a0avril, le minist\u00e8re de la Sant\u00e9 a annonc\u00e9 la mort d\u2019un homme d\u00fb \u00e0 <a href=\"https:\/\/www.20minutes.fr\/sante\/1904211-20160803-russie-garcon-12-ans-meurt-anthrax-moins-20-personnes-contaminees\" target=\"_blank\" class=\"color-ultramarine c-link\" rel=\"noopener\">l\u2019anthrax<\/a>. Dans la foul\u00e9e, une deuxi\u00e8me infection a aussi \u00e9t\u00e9 confirm\u00e9e dans le royaume.<\/p>\n<p>L\u2019anthrax, qui se propage par des bact\u00e9ries pr\u00e9sentes dans le sol, infecte g\u00e9n\u00e9ralement le b\u00e9tail en p\u00e2ture et les animaux sauvages, mais peut aussi tuer les humains. L\u2019homme de 53 ans est d\u00e9c\u00e9d\u00e9 apr\u00e8s avoir manipul\u00e9 une vache morte dans la province de Mukdahan, pr\u00e8s de la fronti\u00e8re avec le Laos. Selon les autorit\u00e9s sanitaires, un deuxi\u00e8me homme du m\u00eame \u00e2ge, \u00e9galement en contact avec du b\u00e9tail, a \u00e9t\u00e9 test\u00e9 positif et hospitalis\u00e9 dans la m\u00eame r\u00e9gion.<\/p>\n<p>638 personnes \u00ab\u00a0\u00e0 risque\u00a0\u00bb<\/p>\n<p>A la suite de cet \u00e9v\u00e8nement les autorit\u00e9s ont mis en garde la population contre<a href=\"https:\/\/www.20minutes.fr\/sante\/4078714-20240304-pourquoi-encore-saucisson-cantine-alors-fortement-deconseille-jeunes-enfants\" target=\"_blank\" class=\"color-ultramarine c-link\" rel=\"noopener\"> la consommation de viande<\/a> crue, un aliment tr\u00e8s appr\u00e9ci\u00e9 dans le nord-est du pays. 638 personnes consid\u00e9r\u00e9es comme appartenant \u00e0 des \u00ab\u00a0groupes \u00e0 risque\u00a0\u00bb, dont des employ\u00e9s d\u2019un abattoir et des personnes ayant consomm\u00e9 de la viande de b\u0153uf crue, font l\u2019objet d\u2019un suivi et re\u00e7oivent des antibiotiques.<\/p>\n<p>Selon un porte-parole du minist\u00e8re de la Sant\u00e9, les autorit\u00e9s pr\u00e9voient de vacciner plus de 1.200 bovins dans la zone d\u2019infection, o\u00f9 les animaux sont victimes d\u2019une vague de maladies et de d\u00e9c\u00e8s inexpliqu\u00e9s.<\/p>\n<p>Les derniers d\u00e9c\u00e8s caus\u00e9s par l\u2019anthrax remontaient \u00e0\u00a01994, o\u00f9 trois personnes avaient perdu la vie. En\u00a02000, 15 personnes avaient contract\u00e9 l\u2019anthrax en Tha\u00eflande, mais aucun d\u00e9c\u00e8s n\u2019avait \u00e9t\u00e9 enregistr\u00e9.<a href=\"https:\/\/www.20minutes.fr\/faits_divers\/4122718-20241122-laos-apres-deces-six-touristes-empoisonnement-alcool-frelate-soupconne\" target=\"_blank\" class=\"color-ultramarine c-link\" rel=\"noopener\"> Au Laos<\/a>, en\u00a02024, une personne est d\u00e9c\u00e9d\u00e9e et 129 autres ont \u00e9t\u00e9 infect\u00e9es.<\/p>\n","protected":false},"excerpt":{"rendered":"Cela faisait plus de trois d\u00e9cennies que la Tha\u00eflande n\u2019avait pas recens\u00e9 ce type de d\u00e9c\u00e8s. Mercredi 30\u00a0avril,&hellip;\n","protected":false},"author":2,"featured_media":71180,"comment_status":"","ping_status":"","sticky":false,"template":"","format":"standard","meta":{"footnotes":""},"categories":[10],"tags":[47,6060,118,1011,27,72,226,71,1684],"class_list":{"0":"post-71179","1":"post","2":"type-post","3":"status-publish","4":"format-standard","5":"has-post-thumbnail","7":"category-sante","8":"tag-actualite","9":"tag-asie","10":"tag-faits-divers","11":"tag-fr","12":"tag-france","13":"tag-health","14":"tag-maladie","15":"tag-sante","16":"tag-thailande"},"share_on_mastodon":{"url":"https:\/\/pubeurope.com\/@fr\/114442548310602900","error":""},"_links":{"self":[{"href":"https:\/\/www.europesays.com\/fr\/wp-json\/wp\/v2\/posts\/71179","targetHints":{"allow":["GET"]}}],"collection":[{"href":"https:\/\/www.europesays.com\/fr\/wp-json\/wp\/v2\/posts"}],"about":[{"href":"https:\/\/www.europesays.com\/fr\/wp-json\/wp\/v2\/types\/post"}],"author":[{"embeddable":true,"href":"https:\/\/www.europesays.com\/fr\/wp-json\/wp\/v2\/users\/2"}],"replies":[{"embeddable":true,"href":"https:\/\/www.europesays.com\/fr\/wp-json\/wp\/v2\/comments?post=71179"}],"version-history":[{"count":0,"href":"https:\/\/www.europesays.com\/fr\/wp-json\/wp\/v2\/posts\/71179\/revisions"}],"wp:featuredmedia":[{"embeddable":true,"href":"https:\/\/www.europesays.com\/fr\/wp-json\/wp\/v2\/media\/71180"}],"wp:attachment":[{"href":"https:\/\/www.europesays.com\/fr\/wp-json\/wp\/v2\/media?parent=71179"}],"wp:term":[{"taxonomy":"category","embeddable":true,"href":"https:\/\/www.europesays.com\/fr\/wp-json\/wp\/v2\/categories?post=71179"},{"taxonomy":"post_tag","embeddable":true,"href":"https:\/\/www.europesays.com\/fr\/wp-json\/wp\/v2\/tags?post=71179"}],"curies":[{"name":"wp","href":"https:\/\/api.w.org\/{rel}","templated":true}]}}