{"id":71193,"date":"2025-05-03T06:51:14","date_gmt":"2025-05-03T06:51:14","guid":{"rendered":"https:\/\/www.europesays.com\/fr\/71193\/"},"modified":"2025-05-03T06:51:14","modified_gmt":"2025-05-03T06:51:14","slug":"saint-genest-malifaux-va-va-accueillir-lunas-quartet-pour-jazz-au-village","status":"publish","type":"post","link":"https:\/\/www.europesays.com\/fr\/71193\/","title":{"rendered":"Saint-Genest-Malifaux va va accueillir Luna&rsquo;s Quartet pour Jazz au village"},"content":{"rendered":"<p>\t\t\t\t\t\t\t\t\t\t\t\t\t\t\t\t\t\t\t\t\t\t\t\t\t\t\t\t\t\t\t\t\t\t\t\t\t\t\t\t\t\t\t\t\t\t\t\t\t\t\t\t\t\t\t\t\t\t\t\t\t\t\t<a href=\"https:\/\/www.lacommere43.fr\/component\/banners\/click\/1701.html\" target=\"_blank\" title=\"Durand Charles Laradev carr\u00e9\" rel=\"nofollow noopener\"><br \/>\n\t\t\t\t\t\t\t<img decoding=\"async\" src=\"https:\/\/www.europesays.com\/fr\/wp-content\/uploads\/2025\/05\/05264e5f-f9b0-4af5-8f46-d08bf3dcc47e2.jpg\" alt=\"Durand Charles Laradev carr\u00e9\"\/><br \/>\n\t\t\t\t\t\t<\/a><\/p>\n<p>\t\t\t\t\t\t\t\t\t\t\t\t\t\t\t\t\t\t\t\t\t\t\t\t\t\t\t\t\t\t\t\t\t\t\t\t\t\t\t\t\t\t\t\t\t\t\t\t\t\t\t\t\t\t\t\t\t\t\t\t\t\t\t<a href=\"https:\/\/www.lacommere43.fr\/component\/banners\/click\/1751.html\" target=\"_blank\" title=\"Chevalier Fr\u00e8res avril 2025\" rel=\"nofollow noopener\"><br \/>\n\t\t\t\t\t\t\t<img decoding=\"async\" src=\"https:\/\/www.europesays.com\/fr\/wp-content\/uploads\/2025\/05\/chevalier2.gif\" alt=\"Chevalier Fr\u00e8res avril 2025\"\/><br \/>\n\t\t\t\t\t\t<\/a><\/p>\n<p><strong>Jazz au village revient pour la 6e ann\u00e9e ! Il sera de passage le 5 juin \u00e0 Saint-Genest-Malifaux.<\/strong><\/p>\n<p>Jazz au village est une action culturelle et sociale de l\u2019association Jazz au sommet, initi\u00e9e en 2020. Ils s&rsquo;\u00e9taient aper\u00e7us que les publics les plus \u00e2g\u00e9s ne fr\u00e9quentaient pas les salles de concert, soit parce qu\u2019ils en \u00e9taient emp\u00each\u00e9s physiquement, soit qu\u2019un barrage culturel les fait renoncer \u00e0 cette d\u00e9marche. Jazz au village va donc au-devant de ces populations. Il s\u2019agit de proposer chaque ann\u00e9e aux populations des monts du Pilat, une rencontre avec des musiciens autour du jazz.<\/p>\n<p>Jazz au Village s\u2019installe pour une journ\u00e9e dans l\u2019Ehpad du village devenu le centre culturel d\u2019un jour. Dans la matin\u00e9e, des ateliers de m\u00e9diation culturelle avec les artistes sont propos\u00e9s aux r\u00e9sidents.<\/p>\n<p>Le matin avec les r\u00e9sidents, l\u2019atelier est anim\u00e9 par les musiciens du jour. Le but est d\u2019\u00e9changer sur la musique qu\u2019ils \u00e9coutent ou qu\u2019ils aiment et le r\u00e9pertoire que le groupe d\u2019artistes d\u00e9fend.<\/p>\n<p>Apr\u00e8s avoir fait connaissance, les musiciens proposent d\u2019apprendre une rythmique, un bout de chanson, qui sera pr\u00e9sent\u00e9 lors du concert de l\u2019apr\u00e8s-midi.<\/p>\n<p>L\u2019apr\u00e8s-midi les familles et une classe de l\u2019\u00e9cole primaire sont invit\u00e9es au concert.<\/p>\n<p>En soir\u00e9e, le public est invit\u00e9 gratuitement pour le concert sur la terrasse du bar ou sur la place du village.<\/p>\n<p><strong>Le 5 juin \u00e0 Saint-Genest-Malifaux<\/strong><\/p>\n<p>Le jeudi 5 juin \u00e0 Saint-Genest-Malifaux, ce sera Luna&rsquo;s Quartet \u00e0 la Tarentaise<\/p>\n<p>La chanteuse Luna Garcia Odin s\u2019entoure de trois musiciens chevronn\u00e9s pour rendre un vibrant hommage \u00e0 Michel Legrand. Sa voix d\u2019une grande puret\u00e9 souligne \u00e0 merveille les m\u00e9lodies du c\u00e9l\u00e8bre compositeur, pour la plupart tir\u00e9es de musiques de films qui font d\u00e9finitivement partie de l\u2019inconscient collectif. Soutenue par une rythmique infaillible (Philippe Pipon Garcia \u00e0 la batterie, Thibaud Soulas \u00e0 la basse et Beno\u00eet Convert \u00e0 la guitare), la jeune chanteuse donne vie avec gr\u00e2ce \u00e0 un r\u00e9pertoire o\u00f9 l\u2019\u00e9motion et la puret\u00e9 m\u00e9lodique sont reines.<\/p>\n<p>Reservation conseill\u00e9e au 04 77 20 42 01<\/p>\n","protected":false},"excerpt":{"rendered":"Jazz au village revient pour la 6e ann\u00e9e ! Il sera de passage le 5 juin \u00e0 Saint-Genest-Malifaux.&hellip;\n","protected":false},"author":2,"featured_media":71194,"comment_status":"","ping_status":"","sticky":false,"template":"","format":"standard","meta":{"footnotes":""},"categories":[9653],"tags":[1111,2281,11,2430,1777,674,2282,1011,27,2280,2284,2285,2283,12,25,4001],"class_list":{"0":"post-71193","1":"post","2":"type-post","3":"status-publish","4":"format-standard","5":"has-post-thumbnail","7":"category-saint-etienne","8":"tag-actu","9":"tag-actualite-43","10":"tag-actualites","11":"tag-auvergne-rhone-alpes","12":"tag-eu","13":"tag-europe","14":"tag-faits-divers-auvergne","15":"tag-fr","16":"tag-france","17":"tag-information-haute-loire","18":"tag-infos-43","19":"tag-journal-haute-loire","20":"tag-la-commere-43","21":"tag-news","22":"tag-republique-francaise","23":"tag-saint-etienne"},"share_on_mastodon":{"url":"https:\/\/pubeurope.com\/@fr\/114442579711619196","error":""},"_links":{"self":[{"href":"https:\/\/www.europesays.com\/fr\/wp-json\/wp\/v2\/posts\/71193","targetHints":{"allow":["GET"]}}],"collection":[{"href":"https:\/\/www.europesays.com\/fr\/wp-json\/wp\/v2\/posts"}],"about":[{"href":"https:\/\/www.europesays.com\/fr\/wp-json\/wp\/v2\/types\/post"}],"author":[{"embeddable":true,"href":"https:\/\/www.europesays.com\/fr\/wp-json\/wp\/v2\/users\/2"}],"replies":[{"embeddable":true,"href":"https:\/\/www.europesays.com\/fr\/wp-json\/wp\/v2\/comments?post=71193"}],"version-history":[{"count":0,"href":"https:\/\/www.europesays.com\/fr\/wp-json\/wp\/v2\/posts\/71193\/revisions"}],"wp:featuredmedia":[{"embeddable":true,"href":"https:\/\/www.europesays.com\/fr\/wp-json\/wp\/v2\/media\/71194"}],"wp:attachment":[{"href":"https:\/\/www.europesays.com\/fr\/wp-json\/wp\/v2\/media?parent=71193"}],"wp:term":[{"taxonomy":"category","embeddable":true,"href":"https:\/\/www.europesays.com\/fr\/wp-json\/wp\/v2\/categories?post=71193"},{"taxonomy":"post_tag","embeddable":true,"href":"https:\/\/www.europesays.com\/fr\/wp-json\/wp\/v2\/tags?post=71193"}],"curies":[{"name":"wp","href":"https:\/\/api.w.org\/{rel}","templated":true}]}}