{"id":71215,"date":"2025-05-03T07:05:09","date_gmt":"2025-05-03T07:05:09","guid":{"rendered":"https:\/\/www.europesays.com\/fr\/71215\/"},"modified":"2025-05-03T07:05:09","modified_gmt":"2025-05-03T07:05:09","slug":"strasbourg-ateliers-projections-lectures-un-festival-consacre-aux-arts-et-cultures-de-lesclavage","status":"publish","type":"post","link":"https:\/\/www.europesays.com\/fr\/71215\/","title":{"rendered":"Strasbourg. Ateliers, projections, lectures&#8230; un festival consacr\u00e9 aux arts et cultures de l\u2019esclavage"},"content":{"rendered":"<p>\u00ab\u00a0Nous voulons montrer la diversit\u00e9 des arts issus de cette p\u00e9riode complexe\u00a0\u00bb, pr\u00e9sente \u00c9lise Vuitton, pr\u00e9sidente de l\u2019association strasbourgeoise Jalmik, organisatrice du <a href=\"https:\/\/www.dna.fr\/culture-loisirs\/2025\/04\/13\/une-affiche-exceptionnelle-pour-une-journee-de-fraternite-sous-le-signe-du-gospel\" target=\"_blank\" rel=\"nofollow noopener\">festival gospel Aux racines de l\u2019esclavage<\/a>. \u00ab\u00a0C\u2019est important de parler de cette p\u00e9riode, ce n\u2019est pas une m\u00e9moire accessible \u00e0 tous, il y a des gens qui ont du mal, mais on propose des \u00e9v\u00e9nements pour approfondir et r\u00e9fl\u00e9chir. On ouvre une br\u00e8che, \u00e0 chacun de creuser.\u00a0\u00bb<\/p>\n<p>Un temps d\u2019\u00e9changes sera ainsi propos\u00e9 le mercredi 7\u00a0mai (\u00e0 18\u00a0h) sur le th\u00e8me \u00ab\u00a0Affranchis ou esclaves\u00a0?\u00a0\u00bb et r\u00e9unira artistes, comme le musicien Ted Beaubrun, et universitaires au centre socioculturel (CSC) de Hautepierre, 4 rue Tolsto\u00ef. Le dimanche 11\u00a0mai, la projection de  Hijos de la Huaca  en pr\u00e9sence des r\u00e9alisateurs se penche sur l\u2019histoire p\u00e9ruvienne, tandis que la s\u00e9rie  Les routes de l\u2019esclavage d\u2019Arte donne mati\u00e8re \u00e0 r\u00e9flexion, tout comme l\u2019exposition \u201cles Masques d\u2019Afrique\u201d, des ateliers d\u2019\u00e9criture et de prise de parole, lectures et animations diverses.<\/p>\n<p>Ce contenu est bloqu\u00e9 car vous n&rsquo;avez pas accept\u00e9 les cookies et autres traceurs.<\/p>\n<p>En cliquant sur \u00ab J\u2019accepte \u00bb, les cookies et autres traceurs seront d\u00e9pos\u00e9s et vous pourrez visualiser les contenus  (<a href=\"\" class=\"consentModule_policy\" target=\"_blank\" title=\"Consulter la politique de protection des donn\u00e9es du fournisseur\">plus d&rsquo;informations<\/a>).<\/p>\n<p>En cliquant sur \u00ab J\u2019accepte tous les cookies \u00bb, vous autorisez des d\u00e9p\u00f4ts de cookies et autres traceurs pour le stockage de vos donn\u00e9es sur nos sites et applications \u00e0 des fins de personnalisation et de ciblage publicitaire.<\/p>\n<p class=\"consentModule_secondaryText\">Vous gardez la possibilit\u00e9 de retirer votre consentement \u00e0 tout moment en consultant notre <a href=\"https:\/\/www.dna.fr\/protection-des-donnees\" target=\"_blank\" title=\"Consulter notre politique de protection des donn\u00e9es\" rel=\"nofollow noopener\">politique de protection des donn\u00e9es<\/a>. <br \/>&#13;<br \/>\n            <a href=\"https:\/\/www.dna.fr\/culture-loisirs\/2025\/05\/03\/javascript:Didomi.notice.show()\" class=\"consentModule_cmp\" rel=\"nofollow noopener\" target=\"_blank\">G\u00e9rer mes choix<\/a>&#13;\n        <\/p>\n<p>&#13;<br \/>\n                        J&rsquo;accepte&#13;<br \/>\n            J&rsquo;accepte tous les cookies&#13;\n        <\/p>\n<p>  Jazz et gospel<\/p>\n<p>Plusieurs t\u00eates d\u2019affiche se partagent la sc\u00e8ne entre le CSC de la Meinau et celui du Galet \u00e0 Hautepierre\u00a0: le jazz et gospel de<a href=\"https:\/\/www.dna.fr\/culture\/2019\/06\/30\/salif-keita-la-nuit-ensoleillee\" target=\"_blank\" rel=\"nofollow noopener\"> Mario Canonge<\/a> berc\u00e9 de musique antillaise, accompagn\u00e9 du Sun Gospel Singers (samedi 10\u00a0mai \u00e0 20\u00a0h\u00a030, 1 rue de Bourgogne)\u00a0; les musiques afro-cubaines de Grupo Son Timbero (jeudi 8\u00a0mai \u00e0 21\u00a0h, 1 rue de Bourgogne), le trio reggae Twan et les B\u00e9esses (mercredi 7\u00a0mai \u00e0 21\u00a0h, 4 avenue Tolsto\u00ef)\u00a0; les danses afro-cubaines de Lion Family (vendredi 9\u00a0mai \u00e0 20\u00a0h, 1 rue de Bourgogne).<\/p>\n<p>Loin de se limiter aux aspects musicaux, le festival se veut un lieu de partage des savoirs avec cours de capoeira, coco, gamelan balinais, percussions, stage vocal\u2026 Un march\u00e9 artisanal des trois continents issus du commerce triangulaire (Afrique, Europe, Am\u00e9rique) se d\u00e9roule simultan\u00e9ment au CSC de la Meinau, 1 rue de Bourgogne, du 8 au 11\u00a0mai de 14\u00a0h \u00e0 22\u00a0h.<\/p>\n<p class=\"note\">Tarif\u00a0: \u00e0 partir de 10\u00a0\u20ac. Programme sur <a href=\"https:\/\/auxracinesdelesclavage.com\/programme\/\" target=\"_blank\" rel=\"nofollow noopener\">auxracinesdelesclavage.com<\/a><\/p>\n","protected":false},"excerpt":{"rendered":"\u00ab\u00a0Nous voulons montrer la diversit\u00e9 des arts issus de cette p\u00e9riode complexe\u00a0\u00bb, pr\u00e9sente \u00c9lise Vuitton, pr\u00e9sidente de l\u2019association&hellip;\n","protected":false},"author":2,"featured_media":71216,"comment_status":"","ping_status":"","sticky":false,"template":"","format":"standard","meta":{"footnotes":""},"categories":[2820],"tags":[1111,11,6211,1687,2880,1777,674,107,1011,27,775,873,12,5486,4043,25,953,640,2879],"class_list":{"0":"post-71215","1":"post","2":"type-post","3":"status-publish","4":"format-standard","5":"has-post-thumbnail","7":"category-strasbourg","8":"tag-actu","9":"tag-actualites","10":"tag-conference","11":"tag-culture-loisirs","12":"tag-edition-strasbourg","13":"tag-eu","14":"tag-europe","15":"tag-fil-info","16":"tag-fr","17":"tag-france","18":"tag-grand-est","19":"tag-musique","20":"tag-news","21":"tag-rencontre","22":"tag-repas-et-the-dansant","23":"tag-republique-francaise","24":"tag-soiree","25":"tag-strasbourg","26":"tag-strasbourg-ville"},"share_on_mastodon":{"url":"https:\/\/pubeurope.com\/@fr\/114442634800515613","error":""},"_links":{"self":[{"href":"https:\/\/www.europesays.com\/fr\/wp-json\/wp\/v2\/posts\/71215","targetHints":{"allow":["GET"]}}],"collection":[{"href":"https:\/\/www.europesays.com\/fr\/wp-json\/wp\/v2\/posts"}],"about":[{"href":"https:\/\/www.europesays.com\/fr\/wp-json\/wp\/v2\/types\/post"}],"author":[{"embeddable":true,"href":"https:\/\/www.europesays.com\/fr\/wp-json\/wp\/v2\/users\/2"}],"replies":[{"embeddable":true,"href":"https:\/\/www.europesays.com\/fr\/wp-json\/wp\/v2\/comments?post=71215"}],"version-history":[{"count":0,"href":"https:\/\/www.europesays.com\/fr\/wp-json\/wp\/v2\/posts\/71215\/revisions"}],"wp:featuredmedia":[{"embeddable":true,"href":"https:\/\/www.europesays.com\/fr\/wp-json\/wp\/v2\/media\/71216"}],"wp:attachment":[{"href":"https:\/\/www.europesays.com\/fr\/wp-json\/wp\/v2\/media?parent=71215"}],"wp:term":[{"taxonomy":"category","embeddable":true,"href":"https:\/\/www.europesays.com\/fr\/wp-json\/wp\/v2\/categories?post=71215"},{"taxonomy":"post_tag","embeddable":true,"href":"https:\/\/www.europesays.com\/fr\/wp-json\/wp\/v2\/tags?post=71215"}],"curies":[{"name":"wp","href":"https:\/\/api.w.org\/{rel}","templated":true}]}}