{"id":71221,"date":"2025-05-03T07:08:07","date_gmt":"2025-05-03T07:08:07","guid":{"rendered":"https:\/\/www.europesays.com\/fr\/71221\/"},"modified":"2025-05-03T07:08:07","modified_gmt":"2025-05-03T07:08:07","slug":"des-balades-en-quad-sur-la-cote-dazur","status":"publish","type":"post","link":"https:\/\/www.europesays.com\/fr\/71221\/","title":{"rendered":"des balades en quad sur la C\u00f4te d&rsquo;Azur"},"content":{"rendered":"<p>            Par<br \/>\n        <strong><br \/>\n            <a href=\"https:\/\/actu.fr\/auteur\/ugo-maillard\" title=\"Consulter tous les articles de Ugo Maillard\" rel=\"nofollow noopener\" target=\"_blank\">Ugo Maillard<\/a><br \/>\n        <\/strong><\/p>\n<p>        Publi\u00e9 le<\/p>\n<p>            3 mai 2025 \u00e0 8h36        <\/p>\n<p>Une nouvelle mani\u00e8re de d\u00e9couvrir le littoral. La soci\u00e9t\u00e9 Luxury Quad propose depuis le 14\u00a0f\u00e9vrier 2025 des <strong>balades d\u2019une heure et demie en quad<\/strong> sur le bord de mer de <a href=\"https:\/\/actu.fr\/nice\/\" rel=\"nofollow noopener\" target=\"_blank\">Nice<\/a> et de Villefranche-sur-Mer (<a href=\"https:\/\/actu.fr\/provence-alpes-cote-d-azur\/alpes-maritimes_06\" rel=\"nofollow noopener\" target=\"_blank\">Alpes-Maritimes<\/a>).<\/p>\n<p class=\" wall-content\">Une activit\u00e9 in\u00e9dite sur la C\u00f4te d\u2019Azur qui a d\u2019ores et d\u00e9j\u00e0 trouv\u00e9 son public, selon les \u00e9quipes.<\/p>\n<p class=\" wall-content\">D\u00e9couvrez comment profiter de cette exp\u00e9rience agr\u00e9ment\u00e9e des commentaires d\u2019un <strong>guide touristique<\/strong>.<\/p>\n<p>45\u00a0euros pour une visite guid\u00e9e<\/p>\n<p class=\" wall-content\">Ces derni\u00e8res semaines, vous avez peut-\u00eatre vu passer des convois de <strong>quatre \u00e0 cinq quads<\/strong> sur la promenade des Anglais. Il s\u2019agit d\u2019un service propos\u00e9 par la soci\u00e9t\u00e9 <a href=\"https:\/\/luxuryquadnice.fr\/\" rel=\"nofollow noopener\" target=\"_blank\">Luxury Quad<\/a>, d\u00e9j\u00e0 pr\u00e9sente depuis deux ans \u00e0 Paris.<\/p>\n<p class=\" wall-content\">C\u2019est au 53 Rue de l\u2019H\u00f4tel des Postes \u00e0 Nice que votre aventure commence. En d\u00e9boursant la somme de 45 euros, un parcours d\u20191\u2009h\u200930 \u00e0 travers Nice vous est propos\u00e9. En t\u00eate du cort\u00e8ge, un <strong>guide touristique<\/strong> rythme la visite, avec des informations sur le patrimoine et l\u2019histoire de la ville.<\/p>\n<p>Vid\u00e9os : en ce moment sur Actu<\/p>\n<blockquote class=\"ac-article-quote wall-content\">\n<p>On est super content des premi\u00e8res semaines puisqu&rsquo;on a eu beaucoup de clients. On profite de notre belle notori\u00e9t\u00e9 gr\u00e2ce aux agences de voyage, h\u00f4tel et r\u00e9seaux sociaux.<\/p>\n<p>    <strong>Arden<\/strong><br \/>\n        Luxury Quad    <\/p><\/blockquote>\n<p class=\" wall-content\">\u00ab\u2009Les clients passent par la promenade des Anglais, la place Massena et la baie de Villefranche-sur-Mer\u2009\u00bb, indique Arden \u00e0 actu Nice, du service marketing de l\u2019entreprise.<\/p>\n<p class=\" wall-content\">Ouvertes tous les jours en fonction des r\u00e9servations, les balades sont organis\u00e9es en d\u00e9but d\u2019apr\u00e8s-midi et en fin de soir\u00e9e.<\/p>\n<p class=\" wall-content\"><a href=\"https:\/\/www.instagram.com\/p\/DHqEf3RoEM2\/embed\" title=\"Ouvrir le lien sur Instagram\" rel=\"nofollow noopener\" target=\"_blank\">Visualiser le contenu sur Instagram<\/a><\/p>\n<p>Pas d\u2019ouverture pr\u00e9vue sur d\u2019autres villes de la C\u00f4te d\u2019Azur<\/p>\n<p class=\" wall-content\">Pl\u00e9biscit\u00e9es par les jeunes, \u00ab\u2009que ce soit des groupes d\u2019amis ou des couples\u2009\u00bb, les balades en quad sont accessibles aux personnes ayant un permis B ou un BSR.<\/p>\n<p class=\" wall-content\">Interrog\u00e9 sur une volont\u00e9 d\u2019expansion sur d\u2019autres villes de la C\u00f4te d\u2019Azur, Arden confie que Luxury Quad pr\u00e9f\u00e8re se concentrer sur Nice et sa client\u00e8le.<\/p>\n<p class=\" wall-content\">Suivez toute l\u2019actualit\u00e9 de vos villes et m\u00e9dias favoris en vous inscrivant \u00e0 <a href=\"https:\/\/moncompte.actu.fr\" title=\"D\u00e9couvez Mon Actu\" rel=\"nofollow noopener\" data-trk=\"{&quot;cta&quot;:{&quot;action&quot;:&quot;https:\\\/\\\/moncompte.actu.fr&quot;,&quot;category&quot;:&quot;mon compte&quot;,&quot;from&quot;:&quot;article footer&quot;,&quot;name&quot;:&quot;Mon actu&quot;,&quot;type&quot;:&quot;cta&quot;}}\" target=\"_blank\">Mon Actu<\/a>.<\/p>\n<p>                    <script async src=\"\/\/www.instagram.com\/embed.js\"><\/script><\/p>\n","protected":false},"excerpt":{"rendered":"Par Ugo Maillard Publi\u00e9 le 3 mai 2025 \u00e0 8h36 Une nouvelle mani\u00e8re de d\u00e9couvrir le littoral. La&hellip;\n","protected":false},"author":2,"featured_media":71222,"comment_status":"","ping_status":"","sticky":false,"template":"","format":"standard","meta":{"footnotes":""},"categories":[2819],"tags":[1111,11,1777,674,1011,27,1305,12,2401,882,25],"class_list":{"0":"post-71221","1":"post","2":"type-post","3":"status-publish","4":"format-standard","5":"has-post-thumbnail","7":"category-nice","8":"tag-actu","9":"tag-actualites","10":"tag-eu","11":"tag-europe","12":"tag-fr","13":"tag-france","14":"tag-lifestyle","15":"tag-news","16":"tag-nice","17":"tag-provence-alpes-cote-dazur","18":"tag-republique-francaise"},"share_on_mastodon":{"url":"https:\/\/pubeurope.com\/@fr\/114442646745966090","error":""},"_links":{"self":[{"href":"https:\/\/www.europesays.com\/fr\/wp-json\/wp\/v2\/posts\/71221","targetHints":{"allow":["GET"]}}],"collection":[{"href":"https:\/\/www.europesays.com\/fr\/wp-json\/wp\/v2\/posts"}],"about":[{"href":"https:\/\/www.europesays.com\/fr\/wp-json\/wp\/v2\/types\/post"}],"author":[{"embeddable":true,"href":"https:\/\/www.europesays.com\/fr\/wp-json\/wp\/v2\/users\/2"}],"replies":[{"embeddable":true,"href":"https:\/\/www.europesays.com\/fr\/wp-json\/wp\/v2\/comments?post=71221"}],"version-history":[{"count":0,"href":"https:\/\/www.europesays.com\/fr\/wp-json\/wp\/v2\/posts\/71221\/revisions"}],"wp:featuredmedia":[{"embeddable":true,"href":"https:\/\/www.europesays.com\/fr\/wp-json\/wp\/v2\/media\/71222"}],"wp:attachment":[{"href":"https:\/\/www.europesays.com\/fr\/wp-json\/wp\/v2\/media?parent=71221"}],"wp:term":[{"taxonomy":"category","embeddable":true,"href":"https:\/\/www.europesays.com\/fr\/wp-json\/wp\/v2\/categories?post=71221"},{"taxonomy":"post_tag","embeddable":true,"href":"https:\/\/www.europesays.com\/fr\/wp-json\/wp\/v2\/tags?post=71221"}],"curies":[{"name":"wp","href":"https:\/\/api.w.org\/{rel}","templated":true}]}}