{"id":71225,"date":"2025-05-03T07:10:08","date_gmt":"2025-05-03T07:10:08","guid":{"rendered":"https:\/\/www.europesays.com\/fr\/71225\/"},"modified":"2025-05-03T07:10:08","modified_gmt":"2025-05-03T07:10:08","slug":"louis-de-bourbon-regrette-la-disparition-provisoire-de-la-statue-de-son-ancetre-louis-xvi","status":"publish","type":"post","link":"https:\/\/www.europesays.com\/fr\/71225\/","title":{"rendered":"Louis de Bourbon regrette la disparition provisoire de la statue de son anc\u00eatre Louis XVI"},"content":{"rendered":"<p>Le pr\u00e9tendant au tr\u00f4ne de France qualifie le projet artistique du Voyage \u00e0 Nantes de \u00ablubies faussement artistiques mais vraiment r\u00e9volutionnaires\u00bb.<\/p>\n<p class=\"fig-paragraph\">La disparition \u00e9ph\u00e9m\u00e8re de\u00a0<a href=\"http:\/\/www.lefigaro.fr\/nantes\/nantes-la-statue-de-louis-xvi-va-disparaitre-du-centre-ville-pour-les-besoins-d-une-installation-d-art-contemporain-20250430\" target=\"_blank\" data-fig-type=\"NewsFlash\" rel=\"noopener nofollow\" data-gtm-custom-categorie=\"navigation\" data-gtm-custom-action=\"crossclick\" data-gtm-custom-label=\"Contextuel\" data-gtm-event=\"customEventSPE\" data-fig-domain=\"LEFIGARO\">la statue de Louis XVI \u00e0 Nantes<\/a>\u00a0irrite l\u2019un de ses descendants. Dans un message Facebook cinglant, le prince\u00a0<a href=\"http:\/\/www.lefigaro.fr\/vox\/societe\/louis-de-bourbon-mes-voeux-pour-2023-20230121\" target=\"_blank\" data-fig-type=\"Article\" rel=\"noopener nofollow\" data-gtm-custom-categorie=\"navigation\" data-gtm-custom-action=\"crossclick\" data-gtm-custom-label=\"Contextuel\" data-gtm-event=\"customEventSPE\" data-fig-domain=\"LEFIGARO\">Louis de Bourbon<\/a>, l\u2019un des deux\u00a0<a href=\"https:\/\/madame.lefigaro.fr\/celebrites\/louis-xx-de-bourbon-le-pretendant-au-trone-de-france-111218-162568\" target=\"_blank\" data-fig-type=\"Article\" rel=\"noopener nofollow\" data-gtm-custom-categorie=\"navigation\" data-gtm-custom-action=\"crossclick\" data-gtm-custom-label=\"Contextuel\" data-gtm-event=\"customEventSPE\" data-fig-domain=\"MADAME\">pr\u00e9tendants au tr\u00f4ne de France<\/a>, a vivement critiqu\u00e9 ce projet artistique. Dans le cadre du\u00a0<a href=\"http:\/\/www.lefigaro.fr\/nantes\/le-voyage-a-nantes-mise-sur-des-oeuvres-vegetales-pour-attirer-l-attention-sur-les-arbres-20240704\" target=\"_blank\" data-fig-type=\"NewsFlash\" rel=\"noopener nofollow\" data-gtm-custom-categorie=\"navigation\" data-gtm-custom-action=\"crossclick\" data-gtm-custom-label=\"Contextuel\" data-gtm-event=\"customEventSPE\" data-fig-domain=\"LEFIGARO\">Voyage \u00e0 Nantes<\/a>\u00a0dont l\u2019\u00e9dition estivale s\u2019intitule \u00abL\u2019\u00e9trange \u00e9t\u00e9\u00bb, la sculpture va en effet \u00eatre encadr\u00e9e par une structure en miroirs dissipant le souverain d\u00e9funt.<\/p>\n<p class=\"fig-paragraph\">\u00abCe dispositif invite \u00e0 r\u00e9interroger la pr\u00e9sence des symboles monarchiques dans l\u2019espace public\u00bb, explique le dossier de presse consacr\u00e9 \u00e0 l\u2019\u00e9v\u00e9nement pr\u00e9vu du 28 juin au 31 ao\u00fbt. L\u2019\u0153uvre est sign\u00e9e Iv\u00e1n Argote, un artiste colombien qui \u00abremet en cause certains r\u00e9cits historiques dominants et tente d\u2019en proposer des versions alternatives\u00bb, pr\u00e9cise le communiqu\u00e9, ajoutant que son travail est souvent \u00abempreint d\u2019humour et de po\u00e9sie\u00bb.<\/p>\n<blockquote class=\"fig-quote&#10;    \">\n<p class=\"fig-quote__text\">Hier c\u2019\u00e9tait saint Louis que l\u2019on voulait d\u00e9boulonner, aujourd\u2019hui Louis XVI, demain sera donc le tour d\u2019Henri IV\u00a0?<\/p>\n<p>            Prince Louis de Bourbon, duc d\u2019Anjou\n    <\/p><\/blockquote>\n<p class=\"fig-paragraph\">Cette initiative contemporaine ne fait absolument pas rire Louis XX. \u00abJe ne laisserai personne pi\u00e9tiner l\u2019h\u00e9ritage de nos rois sans protester. Ils n\u2019effaceront pas 1000 ans d\u2019histoire royale en toute impunit\u00e9\u00bb, a r\u00e9agi fermement vendredi matin le Duc d\u2019Anjou, sur sa page Facebook. L\u2019ancien roi de France est l\u2019un de ses grands-oncles. \u00ab\u00c0 plus d\u2019un titre, Louis XVI s\u2019est distingu\u00e9 par sa bont\u00e9 et sa magnanimit\u00e9 envers les Fran\u00e7ais. Et seules deux statues (dans l\u2019espace public, NDLR) honorent encore sa m\u00e9moire en France. J\u2019entends donc qu\u2019elles soient respect\u00e9es et non qu\u2019elles soient l\u2019objet de lubies faussement artistiques mais vraiment r\u00e9volutionnaires\u00bb, d\u00e9fend-il, faisant r\u00e9f\u00e9rence \u00e0 celle du Loroux-Bottereau. Une troisi\u00e8me tr\u00f4ne au ch\u00e2teau de Caradeuc (Ille-et-Vilaine) et une derni\u00e8re dans l\u2019ancienne abbaye du village de Sor\u00e8ze (Tarn). Celle de Nantes a \u00e9t\u00e9 inaugur\u00e9e dans sa version finale en 1823.<\/p>\n<p class=\"fig-paragraph\">Celui qui n\u2019h\u00e9site pas \u00e0 s\u2019exprimer publiquement, comme en 2018, o\u00f9 il avait soutenu\u00a0<a href=\"https:\/\/www.lefigaro.fr\/culture\/2018\/12\/10\/03004-20181210ARTFIG00268-louis-xx-le-pretendant-au-trone-de-france-majeste-des-gilets-jaunes.php\" target=\"_blank\" data-fig-type=\"Article\" rel=\"noopener nofollow\" data-gtm-custom-categorie=\"navigation\" data-gtm-custom-action=\"crossclick\" data-gtm-custom-label=\"Contextuel\" data-gtm-event=\"customEventSPE\" data-fig-domain=\"LEFIGARO\">les \u00abgilets jaunes\u00bb<\/a>, n\u2019exclut pas de venir \u00e0 Nantes si ses d\u00e9placements le lui permettent. \u00abIl est paradoxal que la m\u00e9moire du monarque qui a le plus fait pour l\u2019abolition de l\u2019esclavage soit ainsi bafou\u00e9e dans la ville la plus impliqu\u00e9e dans la traite et qui opposa le plus de r\u00e9sistance \u00e0 son abolition\u00bb, ajoute le chef de la maison de Bourbon, contact\u00e9 par Le Figaro.<\/p>\n<p class=\"fig-paragraph\">Plus g\u00e9n\u00e9ralement, il regrette le manque de consid\u00e9ration pour le pass\u00e9. \u00abJe ne sais pas si une seule p\u00e9riode de notre histoire commune trouve gr\u00e2ce aux yeux des censeurs contemporains. Tous ceux qui nous ont pr\u00e9c\u00e9d\u00e9s sont presque automatiquement marqu\u00e9s du sceau de l\u2019infamie et du m\u00e9pris collectif. Nous ne savons plus reconna\u00eetre le respect d\u00fb \u00e0 ceux qui nous ont transmis un h\u00e9ritage s\u00e9culaire dont nous ne sommes que les passeurs\u00bb, expose le descendant du roi guillotin\u00e9. Tout en restant lucide. \u00abEst-ce \u00e0 dire que tout ce qui appartient \u00e0 l\u2019histoire est forc\u00e9ment bien\u00a0? Non, \u00e9videmment pas. Tout ne se vaut pas. Mais je ne suis pas certain que de vouloir effacer le souvenir de Louis XVI, figure politique paternelle et magnanime pour les Fran\u00e7ais de son \u00e9poque, soit un tr\u00e8s bon signal. Hier c\u2019\u00e9tait saint Louis que l\u2019on voulait d\u00e9boulonner, aujourd\u2019hui Louis XVI, demain sera donc le tour d\u2019Henri\u00a0IV\u00a0?\u00bb, conclut-il. R\u00e9cemment, le tribunal administratif de Dijon a estim\u00e9 que la\u00a0<a href=\"http:\/\/www.lefigaro.fr\/actualite-france\/une-statue-de-saint-louis-dans-un-lieu-public-n-offense-pas-la-laicite-estime-la-justice-20250427\" target=\"_blank\" data-fig-type=\"Article\" rel=\"noopener nofollow\" data-gtm-custom-categorie=\"navigation\" data-gtm-custom-action=\"crossclick\" data-gtm-custom-label=\"Contextuel\" data-gtm-event=\"customEventSPE\" data-fig-domain=\"LEFIGARO\">statue de Louis IX<\/a>\u00a0de Bourbon-Lancy (Sa\u00f4ne-et-Loire), n\u2019offensait pas la la\u00efcit\u00e9.<\/p>\n","protected":false},"excerpt":{"rendered":"Le pr\u00e9tendant au tr\u00f4ne de France qualifie le projet artistique du Voyage \u00e0 Nantes de \u00ablubies faussement artistiques&hellip;\n","protected":false},"author":2,"featured_media":71226,"comment_status":"","ping_status":"","sticky":false,"template":"","format":"standard","meta":{"footnotes":""},"categories":[2818],"tags":[1111,11,1777,674,462,1011,27,2640,2642,16453,17380,766,2638,2643,2637,2639,2646,2645,2641,2635,2644,2647,12,2636,25,11600],"class_list":{"0":"post-71225","1":"post","2":"type-post","3":"status-publish","4":"format-standard","5":"has-post-thumbnail","7":"category-nantes","8":"tag-actu","9":"tag-actualites","10":"tag-eu","11":"tag-europe","12":"tag-fc-nantes","13":"tag-fr","14":"tag-france","15":"tag-hauts-paves-saint-felix","16":"tag-ile-de-nantes","17":"tag-louis-xvi","18":"tag-monarchie","19":"tag-nantes","20":"tag-nantes-bellevue-chantenay-sainte-anne","21":"tag-nantes-breil-barberie","22":"tag-nantes-centre-ville","23":"tag-nantes-dervallieres-zola","24":"tag-nantes-doulon-bottiere","25":"tag-nantes-erdre","26":"tag-nantes-malakoff-saint-donatien","27":"tag-nantes-metropole","28":"tag-nantes-nord","29":"tag-nantes-sud","30":"tag-news","31":"tag-pays-de-la-loire","32":"tag-republique-francaise","33":"tag-statue"},"share_on_mastodon":{"url":"https:\/\/pubeurope.com\/@fr\/114442654384828369","error":""},"_links":{"self":[{"href":"https:\/\/www.europesays.com\/fr\/wp-json\/wp\/v2\/posts\/71225","targetHints":{"allow":["GET"]}}],"collection":[{"href":"https:\/\/www.europesays.com\/fr\/wp-json\/wp\/v2\/posts"}],"about":[{"href":"https:\/\/www.europesays.com\/fr\/wp-json\/wp\/v2\/types\/post"}],"author":[{"embeddable":true,"href":"https:\/\/www.europesays.com\/fr\/wp-json\/wp\/v2\/users\/2"}],"replies":[{"embeddable":true,"href":"https:\/\/www.europesays.com\/fr\/wp-json\/wp\/v2\/comments?post=71225"}],"version-history":[{"count":0,"href":"https:\/\/www.europesays.com\/fr\/wp-json\/wp\/v2\/posts\/71225\/revisions"}],"wp:featuredmedia":[{"embeddable":true,"href":"https:\/\/www.europesays.com\/fr\/wp-json\/wp\/v2\/media\/71226"}],"wp:attachment":[{"href":"https:\/\/www.europesays.com\/fr\/wp-json\/wp\/v2\/media?parent=71225"}],"wp:term":[{"taxonomy":"category","embeddable":true,"href":"https:\/\/www.europesays.com\/fr\/wp-json\/wp\/v2\/categories?post=71225"},{"taxonomy":"post_tag","embeddable":true,"href":"https:\/\/www.europesays.com\/fr\/wp-json\/wp\/v2\/tags?post=71225"}],"curies":[{"name":"wp","href":"https:\/\/api.w.org\/{rel}","templated":true}]}}