{"id":71257,"date":"2025-05-03T07:28:13","date_gmt":"2025-05-03T07:28:13","guid":{"rendered":"https:\/\/www.europesays.com\/fr\/71257\/"},"modified":"2025-05-03T07:28:13","modified_gmt":"2025-05-03T07:28:13","slug":"fedir-jeune-refugie-ayant-fui-lukraine-decouvre-lagriculture-dans-une-ferme-pres-de-sable-sur-sarthe","status":"publish","type":"post","link":"https:\/\/www.europesays.com\/fr\/71257\/","title":{"rendered":"Fedir, jeune r\u00e9fugi\u00e9 ayant fui l&rsquo;Ukraine, d\u00e9couvre l&rsquo;agriculture dans une ferme pr\u00e8s de Sabl\u00e9-sur-Sarthe"},"content":{"rendered":"<p>            Par<br \/>\n        <strong><br \/>\n            <a href=\"https:\/\/actu.fr\/auteur\/emilie-jouvin\" title=\"Consulter tous les articles de Emilie Jouvin\" target=\"_blank\" rel=\"noopener\">Emilie Jouvin<\/a><br \/>\n        <\/strong><\/p>\n<p>        Publi\u00e9 le<\/p>\n<p>            3 mai 2025 \u00e0 6h00        <\/p>\n<p>V\u00eatu de sa cotte de travail verte et au milieu des champs peupl\u00e9s de vaches Salers,<b> Fedir<\/b>, 18\u00a0ans, semble heureux. Dans<b> l\u2019exploitation<\/b> de <b>Suzanne<\/b> et<b> Angelo Carbonel<\/b>, \u00e0<b> Bouessay<\/b>, pr\u00e8s de <b>Sabl\u00e9-sur-Sarthe (Sarthe)<\/b>, le <b>jeune r\u00e9fugi\u00e9 ukrainien<\/b> d\u00e9couvre<b> l\u2019agriculture<\/b>, un milieu qui le passionne et dont il veut faire son m\u00e9tier.<\/p>\n<p>Fedir a fui l\u2019Ukraine dans l\u2019urgence, jusqu\u2019\u00e0 Sabl\u00e9-sur-Sarthe\u00a0<\/p>\n<p class=\" wall-content\">\u00ab Mes grands-parents ont une maison avec un beau jardin, c\u2019est \u00e0 leurs c\u00f4t\u00e9s, que j\u2019ai d\u00e9couvert la nature \u00bb, rapporte-t-il, sourire aux l\u00e8vres et yeux brillants d\u2019\u00e9motion. Ce grand jardin familial, o\u00f9 il a de pr\u00e9cieux souvenirs, se situe loin d\u2019ici, dans la r\u00e9gion du <b>Donbass<\/b>, \u00e0 l\u2019Est de <b>l\u2019Ukraine<\/b>.<\/p>\n<p class=\" wall-content\">C\u2019est de l\u00e0-bas, plus pr\u00e9cis\u00e9ment de la ville de<b> Sloviansk<\/b>, qu\u2019il est arriv\u00e9 en<b> mars\u00a02022<\/b>, apr\u00e8s<b> l\u2019invasion russe<\/b>. Fedir, comme des millions d\u2019Ukrainiens, a d\u00fb fuir son<b> pays en guerre <\/b>dans l\u2019urgence, avec<b> sa maman<\/b>. Tous deux ont trouv\u00e9 refuge \u00e0<b> Sabl\u00e9-sur-Sarthe<\/b>, o\u00f9 ils sont depuis log\u00e9s dans un appartement de la ville gr\u00e2ce \u00e0 une coop\u00e9ration avec la Croix rouge.<\/p>\n<p class=\" wall-content\">Tr\u00e8s vite, le jeune gar\u00e7on a \u00e9t\u00e9 scolaris\u00e9. D\u2019abord au lyc\u00e9e Saint-Anne, puis au<b> lyc\u00e9e agricole Val de Sarthe<\/b>, o\u00f9 il rejoint un <b>Bac pro conduite et gestion de l\u2019entreprise agricole (CGEA)<\/b>. Il n\u2019a alors que 15\u00a0ans et \u00ab d\u00e9barque dans une classe de premi\u00e8re sans parler fran\u00e7ais \u00bb, retrace <b>Pierre Paterne<\/b>, le<b> maire de Bouessay<\/b> qui est aussi membre de <b>l\u2019Association d\u2019amiti\u00e9 entre le Pays sabolien et la R\u00e9gion de Drohobytch<\/b>.<\/p>\n<p>      <img   decoding=\"async\" loading=\"lazy\" class=\"size-large\" src=\"https:\/\/www.europesays.com\/fr\/wp-content\/uploads\/2025\/05\/bef35c0a0a08698045c0a0a0891145v-960x640.jpg\" alt=\"Fedir, Ukrainien stage ferme Bouessay\" width=\"960\" height=\"640\"\/><br \/>\n    Le jeune Ukrainien a toujours le sourire. \u00a9Emilie JOUVIN \u2013 Les Nouvelles de Sabl\u00e9<\/p>\n<p class=\" wall-content\">C\u2019est lors d\u2019une manifestation organis\u00e9e par cette association, que l\u2019\u00e9lu a eu l\u2019occasion de rencontrer Fedir. \u00ab Il m\u2019a dit qu\u2019il cherchait un stage dans une exploitation agricole. J\u2019ai tout de suite pens\u00e9 \u00e0 La Ferri\u00e8re, dans ma commune \u00bb, se souvient l\u2019\u00e9lu.<\/p>\n<p class=\" wall-content\">Probl\u00e8me : Fedir ne se d\u00e9place qu\u2019\u00e0 v\u00e9lo, et de Sabl\u00e9-sur-Sarthe, le trajet est trop long.<\/p>\n<blockquote class=\"ac-article-quote wall-content\">\n<p>J\u2019ai donc propos\u00e9 de l\u2019h\u00e9berger chez moi. J\u2019ai de la place et j\u2019ai envie de lui donner toutes les chances de r\u00e9ussir, en facilitant son cursus de formation.<\/p>\n<p>Pierre Paterne, maire de Bouessay\u00a0<\/p><\/blockquote>\n<p class=\" wall-content\">C\u2019est ainsi que depuis septembre\u00a02023, Fedir troque les baskets contre les bottes, \u00e0 chaque vacances scolaires.<\/p>\n<p>\u00ab Je m\u2019occupe beaucoup des animaux \u00bb<\/p>\n<p class=\" wall-content\">Dans la <b>ferme de La Ferri\u00e8re<\/b>, aux c\u00f4t\u00e9s de Suzanne et Angelo Carbonel, le jeune r\u00e9fugi\u00e9 qui ma\u00eetrise maintenant le fran\u00e7ais s\u2019\u00e9panouit. \u00ab Je me sens bien dans les grands espaces et j\u2019adore le contact avec les animaux \u00bb, nous confiait-il mercredi 23 avril 2025, lors d\u2019une nouvelle journ\u00e9e de travail dans l\u2019exploitation sp\u00e9cialis\u00e9e dans la volaille, les vaches allaitantes et les cultures.<\/p>\n<p class=\" wall-content\">Un environnement qui sied au lyc\u00e9en, dont les missions sont vari\u00e9es : \u00ab Ramasser et trier les \u0153ufs, nourrir les vaches, les poules, nettoyer les locaux mais aussi travailler dans les champs. \u00bb Fedir sait ainsi manier tracteur et chariot t\u00e9lescopique ! Et son aide est bienvenue, dans l\u2019\u00e9quipe compos\u00e9e d\u2019Antoine, salari\u00e9, et Th\u00e9ophile, apprenti.<\/p>\n<blockquote class=\"ac-article-quote wall-content\">\n<p>Nous avons tout de suite accept\u00e9 de le prendre en stage. Pour nous, c\u2019est aussi l\u2019occasion de d\u00e9couvrir sa culture, ses traditions, sa mani\u00e8re de vivre. C\u2019est une exp\u00e9rience riche, humainement.<\/p>\n<p>Suzanne Carbonel, agricultrice\u00a0<\/p><\/blockquote>\n<p>      <img   decoding=\"async\" loading=\"lazy\" class=\"size-large\" src=\"https:\/\/www.europesays.com\/fr\/wp-content\/uploads\/2025\/05\/3ad32e0a0a0862ed32e0a0a0802e32v-960x640.jpg\" alt=\"Fedir, Ukrainien stage ferme Bouessay\" width=\"960\" height=\"640\"\/><br \/>\n    Fedir, entour\u00e9 de Pierre Paterne et Suzanne Carbonel. \u00a9Emilie JOUVIN \u2013 Les Nouvelles de Sabl\u00e9<\/p>\n<p class=\" wall-content\">Les \u00e9changes, d\u2019abord traduits par Google traduction, sont devenus plus fluides au fil des mois. \u00ab Fedir apprend tr\u00e8s vite. Il est toujours souriant et ne se plaint jamais, alors que nous savons bien que dans sa t\u00eate, c\u2019est compliqu\u00e9 \u00bb, observe l\u2019agricultrice.<\/p>\n<p class=\" wall-content\">\u00ab Il nous donne des le\u00e7ons d\u2019humilit\u00e9 tous les jours \u00bb, confirme Pierre Paterne, qui appr\u00e9cie sa colocation. \u00ab On prend le temps de discuter, de plaisanter. Fedir, comme toutes les familles accueillies \u00e0 Sabl\u00e9, est tr\u00e8s convivial et cherche toujours \u00e0 rendre service. Hier encore, il voulait passer l\u2019aspirateur ! \u00bb<\/p>\n<p>Repartir et retrouver son pays<\/p>\n<p class=\" wall-content\">La guerre, le lyc\u00e9en en parle tr\u00e8s peu. Quand on le questionne sur le sujet, les yeux brillent de nouveau, mais le sourire demeure, malgr\u00e9 tout. \u00ab D\u00e8s qu\u2019elle sera finie, j\u2019esp\u00e8re pouvoir retourner l\u00e0-bas, en Ukraine. J\u2019aimerais devenir agriculteur dans mon pays. \u00bb<\/p>\n<p class=\" wall-content\">Le jeune gar\u00e7on suit assid\u00fbment l\u2019actualit\u00e9, le c\u0153ur serr\u00e9. \u00ab J\u2019ai tr\u00e8s peur pour ma famille rest\u00e9e si pr\u00e8s de la fronti\u00e8re russe. \u00bb Ses grands-parents, sa tante, mais aussi son fr\u00e8re a\u00een\u00e9. Son clan qui lui manque tant.<\/p>\n<p class=\" wall-content\">Suivez toute l\u2019actualit\u00e9 de vos villes et m\u00e9dias favoris en vous inscrivant \u00e0 <a href=\"https:\/\/moncompte.actu.fr\" title=\"D\u00e9couvez Mon Actu\" rel=\"nofollow noopener\" data-trk=\"{&quot;cta&quot;:{&quot;action&quot;:&quot;https:\\\/\\\/moncompte.actu.fr&quot;,&quot;category&quot;:&quot;mon compte&quot;,&quot;from&quot;:&quot;article footer&quot;,&quot;name&quot;:&quot;Mon actu&quot;,&quot;type&quot;:&quot;cta&quot;}}\" target=\"_blank\">Mon Actu<\/a>.<\/p>\n","protected":false},"excerpt":{"rendered":"Par Emilie Jouvin Publi\u00e9 le 3 mai 2025 \u00e0 6h00 V\u00eatu de sa cotte de travail verte et&hellip;\n","protected":false},"author":2,"featured_media":71258,"comment_status":"","ping_status":"","sticky":false,"template":"","format":"standard","meta":{"footnotes":""},"categories":[1590],"tags":[11,327,1777,674,131,12,104,3400,220],"class_list":{"0":"post-71257","1":"post","2":"type-post","3":"status-publish","4":"format-standard","5":"has-post-thumbnail","7":"category-ukraine","8":"tag-actualites","9":"tag-agriculture","10":"tag-eu","11":"tag-europe","12":"tag-guerre-en-ukraine","13":"tag-news","14":"tag-societe","15":"tag-solidarite","16":"tag-ukraine"},"share_on_mastodon":{"url":"https:\/\/pubeurope.com\/@fr\/114442725433919977","error":""},"_links":{"self":[{"href":"https:\/\/www.europesays.com\/fr\/wp-json\/wp\/v2\/posts\/71257","targetHints":{"allow":["GET"]}}],"collection":[{"href":"https:\/\/www.europesays.com\/fr\/wp-json\/wp\/v2\/posts"}],"about":[{"href":"https:\/\/www.europesays.com\/fr\/wp-json\/wp\/v2\/types\/post"}],"author":[{"embeddable":true,"href":"https:\/\/www.europesays.com\/fr\/wp-json\/wp\/v2\/users\/2"}],"replies":[{"embeddable":true,"href":"https:\/\/www.europesays.com\/fr\/wp-json\/wp\/v2\/comments?post=71257"}],"version-history":[{"count":0,"href":"https:\/\/www.europesays.com\/fr\/wp-json\/wp\/v2\/posts\/71257\/revisions"}],"wp:featuredmedia":[{"embeddable":true,"href":"https:\/\/www.europesays.com\/fr\/wp-json\/wp\/v2\/media\/71258"}],"wp:attachment":[{"href":"https:\/\/www.europesays.com\/fr\/wp-json\/wp\/v2\/media?parent=71257"}],"wp:term":[{"taxonomy":"category","embeddable":true,"href":"https:\/\/www.europesays.com\/fr\/wp-json\/wp\/v2\/categories?post=71257"},{"taxonomy":"post_tag","embeddable":true,"href":"https:\/\/www.europesays.com\/fr\/wp-json\/wp\/v2\/tags?post=71257"}],"curies":[{"name":"wp","href":"https:\/\/api.w.org\/{rel}","templated":true}]}}