{"id":71294,"date":"2025-05-03T07:50:09","date_gmt":"2025-05-03T07:50:09","guid":{"rendered":"https:\/\/www.europesays.com\/fr\/71294\/"},"modified":"2025-05-03T07:50:09","modified_gmt":"2025-05-03T07:50:09","slug":"contacte-par-le-gouvernement-florent-pagny-balance-jetais-lhomme-a-abattre","status":"publish","type":"post","link":"https:\/\/www.europesays.com\/fr\/71294\/","title":{"rendered":"Contact\u00e9 par le gouvernement, Florent Pagny balance : \u00ab\u00a0J\u2019\u00e9tais l\u2019homme \u00e0 abattre\u00a0\u00bb"},"content":{"rendered":"<p>Voil\u00e0 des ann\u00e9es que Florent Pagny r\u00e8gne en ma\u00eetre dans<br \/>\nl\u2019industrie musicale fran\u00e7aise aux c\u00f4t\u00e9s d\u2019autres grands noms. S\u2019il<br \/>\ns\u2019\u00e9tait au d\u00e9part destin\u00e9 au cin\u00e9ma avec des apparitions dans<br \/>\nplusieurs films dont <a href=\"https:\/\/www.melty.fr\/people\/furieux-gerard-depardieu-recadre-sechement-florent-pagny-il-devrait-la-fermer-2227617.html\" target=\"_blank\" rel=\"noopener\"><br \/>\nun avec G\u00e9rard Depardieu<\/a>, c\u2019est finalement vers la musique que<br \/>\nce dernier s\u2019est dirig\u00e9. Et force est de constater qu\u2019il a bien<br \/>\nfait. Le public aurait tr\u00e8s bien pu ne jamais \u00eatre t\u00e9moin de sa<br \/>\nvoix si singuli\u00e8re. C\u2019est avec N\u2019importe quoi que Florent<br \/>\nPagny se fait conna\u00eetre en 1987. Un titre qui rencontre<br \/>\nimm\u00e9diatement un franc succ\u00e8s.<\/p>\n<p>Florent Pagny r\u00e8gle ses comptes en musique<\/p>\n<p>Florent Pagny encha\u00eene ensuite les tubes et <strong>restera en<br \/>\ntop des charts<\/strong>. Savoir aimer, Chanter,<br \/>\nEt un jour une femme, L\u00e0 o\u00f9 je t\u2019emm\u00e8nerai,<br \/>\nBienvenue chez moi, J\u2019y vais\u2026 autant de musiques<br \/>\nqui ont rythm\u00e9 sa carri\u00e8re. L\u2019une d\u00a0\u00bbelles s\u2019est pourtant<br \/>\n<strong>d\u00e9marqu\u00e9e des autres<\/strong>. Il s\u2019agit bien \u00e9videmment de<br \/>\n<strong>Ma libert\u00e9 de penser, sortie en 2003<\/strong>.<\/p>\n<p>Dans celle-ci, <strong>Florent Pagny raconte ouvertement ses<br \/>\nsoucis avec le fisc<\/strong>. Accus\u00e9 de fraude fiscale au d\u00e9but des<br \/>\nann\u00e9es 2000, le chanteur a \u00e9t\u00e9 condamn\u00e9 \u00e0 rembourser pr\u00e8s de 2<br \/>\nmillions d&rsquo;euros. Chose qu\u2019il refuse et qui lui vaut <strong>une<br \/>\nvisite des huissiers de justice<\/strong>. Dans la foul\u00e9e, son ami<br \/>\nPascal Obispo lui compose Ma libert\u00e9 de penser aux paroles<br \/>\ntr\u00e8s r\u00e9v\u00e9latrices : \u00ab\u00a0J&rsquo;peux vider mes poches sur la table \/ \u00c7a<br \/>\nfait longtemps qu&rsquo;elles sont trou\u00e9es \/ <strong>Baisser mon froc,<br \/>\nj&rsquo;en suis capable<\/strong> \/ mais <strong>vous n&rsquo;aurez pas, Ma<br \/>\nlibert\u00e9 de penser\u00a0\u00bb<\/strong>.<\/p>\n<p>Le chanteur \u00e9voque sa \u00ab\u00a0gu\u00e9guerre\u00a0\u00bb avec le fisc<\/p>\n<p>En mars 2024, France 3 consacrait un documentaire au chanteur<br \/>\nintitul\u00e9 Florent raconte Pagny. L\u2019occasion pour lui de<br \/>\nrevenir sur <strong>plusieurs moments marquants de sa vie et de sa<br \/>\ncarri\u00e8re<\/strong> dont <strong>ses fameux probl\u00e8mes avec le<br \/>\nfisc<\/strong> il y a plus de vingt ans.<\/p>\n<p>\u00ab\u00a0On est partis en gu\u00e9guerre, et <strong>\u00e7a a dur\u00e9 quatre<br \/>\nans\u00a0\u00bb<\/strong>, se souvenait alors celui qui a <a href=\"https:\/\/www.melty.fr\/people\/marc-lavoine-balance-sur-cette-conquete-commune-avec-florent-pagny-la-meme-fille-2229553.html\" target=\"_blank\" rel=\"noopener\"><br \/>\npartag\u00e9 une conqu\u00eate avec Marc Lavoine<\/a>. Et de poursuivre sans<br \/>\nd\u00e9tour : \u00ab\u00a0Les imp\u00f4ts ont toujours cru qu&rsquo;il y avait eu une<br \/>\nembrouille et <strong>ils ont commenc\u00e9 \u00e0 vouloir me<br \/>\nredresser\u00a0\u00bb<\/strong>. A l\u2019\u00e9poque, Pascal Obispo l\u2019aide en<br \/>\nrachetant tous ses meubles saisis par les huissiers et lui propose<br \/>\nd\u2019interpr\u00e9ter Ma libert\u00e9 de penser.<\/p>\n<p>Florent Pagny : \u00ab\u00a0C&rsquo;\u00e9tait trop, je les<br \/>\nai \u00e9nerv\u00e9s\u00a0\u00bb<\/p>\n<p>Un titre qui d\u00e9range l\u2019Etat fran\u00e7ais dont <strong>la relation<br \/>\navec Florent Pagny ne fait que se d\u00e9t\u00e9riorer<\/strong>. Ma<br \/>\nlibert\u00e9 de penser ne manque en effet pas d\u2019<strong>agacer les<br \/>\nmembres du gouvernement<\/strong>. \u00ab\u00a0La chanson est sortie, et<br \/>\nl\u00e0, c&rsquo;\u00e9tait trop. Je les ai \u00e9nerv\u00e9s. <strong>J&rsquo;\u00e9tais l&rsquo;homme \u00e0<br \/>\nabattre\u00a0\u00bb<\/strong>, poursuivait l\u2019artiste de 63 ans dans ce<br \/>\nm\u00eame documentaire.<\/p>\n<p>Pire encore, Florent Pagny re\u00e7oit un appel du minist\u00e8re :<br \/>\n\u00ab\u00a0Je re\u00e7ois m\u00eame un coup de fil du minist\u00e8re qui me dit :<br \/>\n&lsquo;Monsieur Pagny, c&rsquo;est pas bien l\u00e0 ! <strong>Retirez-\u00e7a tout de<br \/>\nsuite, il faut enlever \u00e7a des ondes !<\/strong>&lsquo; Mais vous rigolez<br \/>\nou quoi ? Je lui ai dit : &lsquo;Vous \u00eates en train de m&rsquo;\u00e9crabouiller, et<br \/>\nc&rsquo;est le public qui va choisir. Si ce n&rsquo;est pas un succ\u00e8s, vous<br \/>\nallez m&rsquo;\u00e9craser. Par contre, si \u00e7a marche, peut-\u00eatre que ce sera<br \/>\nplus difficile'\u00a0\u00bb. Ma libert\u00e9 de penser restera<br \/>\nfinalement <strong>six semaines en t\u00eate des meilleures<br \/>\nventes<\/strong> et d\u00e9crochera par la m\u00eame occasion <strong>une<br \/>\ncertification de platine<\/strong>. Aujourd\u2019hui encore, ce titre<br \/>\nreste l\u2019un des plus grands succ\u00e8s de Florent Pagny.<\/p>\n","protected":false},"excerpt":{"rendered":"Voil\u00e0 des ann\u00e9es que Florent Pagny r\u00e8gne en ma\u00eetre dans l\u2019industrie musicale fran\u00e7aise aux c\u00f4t\u00e9s d\u2019autres grands noms.&hellip;\n","protected":false},"author":2,"featured_media":71295,"comment_status":"","ping_status":"","sticky":false,"template":"","format":"standard","meta":{"footnotes":""},"categories":[1355],"tags":[905,58,59,3109,1011,27,1361,873],"class_list":{"0":"post-71294","1":"post","2":"type-post","3":"status-publish","4":"format-standard","5":"has-post-thumbnail","7":"category-musique","8":"tag-a-la-une-melty","9":"tag-divertissement","10":"tag-entertainment","11":"tag-florent-pagny","12":"tag-fr","13":"tag-france","14":"tag-music","15":"tag-musique"},"share_on_mastodon":{"url":"https:\/\/pubeurope.com\/@fr\/114442811699844165","error":""},"_links":{"self":[{"href":"https:\/\/www.europesays.com\/fr\/wp-json\/wp\/v2\/posts\/71294","targetHints":{"allow":["GET"]}}],"collection":[{"href":"https:\/\/www.europesays.com\/fr\/wp-json\/wp\/v2\/posts"}],"about":[{"href":"https:\/\/www.europesays.com\/fr\/wp-json\/wp\/v2\/types\/post"}],"author":[{"embeddable":true,"href":"https:\/\/www.europesays.com\/fr\/wp-json\/wp\/v2\/users\/2"}],"replies":[{"embeddable":true,"href":"https:\/\/www.europesays.com\/fr\/wp-json\/wp\/v2\/comments?post=71294"}],"version-history":[{"count":0,"href":"https:\/\/www.europesays.com\/fr\/wp-json\/wp\/v2\/posts\/71294\/revisions"}],"wp:featuredmedia":[{"embeddable":true,"href":"https:\/\/www.europesays.com\/fr\/wp-json\/wp\/v2\/media\/71295"}],"wp:attachment":[{"href":"https:\/\/www.europesays.com\/fr\/wp-json\/wp\/v2\/media?parent=71294"}],"wp:term":[{"taxonomy":"category","embeddable":true,"href":"https:\/\/www.europesays.com\/fr\/wp-json\/wp\/v2\/categories?post=71294"},{"taxonomy":"post_tag","embeddable":true,"href":"https:\/\/www.europesays.com\/fr\/wp-json\/wp\/v2\/tags?post=71294"}],"curies":[{"name":"wp","href":"https:\/\/api.w.org\/{rel}","templated":true}]}}