{"id":71310,"date":"2025-05-03T07:59:10","date_gmt":"2025-05-03T07:59:10","guid":{"rendered":"https:\/\/www.europesays.com\/fr\/71310\/"},"modified":"2025-05-03T07:59:10","modified_gmt":"2025-05-03T07:59:10","slug":"je-ne-suis-pas-un-sherif-face-aux-cambriolages-ce-maire-patrouille-la-nuit-dans-sa-commune","status":"publish","type":"post","link":"https:\/\/www.europesays.com\/fr\/71310\/","title":{"rendered":"\u00ab\u00a0Je ne suis pas un sh\u00e9rif\u00a0\u00bb\u2026 Face aux cambriolages, ce maire patrouille la nuit dans sa commune"},"content":{"rendered":"<p>Pour savoir ce qui se raconte dans un bourg, rien ne vaut de pousser les portes du troquet du coin et de s\u2019attabler au comptoir. Mais quand celui-ci est ferm\u00e9, la boulangerie sert aussi de lieu de causerie. Et dans celle d\u2019Iffendic (<a href=\"https:\/\/www.20minutes.fr\/dossier\/ille_et_vilaine\" class=\"color-ultramarine c-link\" target=\"_blank\" rel=\"noopener\">Ille-et-Vilaine<\/a>), petite commune rurale situ\u00e9e \u00e0 l\u2019ouest de Rennes, on parle beaucoup en ce moment <a href=\"https:\/\/www.20minutes.fr\/dossier\/cambriolage\" class=\"color-ultramarine c-link\" target=\"_blank\" rel=\"noopener\">de cambriolages<\/a>. \u00ab\u00a0Les gens ont peur, surtout les personnes \u00e2g\u00e9es, et tout le monde fait attention\u00a0\u00bb, confie La\u00ebtitia, la g\u00e9rante des lieux. Depuis quelques semaines, la petite bourgade de 4.600 habitants ainsi que des patelins voisins font face \u00e0 une vague in\u00e9dite de cambriolages. \u00ab\u00a0Je suis maire depuis vingt ans et il n\u2019y en a jamais eu autant\u00a0\u00bb, assure Christophe Martins.<\/p>\n<p>Cela a commenc\u00e9 au d\u00e9but du printemps par des vols chez des particuliers en pleine journ\u00e9e. \u00ab\u00a0Ils ont carr\u00e9ment d\u00e9coup\u00e9 la cl\u00f4ture de mon voisin pour lui voler son salon de jardin et son barbecue\u00a0\u00bb, confirme la fleuriste. Les jours suivants, <a href=\"https:\/\/www.20minutes.fr\/faits_divers\/4129728-20241218-bretagne-vols-multiplient-fourgons-artisans-technique-bien-rodee\" class=\"color-ultramarine c-link\" target=\"_blank\" rel=\"noopener\">les camionnettes des artisans ont \u00e9galement \u00e9t\u00e9 cibl\u00e9es<\/a> ainsi que plusieurs commerces dont la petite sup\u00e9rette, un salon de coiffure et la cr\u00eaperie.<\/p>\n<p>\u00ab\u00a0C\u2019\u00e9tait quasiment tous les deux jours \u00e0 un moment\u00a0\u00bb, indique Christophe Martins, qui a d\u00e9j\u00e0 \u00e9t\u00e9 victime lui-m\u00eame de trois cambriolages et a d\u00fb installer un syst\u00e8me d\u2019alarme alors qu\u2019il habite \u00ab\u00a0en pleine campagne.\u00a0\u00bb \u00ab\u00a0Avant, on ne fermait jamais sa porte \u00e0 clef mais les zones rurales sont d\u00e9sormais aussi touch\u00e9es que les villes par les cambriolages\u00a0\u00bb, souligne l\u2019\u00e9lu du Parti radical de gauche.<\/p>\n<p>\u00ab\u00a0Je n\u2019ouvre \u00e0 personne le soir\u00a0\u00bb<\/p>\n<p>Dans le bourg, cette inqui\u00e9tante s\u00e9rie de d\u00e9lits suscite beaucoup d\u2019\u00e9moi. Comme chez ses trois retrait\u00e9es qui profitent du soleil g\u00e9n\u00e9reux de cette fin avril sur un banc. \u00ab\u00a0C\u2019est triste car c\u2019est tr\u00e8s calme ici d\u2019habitude mais l\u00e0 \u00e7a ne s\u2019arr\u00eate pas, confie Odette. J\u2019esp\u00e8re que les gendarmes vont rapidement interpeller les auteurs mais en attendant, je n\u2019ouvre \u00e0 personne le soir.\u00a0\u00bb Pour rassurer ses ouailles, Christophe Martins et quelques coll\u00e8gues \u00e9lus patrouillent d\u00e9sormais la nuit en voiture dans les secteurs touch\u00e9s. \u00ab\u00a0Je n\u2019ai pas \u00e9t\u00e9 <a href=\"https:\/\/www.20minutes.fr\/dossier\/maire\" class=\"color-ultramarine c-link\" target=\"_blank\" rel=\"noopener\">\u00e9lu maire<\/a> pour \u00e7a et c\u2019est beaucoup plus sympa de c\u00e9l\u00e9brer un mariage mais \u00e7a fait aussi partie de nos missions\u00a0\u00bb, indique-t-il.<\/p>\n<p>Christophe Martins n\u2019entend pas pour autant se substituer aux gendarmes, accus\u00e9s par certains habitants sur les r\u00e9seaux sociaux de ne rien faire pour endiguer le ph\u00e9nom\u00e8ne. \u00ab\u00a0Je ne suis pas un sh\u00e9rif, ni un justicier et je ne vais pas arr\u00eater les cambrioleurs, pr\u00e9vient l\u2019\u00e9lu. Je patrouille juste certaines nuits pour voir s\u2019il n\u2019y a pas des personnes qui r\u00f4dent ou pour relever les plaques de v\u00e9hicules qui paraissent suspects.\u00a0\u00bb<\/p>\n<p>L\u2019\u00e9clairage public rallum\u00e9 la nuit<\/p>\n<p>A l\u2019entendre, son action n\u2019a d\u2019ailleurs rien d\u2019exceptionnel. \u00ab\u00a0Je ne suis pas le seul maire \u00e0 tourner dans son bourg la nuit, cela arrive souvent dans les petites communes ou \u00e0 la campagne\u00a0\u00bb, assure-t-il. Comme tant d\u2019autres \u00e9lus, Christophe Martins s\u2019est \u00e9galement r\u00e9solu \u00e0 installer quatre cam\u00e9ras <a href=\"https:\/\/www.20minutes.fr\/dossier\/videosurveillance\" class=\"color-ultramarine c-link\" target=\"_blank\" rel=\"noopener\">de vid\u00e9osurveillance<\/a> dans sa commune. \u00ab\u00a0Pas que pour les cambriolages mais aussi pour les tags, les d\u00e9p\u00f4ts sauvages de d\u00e9chets et toutes ces incivilit\u00e9s qui usent les habitants\u00a0\u00bb, d\u00e9taille l\u2019\u00e9dile.<\/p>\n<\/p>\n<p>Dans quelques jours, il remettra \u00e9galement l\u2019\u00e9clairage public la nuit qu\u2019il avait coup\u00e9 il y a plusieurs mois pour des raisons \u00e9conomiques et \u00e9cologiques. \u00ab\u00a0Je ne suis pas persuad\u00e9 que cela aura un effet mais si \u00e7a permet au moins de rassurer les habitants\u00a0\u00bb, conc\u00e8de le maire, qui aimerait surtout que cette vague de cambriolages cesse. Tout comme la boulang\u00e8re. \u00ab\u00a0On a justement quitt\u00e9 <a href=\"https:\/\/www.20minutes.fr\/rennes\/\" class=\"color-ultramarine c-link\" target=\"_blank\" rel=\"noopener\">Rennes <\/a>il y a quelques ann\u00e9es apr\u00e8s avoir \u00e9t\u00e9 victime d\u2019un cambriolage donc on n\u2019est pas venu ici<a href=\"https:\/\/www.20minutes.fr\/faits_divers\/faits-divers-rennes\/\" class=\"color-ultramarine c-link\" target=\"_blank\" rel=\"noopener\"> pour revivre \u00e7a<\/a>\u00a0\u00bb, t\u00e9moigne La\u00ebtitia, qui \u00ab\u00a0croise les doigts\u00a0\u00bb pour ne pas \u00eatre la prochaine sur la liste.<\/p>\n","protected":false},"excerpt":{"rendered":"Pour savoir ce qui se raconte dans un bourg, rien ne vaut de pousser les portes du troquet&hellip;\n","protected":false},"author":2,"featured_media":71311,"comment_status":"","ping_status":"","sticky":false,"template":"","format":"standard","meta":{"footnotes":""},"categories":[4],"tags":[47,11,829,1174,1674,118,1011,27,848,5107,12,584,25,104,9673,7939,10912],"class_list":{"0":"post-71310","1":"post","2":"type-post","3":"status-publish","4":"format-standard","5":"has-post-thumbnail","7":"category-france","8":"tag-actualite","9":"tag-actualites","10":"tag-bretagne","11":"tag-cambriolage","12":"tag-communes","13":"tag-faits-divers","14":"tag-fr","15":"tag-france","16":"tag-ille-et-vilaine","17":"tag-maire","18":"tag-news","19":"tag-rennes","20":"tag-republique-francaise","21":"tag-societe","22":"tag-surveillance","23":"tag-videosurveillance","24":"tag-voleur"},"share_on_mastodon":{"url":"https:\/\/pubeurope.com\/@fr\/114442847092848483","error":""},"_links":{"self":[{"href":"https:\/\/www.europesays.com\/fr\/wp-json\/wp\/v2\/posts\/71310","targetHints":{"allow":["GET"]}}],"collection":[{"href":"https:\/\/www.europesays.com\/fr\/wp-json\/wp\/v2\/posts"}],"about":[{"href":"https:\/\/www.europesays.com\/fr\/wp-json\/wp\/v2\/types\/post"}],"author":[{"embeddable":true,"href":"https:\/\/www.europesays.com\/fr\/wp-json\/wp\/v2\/users\/2"}],"replies":[{"embeddable":true,"href":"https:\/\/www.europesays.com\/fr\/wp-json\/wp\/v2\/comments?post=71310"}],"version-history":[{"count":0,"href":"https:\/\/www.europesays.com\/fr\/wp-json\/wp\/v2\/posts\/71310\/revisions"}],"wp:featuredmedia":[{"embeddable":true,"href":"https:\/\/www.europesays.com\/fr\/wp-json\/wp\/v2\/media\/71311"}],"wp:attachment":[{"href":"https:\/\/www.europesays.com\/fr\/wp-json\/wp\/v2\/media?parent=71310"}],"wp:term":[{"taxonomy":"category","embeddable":true,"href":"https:\/\/www.europesays.com\/fr\/wp-json\/wp\/v2\/categories?post=71310"},{"taxonomy":"post_tag","embeddable":true,"href":"https:\/\/www.europesays.com\/fr\/wp-json\/wp\/v2\/tags?post=71310"}],"curies":[{"name":"wp","href":"https:\/\/api.w.org\/{rel}","templated":true}]}}