{"id":71320,"date":"2025-05-03T08:06:09","date_gmt":"2025-05-03T08:06:09","guid":{"rendered":"https:\/\/www.europesays.com\/fr\/71320\/"},"modified":"2025-05-03T08:06:09","modified_gmt":"2025-05-03T08:06:09","slug":"magali-brunel-confirmee-tete-de-liste-toulon-en-commun-pour-2026","status":"publish","type":"post","link":"https:\/\/www.europesays.com\/fr\/71320\/","title":{"rendered":"Magali Brunel confirm\u00e9e t\u00eate de liste Toulon en commun pour 2026"},"content":{"rendered":"\n<p>\u00ab Je me suis donc port\u00e9e candidate pour incarner cette liste qui est celle de l\u2019ouverture, de l\u2019intelligence collective et celle qui a le souci de ce bien commun qui nous est cher\u00a0\u00bb, confirme la t\u00eate de liste officiellement investie de Toulon en commun, Magali Brunel. Apr\u00e8s avoir \u00e9t\u00e9 choisi le 31\u00a0mars dernier par l\u2019assembl\u00e9e populaire, le Parti socialiste vient de valider sa candidature pour les municipales 2026.<\/p>\n<p>M\u00e8re de quatre enfants, la professeure des universit\u00e9s est consciente qu\u2019elle va devoir livrer bataille sur plusieurs fronts, \u00ab\u00a0comme beaucoup de mamans et de femmes engag\u00e9es qui ont plusieurs combats et plusieurs vies en une seule\u00a0\u00bb. Mais pour elle, \u00ab\u00a0Toulon en commun est une exp\u00e9rience de d\u00e9mocratie unique qui a commenc\u00e9 en 2019, par un rassemblement des partis de gauche et de l\u2019\u00e9cologie, d\u2019abord, mais aussi de citoyens, de syndicalistes, d\u2019associatifs, d\u2019habitants et d\u2019habitantes progressistes qui souhaitaient faire \u00e9voluer leur vie et prendre part aux d\u00e9cisions\u00a0\u00bb. L\u2019\u00e9lue d\u2019opposition insiste sur le chemin parcouru et les assembl\u00e9es tenues chaque mois sans exception \u00ab\u00a0pour consulter, \u00e9couter et porter la voix des Toulonnais et des Toulonnaises\u00a0\u00bb.<\/p>\n<p>Une d\u00e9marche, ajoute-t-elle appel\u00e9e \u00e0 s\u2019\u00e9largir dans le cadre de cette municipale 2026, pour \u00ab\u00a0continuer \u00e0 co-construire un projet de progr\u00e8s et de solidarit\u00e9\u00a0\u00bb \u00e0 travers les assembl\u00e9es, les groupes de travail, mais aussi \u00ab\u00a0des conf\u00e9rences-d\u00e9bats qui constituent un moyen de faire r\u00e9fl\u00e9chir au travers d\u2019exp\u00e9riences r\u00e9ussies et des propositions inspirantes venues d\u2019autres villes et de m\u00e9tropoles comparables\u00a0\u00bb.<\/p>\n<p> \u00ab\u00a0Le rassemblement, c\u2019est nous\u00a0!\u00a0\u00bb\n              <\/p>\n<p>L\u2019occasion de revenir sur la rencontre consacr\u00e9e aux transports, au cours de laquelle les \u00e9lus de Montpellier sont venus raconter leur v\u00e9cu. \u00ab\u00a0Avec une voie de tramway, on peut remplacer trois \u00e0 quatre voies de voiture ou de bus\u00a0\u00bb, rappelle ainsi Philippe Leroy, lui aussi conseiller municipal Toulon en commun, soulignant \u00ab\u00a0le r\u00f4le essentiel de ce transport en commun rapide, confortable et efficace\u00a0\u00bb. Avec la mise en place progressive de la gratuit\u00e9, les gens n\u2019h\u00e9sitent plus \u00e0 modifier leurs habitudes et \u00e0 laisser leur voiture au garage, contribuant ainsi au report modal dont on sait aujourd\u2019hui les vertus en termes de pollution de l\u2019air, d\u2019\u00e9missions de gaz \u00e0 effet de serre et de s\u00e9curit\u00e9.<\/p>\n<p>\u00c0 Montpellier, \u00ab\u00a0ils ont r\u00e9ussi \u00e0 la fois le d\u00e9veloppement des transports en commun, qui a eu des cons\u00e9quences importantes sur les autres types de transports, mais aussi la gratuit\u00e9\u00a0\u00bb, souligne Andr\u00e9 De Ubeda (PCF), l\u2019autre fer de lance du groupe Toulon en commun. Avant de promettre de \u00ab\u00a0chercher d\u2019autres r\u00e9f\u00e9rences pour comparer et montrer ce qui est possible de faire \u00e0 Toulon sans augmenter les imp\u00f4ts\u00a0\u00bb.<\/p>\n<p>Selon Magali Brunel, en mati\u00e8re de transports publics comme pour tous les aspects de la vie quotidienne des habitants, \u00ab\u00a0il est temps de passer au XXIe si\u00e8cle, de mettre en place une d\u00e9mocratie participative r\u00e9elle, de demander leur avis aux habitants des quartiers et de les \u00e9couter, parce qu\u2019ils savent ce qui est bon pour eux\u00a0\u00bb. Une direction dans laquelle Toulon en commun souhaite fermement engager son programme, port\u00e9 par \u00ab\u00a0une liste sociale, solidaire, citoyenne et \u00e9cologiste\u00a0\u00bb. Cette liste sera constitu\u00e9e d\u2019ici le mois de septembre et incarnera le \u00ab\u00a0meilleur cocktail de l\u2019ensemble des personnes qui se seront engag\u00e9es pour accompagner cette campagne\u00a0\u00bb, assure la t\u00eate de liste.<\/p>\n<p>Interrog\u00e9 sur la pr\u00e9sence plus que probable d\u2019une liste LFI en 2026, Andr\u00e9 De Ubeda rappelle que \u00ab\u00a0le rassemblement, c\u2019est nous\u00a0! Alors, que nous rejoignent tous ceux qui veulent de ce rassemblement sur les valeurs qui nous sont communes, pour donner une majorit\u00e9 de gauche \u00e0 Toulon et pouvoir enfin r\u00e9pondre aux besoins de ses habitants\u00a0\u00bb.<\/p>\n","protected":false},"excerpt":{"rendered":"\u00ab Je me suis donc port\u00e9e candidate pour incarner cette liste qui est celle de l\u2019ouverture, de l\u2019intelligence&hellip;\n","protected":false},"author":2,"featured_media":71321,"comment_status":"","ping_status":"","sticky":false,"template":"","format":"standard","meta":{"footnotes":""},"categories":[9619],"tags":[1111,11,427,1777,674,1011,27,12,882,25,2310],"class_list":{"0":"post-71320","1":"post","2":"type-post","3":"status-publish","4":"format-standard","5":"has-post-thumbnail","7":"category-toulon","8":"tag-actu","9":"tag-actualites","10":"tag-candidats","11":"tag-eu","12":"tag-europe","13":"tag-fr","14":"tag-france","15":"tag-news","16":"tag-provence-alpes-cote-dazur","17":"tag-republique-francaise","18":"tag-toulon"},"share_on_mastodon":{"url":"https:\/\/pubeurope.com\/@fr\/114442874606395020","error":""},"_links":{"self":[{"href":"https:\/\/www.europesays.com\/fr\/wp-json\/wp\/v2\/posts\/71320","targetHints":{"allow":["GET"]}}],"collection":[{"href":"https:\/\/www.europesays.com\/fr\/wp-json\/wp\/v2\/posts"}],"about":[{"href":"https:\/\/www.europesays.com\/fr\/wp-json\/wp\/v2\/types\/post"}],"author":[{"embeddable":true,"href":"https:\/\/www.europesays.com\/fr\/wp-json\/wp\/v2\/users\/2"}],"replies":[{"embeddable":true,"href":"https:\/\/www.europesays.com\/fr\/wp-json\/wp\/v2\/comments?post=71320"}],"version-history":[{"count":0,"href":"https:\/\/www.europesays.com\/fr\/wp-json\/wp\/v2\/posts\/71320\/revisions"}],"wp:featuredmedia":[{"embeddable":true,"href":"https:\/\/www.europesays.com\/fr\/wp-json\/wp\/v2\/media\/71321"}],"wp:attachment":[{"href":"https:\/\/www.europesays.com\/fr\/wp-json\/wp\/v2\/media?parent=71320"}],"wp:term":[{"taxonomy":"category","embeddable":true,"href":"https:\/\/www.europesays.com\/fr\/wp-json\/wp\/v2\/categories?post=71320"},{"taxonomy":"post_tag","embeddable":true,"href":"https:\/\/www.europesays.com\/fr\/wp-json\/wp\/v2\/tags?post=71320"}],"curies":[{"name":"wp","href":"https:\/\/api.w.org\/{rel}","templated":true}]}}