{"id":71326,"date":"2025-05-03T08:09:13","date_gmt":"2025-05-03T08:09:13","guid":{"rendered":"https:\/\/www.europesays.com\/fr\/71326\/"},"modified":"2025-05-03T08:09:13","modified_gmt":"2025-05-03T08:09:13","slug":"un-episode-intense-mais-court","status":"publish","type":"post","link":"https:\/\/www.europesays.com\/fr\/71326\/","title":{"rendered":"\u00ab\u2009Un \u00e9pisode intense mais court\u2009\u00bb"},"content":{"rendered":"<p>            Par<br \/>\n        <strong><br \/>\n            <a href=\"https:\/\/actu.fr\/auteur\/adrien-filoche\" title=\"Consulter tous les articles de Adrien Filoche\" target=\"_blank\" rel=\"noopener\">Adrien Filoche<\/a><br \/>\n        <\/strong><\/p>\n<p>        Publi\u00e9 le<\/p>\n<p>            2 mai 2025 \u00e0 20h18        <\/p>\n<p><strong>Apr\u00e8s le coup de chaleur, l\u2019orage.<\/strong> Un classique. Le d\u00e9partement de la <a href=\"https:\/\/actu.fr\/76actu\/\" target=\"_blank\" rel=\"noopener\">Seine-Maritime<\/a> a \u00e9t\u00e9 plac\u00e9<strong> en vigilance jaune orages<\/strong> pour la journ\u00e9e du samedi 3\u00a0mai 2025. L\u2019Eure, le Calvados, mais aussi Paris, sont \u00e9galement concern\u00e9s. Alors \u00e0 quoi faut-il s\u2019attendre\u2009?<\/p>\n<p>\u00ab\u2009Un \u00e9pisode intense mais court\u2009\u00bb<\/p>\n<p class=\" wall-content\">Interrog\u00e9 par 76actu, <strong>Thierry Loquet<\/strong>, pr\u00e9visionniste \u00e0 <a href=\"https:\/\/actu.fr\/tag\/meteo-france\" target=\"_blank\" rel=\"noopener\">M\u00e9t\u00e9o France<\/a>, confirme qu\u2019il faudra s\u2019attendre \u00e0 une \u00ab\u2009d\u00e9gradation pluvio-orageuse\u2009\u00bb pour la journ\u00e9e de samedi. \u00ab\u2009C\u2019est une perturbation qui va remonter du Sud vers le Nord dans la matin\u00e9e\u2009\u00bb, d\u00e9taille-t-il.<\/p>\n<p class=\" wall-content\">Ainsi, le sp\u00e9cialiste annonce des averses importantes d\u00e8s la matin\u00e9e, une relative accalmie \u00e0 la mi-journ\u00e9e, puis <strong>des risques d\u2019averses orageuses dans l\u2019apr\u00e8s-midi<\/strong> et jusqu\u2019en d\u00e9but de soir\u00e9e.<\/p>\n<p class=\" wall-content\">\u00ab\u2009On s\u2019attend \u00e0 un orage assez marqu\u00e9. <strong>Ce sera un \u00e9pisode intense, mais sur une courte dur\u00e9e<\/strong>\u2009\u00bb, souligne-t-il. Le pr\u00e9visionniste pr\u00e9voit par ailleurs<strong> entre 10 et 20\u00a0mm de pluie<\/strong> en trois heures, \u00ab\u2009ce qui est assez notable\u2009\u00bb.<\/p>\n<p class=\" wall-content\">Pour ce qui est des risques d\u2019orages, ce sera essentiellement la partie int\u00e9rieure du territoire qui devrait \u00eatre concern\u00e9e. \u00ab\u2009La c\u00f4te du Havre \u00e0 Dieppe sera moins touch\u00e9e par les orages\u2009\u00bb, pr\u00e9cise ainsi Thierry Loquet.<\/p>\n<p>Vid\u00e9os : en ce moment sur ActuRetour \u00e0 des normales de saison d\u00e8s dimanche<\/p>\n<p class=\" wall-content\">Du c\u00f4t\u00e9 des temp\u00e9ratures, il fera lourd avec <strong>en moyenne 20 degr\u00e9s<\/strong> sur l\u2019ensemble du territoire pour cette journ\u00e9e orageuse.<\/p>\n<p class=\" wall-content\">Le beau temps devrait \u00eatre de retour d\u00e8s le dimanche 4\u00a0mai, m\u00eame s\u2019il faut s\u2019attendre \u00e0 une chaleur moins \u00e9touffante, avec 15 degr\u00e9s en moyenne. En somme, un retour \u00e0 la normale saisonni\u00e8re apr\u00e8s <a href=\"https:\/\/actu.fr\/normandie\/rouen_76540\/des-temperatures-exceptionnelles-vont-deferler-en-seine-maritime-toute-la-semaine_62567515.html\" target=\"_blank\" rel=\"noopener\">les temp\u00e9ratures particuli\u00e8rement exceptionnelles de ces derniers jours.<\/a><\/p>\n<p>Suivez l\u2019actualit\u00e9 de <a href=\"https:\/\/www.whatsapp.com\/channel\/0029VaKfnf99hXF2ddApFB1D\" target=\"_blank\" rel=\"noopener\">Rouen<\/a> et du\u00a0<a href=\"https:\/\/www.whatsapp.com\/channel\/0029VaFqJYE8aKvLBwVrEe0o\" target=\"_blank\" rel=\"noopener\">Havre<\/a> sur nos cha\u00eenes WhatsApp et sur <a href=\"https:\/\/www.tiktok.com\/@76actu.fr?lang=fr\" target=\"_blank\" rel=\"noopener\">notre compte TikTok<\/a><\/p>\n<p class=\" wall-content\">Suivez toute l\u2019actualit\u00e9 de vos villes et m\u00e9dias favoris en vous inscrivant \u00e0 <a href=\"https:\/\/moncompte.actu.fr\" title=\"D\u00e9couvez Mon Actu\" rel=\"nofollow noopener\" data-trk=\"{&quot;cta&quot;:{&quot;action&quot;:&quot;https:\\\/\\\/moncompte.actu.fr&quot;,&quot;category&quot;:&quot;mon compte&quot;,&quot;from&quot;:&quot;article footer&quot;,&quot;name&quot;:&quot;Mon actu&quot;,&quot;type&quot;:&quot;cta&quot;}}\" target=\"_blank\">Mon Actu<\/a>.<\/p>\n<p>                    <script async src=\"\/\/www.tiktok.com\/embed.js\"><\/script><\/p>\n","protected":false},"excerpt":{"rendered":"Par Adrien Filoche Publi\u00e9 le 2 mai 2025 \u00e0 20h18 Apr\u00e8s le coup de chaleur, l\u2019orage. Un classique.&hellip;\n","protected":false},"author":2,"featured_media":69940,"comment_status":"","ping_status":"","sticky":false,"template":"","format":"standard","meta":{"footnotes":""},"categories":[9587],"tags":[1111,11,1777,674,1011,27,2487,2357,12,5161,4594,25,9590],"class_list":{"0":"post-71326","1":"post","2":"type-post","3":"status-publish","4":"format-standard","5":"has-post-thumbnail","7":"category-rouen","8":"tag-actu","9":"tag-actualites","10":"tag-eu","11":"tag-europe","12":"tag-fr","13":"tag-france","14":"tag-meteo","15":"tag-meteo-france","16":"tag-news","17":"tag-normandie","18":"tag-orages","19":"tag-republique-francaise","20":"tag-rouen"},"share_on_mastodon":{"url":"https:\/\/pubeurope.com\/@fr\/114442886351800285","error":""},"_links":{"self":[{"href":"https:\/\/www.europesays.com\/fr\/wp-json\/wp\/v2\/posts\/71326","targetHints":{"allow":["GET"]}}],"collection":[{"href":"https:\/\/www.europesays.com\/fr\/wp-json\/wp\/v2\/posts"}],"about":[{"href":"https:\/\/www.europesays.com\/fr\/wp-json\/wp\/v2\/types\/post"}],"author":[{"embeddable":true,"href":"https:\/\/www.europesays.com\/fr\/wp-json\/wp\/v2\/users\/2"}],"replies":[{"embeddable":true,"href":"https:\/\/www.europesays.com\/fr\/wp-json\/wp\/v2\/comments?post=71326"}],"version-history":[{"count":0,"href":"https:\/\/www.europesays.com\/fr\/wp-json\/wp\/v2\/posts\/71326\/revisions"}],"wp:featuredmedia":[{"embeddable":true,"href":"https:\/\/www.europesays.com\/fr\/wp-json\/wp\/v2\/media\/69940"}],"wp:attachment":[{"href":"https:\/\/www.europesays.com\/fr\/wp-json\/wp\/v2\/media?parent=71326"}],"wp:term":[{"taxonomy":"category","embeddable":true,"href":"https:\/\/www.europesays.com\/fr\/wp-json\/wp\/v2\/categories?post=71326"},{"taxonomy":"post_tag","embeddable":true,"href":"https:\/\/www.europesays.com\/fr\/wp-json\/wp\/v2\/tags?post=71326"}],"curies":[{"name":"wp","href":"https:\/\/api.w.org\/{rel}","templated":true}]}}