{"id":71330,"date":"2025-05-03T08:14:18","date_gmt":"2025-05-03T08:14:18","guid":{"rendered":"https:\/\/www.europesays.com\/fr\/71330\/"},"modified":"2025-05-03T08:14:18","modified_gmt":"2025-05-03T08:14:18","slug":"assises-de-lagriculture-et-de-lalimentation-la-prochaine-edition-prend-forme","status":"publish","type":"post","link":"https:\/\/www.europesays.com\/fr\/71330\/","title":{"rendered":"Assises de l\u2019Agriculture et de l\u2019Alimentation\u00a0: la prochaine \u00e9dition prend forme"},"content":{"rendered":"<p>D\u00e9battre, \u00e9changer, et faire \u00e9merger des solutions pour l\u2019avenir. Voici l\u2019ambition de la prochaine \u00e9dition des <a href=\"https:\/\/evenements.ouest-france.fr\/agriculture\/\" target=\"_blank\" rel=\"noopener\">Assises nationales de l\u2019Agriculture et de l\u2019Alimentation<\/a>, organis\u00e9es par Ouest-France. Prenez date\u00a0: l\u2019\u00e9v\u00e9nement se tiendra le mardi 25\u00a0novembre 2025, \u00e0 la Glaz Arena de Cesson-S\u00e9vign\u00e9 (Ille-et-Vilaine), pr\u00e8s de Rennes. En 2024, l\u2019\u00e9v\u00e9nement avait attir\u00e9 environ 1\u00a0000\u00a0personnes.<\/p>\n<p>Cette neuvi\u00e8me \u00e9dition permettra d\u2019aborder de nombreuses questions qui agitent et animent les acteurs de la fili\u00e8re agricole, de l\u2019alimentation et de la distribution, alors que le secteur est au c\u0153ur des d\u00e9fis de demain.<\/p>\n<p>L\u2019\u00e9quipe organisatrice a d\u00e9j\u00e0 identifi\u00e9 les th\u00e9matiques qui seront \u00e0 l\u2019ordre du jour de cette prochaine \u00e9dition\u00a0: souverainet\u00e9 alimentaire\u00a0; guerres commerciales et tensions mondiales\u00a0; gaspillage alimentaire\u00a0; transparence sur la r\u00e9mun\u00e9ration des agriculteurs et sur l\u2019origine des aliments\u00a0; d\u00e9carbonation des fermes et adaptation au changement climatique\u00a0; d\u00e9veloppement de la restauration hors domicile et enjeux pour l\u2019agriculture\u2026<\/p>\n<p>La parole sera \u00e9galement donn\u00e9e \u00e0 ces jeunes qui s\u2019installent, et qui donneront leur vision de l\u2019agriculture d\u2019aujourd\u2019hui et de demain.<\/p>\n<p><strong>Lire aussi\u00a0: <\/strong> <a href=\"https:\/\/www.ouest-france.fr\/economie\/agriculture\/direct-assises-de-lagriculture-et-de-lalimentation-quels-enjeux-quelles-solutions-483c5661-7e66-48d4-b878-e2a4349dd0f3\" target=\"_blank\" rel=\"noopener\">Revenus, foncier, Ukraine\u00a0: retour sur les d\u00e9bats des Assises de l\u2019agriculture et de l\u2019alimentation<\/a><\/p>\n<p>De nombreux formats<\/p>\n<p>Ces enjeux seront abord\u00e9s \u00e0 travers des tables rondes, des d\u00e9bats, des conf\u00e9rences, une masterclass avec des \u00e9tudiants,\u00a0etc. Dans trois salles diff\u00e9rentes, pour des \u00e9changes riches et constructifs tout au long de la journ\u00e9e.<\/p>\n<p>Pour \u00e9voquer ces sujets et d\u00e9battre, Ouest-France r\u00e9unira experts, acteurs du secteur, hommes et femmes politiques, chefs d\u2019entreprise, personnalit\u00e9s du domaine de l\u2019agriculture, de l\u2019alimentation et de la distribution.<\/p>\n<p>Certaines personnalit\u00e9s ont d\u2019ores et d\u00e9j\u00e0 pr\u00e9vu d\u2019\u00eatre pr\u00e9sentes pour partager leur expertise\u00a0: <a href=\"https:\/\/rennes.maville.com\/actu\/actudet_-entretien.-philippe-chalmin-donald-trump-ou-l-aube-d-un-jour-sinistre-_54135-6751822_actu.Htm\" target=\"_blank\" rel=\"noopener\">Philippe Chalmin,<\/a> \u00e9conomiste et sp\u00e9cialiste des march\u00e9s des mati\u00e8res premi\u00e8res\u00a0; M\u00e9leyne Rabot, directrice g\u00e9n\u00e9rale de l\u2019application Too good to go en France\u00a0; Jean-Marc Rou\u00e9, pr\u00e9sident de la Brittany Ferries et producteur de l\u00e9gumes\u00a0; Fr\u00e9d\u00e9ric Oriol, PDG du groupe Daunat\u2026<\/p>\n<p>Le programme complet de ce rendez-vous incontournable, ouvert \u00e0 toutes et \u00e0 tous, est \u00e0 suivre sur le site internet d\u00e9di\u00e9 \u00e0 <a href=\"https:\/\/evenements.ouest-france.fr\/agriculture\/\" target=\"_blank\" rel=\"noopener\">ces Assises nationales de l\u2019Agriculture et de l\u2019Alimentation<\/a>.<\/p>\n<p><strong>Informations<\/strong> sur les partenariats\u00a0: Magali David, responsable des partenariats, magali.david@additi.fr.<\/p>\n<p>Informations sur la programmation\u00a0: Brice Dupont, journaliste, brice.dupont@ouest-france.fr.<\/p>\n<p>\u00a0<\/p>\n","protected":false},"excerpt":{"rendered":"D\u00e9battre, \u00e9changer, et faire \u00e9merger des solutions pour l\u2019avenir. Voici l\u2019ambition de la prochaine \u00e9dition des Assises nationales&hellip;\n","protected":false},"author":2,"featured_media":71331,"comment_status":"","ping_status":"","sticky":false,"template":"","format":"standard","meta":{"footnotes":""},"categories":[2821],"tags":[1111,11,327,258,14584,829,4660,1777,674,4988,1011,27,12,6020,12880,584,25],"class_list":{"0":"post-71330","1":"post","2":"type-post","3":"status-publish","4":"format-standard","5":"has-post-thumbnail","7":"category-rennes","8":"tag-actu","9":"tag-actualites","10":"tag-agriculture","11":"tag-alimentation","12":"tag-assises","13":"tag-bretagne","14":"tag-edition","15":"tag-eu","16":"tag-europe","17":"tag-forme","18":"tag-fr","19":"tag-france","20":"tag-news","21":"tag-prend","22":"tag-prochaine","23":"tag-rennes","24":"tag-republique-francaise"},"share_on_mastodon":{"url":"https:\/\/pubeurope.com\/@fr\/114442906140764853","error":""},"_links":{"self":[{"href":"https:\/\/www.europesays.com\/fr\/wp-json\/wp\/v2\/posts\/71330","targetHints":{"allow":["GET"]}}],"collection":[{"href":"https:\/\/www.europesays.com\/fr\/wp-json\/wp\/v2\/posts"}],"about":[{"href":"https:\/\/www.europesays.com\/fr\/wp-json\/wp\/v2\/types\/post"}],"author":[{"embeddable":true,"href":"https:\/\/www.europesays.com\/fr\/wp-json\/wp\/v2\/users\/2"}],"replies":[{"embeddable":true,"href":"https:\/\/www.europesays.com\/fr\/wp-json\/wp\/v2\/comments?post=71330"}],"version-history":[{"count":0,"href":"https:\/\/www.europesays.com\/fr\/wp-json\/wp\/v2\/posts\/71330\/revisions"}],"wp:featuredmedia":[{"embeddable":true,"href":"https:\/\/www.europesays.com\/fr\/wp-json\/wp\/v2\/media\/71331"}],"wp:attachment":[{"href":"https:\/\/www.europesays.com\/fr\/wp-json\/wp\/v2\/media?parent=71330"}],"wp:term":[{"taxonomy":"category","embeddable":true,"href":"https:\/\/www.europesays.com\/fr\/wp-json\/wp\/v2\/categories?post=71330"},{"taxonomy":"post_tag","embeddable":true,"href":"https:\/\/www.europesays.com\/fr\/wp-json\/wp\/v2\/tags?post=71330"}],"curies":[{"name":"wp","href":"https:\/\/api.w.org\/{rel}","templated":true}]}}