{"id":71332,"date":"2025-05-03T08:15:11","date_gmt":"2025-05-03T08:15:11","guid":{"rendered":"https:\/\/www.europesays.com\/fr\/71332\/"},"modified":"2025-05-03T08:15:11","modified_gmt":"2025-05-03T08:15:11","slug":"apres-la-detection-de-deux-nouveaux-cas-ou-en-est-la-campagne-de-vaccination","status":"publish","type":"post","link":"https:\/\/www.europesays.com\/fr\/71332\/","title":{"rendered":"apr\u00e8s la d\u00e9tection de deux nouveaux cas, o\u00f9 en est la campagne de vaccination\u00a0?"},"content":{"rendered":"<p>            Par<br \/>\n        <strong><br \/>\n            <a href=\"https:\/\/actu.fr\/auteur\/clemence-pays02-actu-fr\" title=\"Consulter tous les articles de Cl\u00e9mence Pays\" target=\"_blank\" rel=\"noopener\">Cl\u00e9mence Pays<\/a><br \/>\n        <\/strong><\/p>\n<p>        Publi\u00e9 le<\/p>\n<p>            3 mai 2025 \u00e0 9h06        <\/p>\n<p><a href=\"https:\/\/actu.fr\/bretagne\/rennes_35238\/explosion-de-cas-de-meningite-en-france-rennes-et-sa-metropole-particulierement-concernees_62317345.html\" target=\"_blank\" rel=\"noopener\">Plusieurs cas de m\u00e9ningite ont \u00e9t\u00e9 d\u00e9tect\u00e9s \u00e0 Rennes<\/a>, <strong>en janvier et f\u00e9vrier 2025<\/strong>. L\u2019un d\u2019eux, <a href=\"https:\/\/actu.fr\/societe\/meningite-a-meningocoque-c-est-quoi-cette-infection-qui-a-tue-une-jeune-femme-de-18-ans-a-rennes_62212717.html\" target=\"_blank\" rel=\"noopener\">une jeune femme de 18 ans, a d\u2019ailleurs perdu la vie<\/a> apr\u00e8s avoir <strong>contract\u00e9 une forme grave<\/strong> de l\u2019infection.<\/p>\n<p class=\" wall-content\"><a href=\"https:\/\/actu.fr\/bretagne\/rennes_35238\/meningite-a-rennes-une-campagne-massive-de-vaccination-va-debuter-lundi-ce-qu-il-faut-savoir_62317343.html\" target=\"_blank\" rel=\"noopener\">Une campagne massive de vaccination a ainsi \u00e9t\u00e9 lanc\u00e9e en urgence<\/a>, <strong>d\u00e8s le lundi 3 mars.<\/strong> Deux mois apr\u00e8s, <a href=\"https:\/\/actu.fr\/bretagne\/rennes_35238\/meningite-deux-jeunes-de-16-et-18-ans-hospitalises-en-reanimation-au-chu-de-rennes_62580259.html\" target=\"_blank\" rel=\"noopener\">deux nouveaux cas ont \u00e9t\u00e9 identifi\u00e9s<\/a>. \u00c0 ce jour, l\u2019un de ces deux derniers patients se trouve toujours en r\u00e9animation.\u00a0<\/p>\n<p class=\" wall-content\"><a href=\"https:\/\/actu.fr\/rennes\/\" target=\"_blank\" rel=\"noopener\">Actu Rennes<\/a> fait le point sur la vaccination.<\/p>\n<p>Pr\u00e8s de 65 000 personnes ont re\u00e7u une dose<\/p>\n<p class=\" wall-content\">Mercredi 30 avril, l\u2019ARS a indiqu\u00e9 que <strong>64\u2009152\u00a0personnes ont re\u00e7u au moins une dose<\/strong> de vaccin (deux doses sont n\u00e9cessaires).<\/p>\n<p class=\" wall-content\">La <strong>campagne de vaccination se poursuit<\/strong>. Les habitants du territoire peuvent se rendre chez les professionnels de sant\u00e9 et en centre de <a href=\"https:\/\/actu.fr\/tag\/vaccination\" target=\"_blank\" rel=\"noopener\">vaccination<\/a> \u00e9ph\u00e9m\u00e8re pour recevoir leurs doses.<\/p>\n<p>Vid\u00e9os : en ce moment sur Actu<\/p>\n<p class=\" wall-content\">\u00ab\u2009Pour rappel, depuis le 2\u00a0avril 2025, la <strong>vaccination<\/strong> contre le m\u00e9ningo B est<strong> prise en charge<\/strong> dans toutes les r\u00e9gions et pour tous les 15-24\u00a0ans (65\u2009% par l\u2019assurance maladie, 35\u2009% par les compl\u00e9mentaires sant\u00e9)\u2009\u00bb, conclut l\u2019ARS Bretagne.<\/p>\n<p class=\" wall-content\">Suivez toute l\u2019actualit\u00e9 de vos villes et m\u00e9dias favoris en vous inscrivant \u00e0 <a href=\"https:\/\/moncompte.actu.fr\" title=\"D\u00e9couvez Mon Actu\" rel=\"nofollow noopener\" data-trk=\"{&quot;cta&quot;:{&quot;action&quot;:&quot;https:\\\/\\\/moncompte.actu.fr&quot;,&quot;category&quot;:&quot;mon compte&quot;,&quot;from&quot;:&quot;article footer&quot;,&quot;name&quot;:&quot;Mon actu&quot;,&quot;type&quot;:&quot;cta&quot;}}\" target=\"_blank\">Mon Actu<\/a>.<\/p>\n","protected":false},"excerpt":{"rendered":"Par Cl\u00e9mence Pays Publi\u00e9 le 3 mai 2025 \u00e0 9h06 Plusieurs cas de m\u00e9ningite ont \u00e9t\u00e9 d\u00e9tect\u00e9s \u00e0&hellip;\n","protected":false},"author":2,"featured_media":71333,"comment_status":"","ping_status":"","sticky":false,"template":"","format":"standard","meta":{"footnotes":""},"categories":[2821],"tags":[1111,11,829,7513,1777,674,1011,27,12,584,25,71,104,148],"class_list":{"0":"post-71332","1":"post","2":"type-post","3":"status-publish","4":"format-standard","5":"has-post-thumbnail","7":"category-rennes","8":"tag-actu","9":"tag-actualites","10":"tag-bretagne","11":"tag-chu-de-rennes","12":"tag-eu","13":"tag-europe","14":"tag-fr","15":"tag-france","16":"tag-news","17":"tag-rennes","18":"tag-republique-francaise","19":"tag-sante","20":"tag-societe","21":"tag-vaccination"},"share_on_mastodon":{"url":"https:\/\/pubeurope.com\/@fr\/114442910031587100","error":""},"_links":{"self":[{"href":"https:\/\/www.europesays.com\/fr\/wp-json\/wp\/v2\/posts\/71332","targetHints":{"allow":["GET"]}}],"collection":[{"href":"https:\/\/www.europesays.com\/fr\/wp-json\/wp\/v2\/posts"}],"about":[{"href":"https:\/\/www.europesays.com\/fr\/wp-json\/wp\/v2\/types\/post"}],"author":[{"embeddable":true,"href":"https:\/\/www.europesays.com\/fr\/wp-json\/wp\/v2\/users\/2"}],"replies":[{"embeddable":true,"href":"https:\/\/www.europesays.com\/fr\/wp-json\/wp\/v2\/comments?post=71332"}],"version-history":[{"count":0,"href":"https:\/\/www.europesays.com\/fr\/wp-json\/wp\/v2\/posts\/71332\/revisions"}],"wp:featuredmedia":[{"embeddable":true,"href":"https:\/\/www.europesays.com\/fr\/wp-json\/wp\/v2\/media\/71333"}],"wp:attachment":[{"href":"https:\/\/www.europesays.com\/fr\/wp-json\/wp\/v2\/media?parent=71332"}],"wp:term":[{"taxonomy":"category","embeddable":true,"href":"https:\/\/www.europesays.com\/fr\/wp-json\/wp\/v2\/categories?post=71332"},{"taxonomy":"post_tag","embeddable":true,"href":"https:\/\/www.europesays.com\/fr\/wp-json\/wp\/v2\/tags?post=71332"}],"curies":[{"name":"wp","href":"https:\/\/api.w.org\/{rel}","templated":true}]}}