{"id":71334,"date":"2025-05-03T08:16:12","date_gmt":"2025-05-03T08:16:12","guid":{"rendered":"https:\/\/www.europesays.com\/fr\/71334\/"},"modified":"2025-05-03T08:16:12","modified_gmt":"2025-05-03T08:16:12","slug":"soupconnes-de-trafic-detres-humains-24-hommes-interpelles","status":"publish","type":"post","link":"https:\/\/www.europesays.com\/fr\/71334\/","title":{"rendered":"Soup\u00e7onn\u00e9s de trafic d&rsquo;\u00eatres humains, 24 hommes interpell\u00e9s"},"content":{"rendered":"<p class=\"wp-block-post-excerpt__excerpt\">Mardi 1er avril, les gendarmes de la section de recherches de Strasbourg ont d\u00e9mantel\u00e9 en Alsace un r\u00e9seau de trafic de migrants. 24 individus ont \u00e9t\u00e9 interpell\u00e9s dans la r\u00e9gion de Strasbourg et en \u00cele-de-France. <\/p>\n<p class=\"font-sans\">\n\t\t\tCet article est en acc\u00e8s libre. Pour soutenir Rue89 Strasbourg,<br \/>\n\t\t\t<a class=\"underline\" href=\"https:\/\/www.rue89strasbourg.com\/abonnement\" rel=\"nofollow noopener\" target=\"_blank\">abonnez-vous<\/a>.\n\t\t<\/p>\n<p>Lucile Vitrac<\/p>\n<p>Publi\u00e9 le 3 mai 2025\u00a0\u00a0\u00b7\u00a0\u00a0<\/p>\n<p>Imprim\u00e9 le 3 mai 2025 \u00e0 10h16\u00a0\u00a0\u00b7\u00a0\u00a0<\/p>\n<p>\t\t\t\t\t3\u00a0minutes\n<\/p>\n<p>Mardi 1er avril 2025, 24 individus ont \u00e9t\u00e9 interpell\u00e9s \u00e0 leurs domiciles \u00e0 6 heures du matin, en Alsace et en \u00cele-de-France, lors d\u2019une op\u00e9ration coordonn\u00e9e par la section de recherches de la gendarmerie de Strasbourg. Tous sont soup\u00e7onn\u00e9s d\u2019avoir organis\u00e9 un r\u00e9seau de trafic de personnes migrantes.<\/p>\n<p>Ils auraient permis l\u2019entr\u00e9e ill\u00e9gale sur le territoire europ\u00e9en de citoyens d\u2019Afghanistan, de Syrie, de Libye, d\u2019Irak et d\u2019Iran, notamment des femmes et des enfants. Ils auraient dissimul\u00e9 ces exil\u00e9s dans des camions, \u00e0 travers l\u2019Europe de l\u2019Est\u00a0\u2013 Croatie, Gr\u00e8ce, Autriche, Hongrie ou Bulgarie.<\/p>\n<p>Comme l\u2019indique la procureure de Strasbourg dans un communiqu\u00e9 de presse dat\u00e9 du 7 avril\u00a0:<\/p>\n<blockquote class=\"wp-block-quote is-layout-flow wp-block-quote-is-layout-flow\">\n<p>\u00ab\u00a0Cette op\u00e9ration s\u2019inscrit dans le cadre d\u2019une instruction ouverte par le parquet de Strasbourg pour des faits d\u2019association de malfaiteurs, aide \u00e0 l\u2019entr\u00e9e ou au s\u00e9jour irr\u00e9gulier d\u2019\u00e9trangers en bande organis\u00e9e et blanchiment.\u00a0\u00bb<\/p>\n<\/blockquote>\n<p>Apr\u00e8s 96 heures de garde \u00e0 vue, 12 des 24 individus ont \u00e9t\u00e9 d\u00e9f\u00e9r\u00e9s \u00e0 la justice, puis mis en examen. Dix d\u2019entre eux sont en d\u00e9tention provisoire.<\/p>\n<p><a href=\"https:\/\/www.instagram.com\/p\/DJBgEz2K7Pz\/?utm_source=ig_web_button_share_sheet&amp;igsh=MzRlODBiNWFlZA==\" rel=\"nofollow noopener\" target=\"_blank\"><img loading=\"lazy\" decoding=\"async\" width=\"792\" height=\"204\" src=\"https:\/\/www.europesays.com\/fr\/wp-content\/uploads\/2025\/05\/copie-de-bannie\u0300re-autopromo-2025-desktop-792x204.png\" alt=\"\" class=\"wp-image-342070\"  \/><\/a><\/p>\n<p><a href=\"https:\/\/www.instagram.com\/p\/DJBgEz2K7Pz\/?utm_source=ig_web_button_share_sheet&amp;igsh=MzRlODBiNWFlZA==\" rel=\"nofollow noopener\" target=\"_blank\"><img loading=\"lazy\" decoding=\"async\" width=\"300\" height=\"300\" src=\"https:\/\/www.europesays.com\/fr\/wp-content\/uploads\/2025\/05\/03.png\" alt=\"\" class=\"wp-image-342063\"  \/><\/a><\/p>\n<p>Une enqu\u00eate de deux ans<\/p>\n<p>L\u2019enqu\u00eate a d\u00e9but\u00e9 le 30 d\u00e9cembre 2022 avec l\u2019interpellation d\u2019un individu \u00e0 la fronti\u00e8re austro-hongroise. L\u2019homme arr\u00eat\u00e9 est strasbourgeois. Il conduisait une camionnette de mod\u00e8le Renault Master, \u00e0 l\u2019arri\u00e8re de laquelle \u00e9taient entass\u00e9s 43 migrants. Jug\u00e9 en Hongrie, il a \u00e9t\u00e9 condamn\u00e9 pour \u00ab\u00a0aide au transport et au s\u00e9jour irr\u00e9guliers d\u2019\u00e9trangers\u00a0\u00bb.<\/p>\n<p>Depuis l\u2019arrestation, pr\u00e8s de 300 gendarmes du Grand Est, d\u2019\u00cele-de-France et de Savoie ont \u00e9t\u00e9 mobilis\u00e9s pour remonter jusqu\u2019aux t\u00eates du r\u00e9seau, \u00e0 l\u2019aide de mises sur \u00e9coute et de moyens g\u00e9olocalisation. Les investigations ont n\u00e9cessit\u00e9 une collaboration avec la police de Turin et de Bologne, ainsi qu\u2019avec Europol.<\/p>\n<p>L\u2019intervention de la Squadra Mobile (police italienne) a \u00e9t\u00e9 essentielle, car les commanditaires du r\u00e9seau sont encore libres, sur le territoire italien. Aucune interpellation n\u2019a eu lieu en talie, pr\u00e9cise le colonel de Becker, responsable de la section de recherches \u00e0 Strasbourg.<\/p>\n<p>Les interpellations du 1er avril se sont d\u00e9roul\u00e9es exclusivement en \u00cele-de-France et en Alsace. En France, les pr\u00e9venus sont soup\u00e7onn\u00e9s d\u2019avoir conduit les v\u00e9hicules transportant des personnes migrantes, ou d\u2019avoir jou\u00e9 le r\u00f4le de logisticiens (recrutement des chauffeurs, coordination de la planification des d\u00e9placements).<\/p>\n<p>Les camions en question \u00e9taient lou\u00e9s dans diff\u00e9rents pays d\u2019Europe. Les membres du r\u00e9seau rentraient en contact avec d\u2019autres passeurs afin d\u2019acheminer sur le territoire europ\u00e9en les femmes, hommes et enfants migrants.<\/p>\n<p>Un des hommes interpell\u00e9 \u00e0 son domicile strasbourgeois a entre 40 et 50 ans. Il est accus\u00e9 d\u2019\u00eatre un logisticien et ne reconnait pas les faits qui lui sont imput\u00e9s. Selon l\u2019enqu\u00eate, il poss\u00e9derait par ailleurs une soci\u00e9t\u00e9 qui aurait les moyens de blanchir l\u2019argent du trafic.<\/p>\n<p>\t\tUn trafic lucratif<\/p>\n<p>Tous les logisticiens arr\u00eat\u00e9s d\u00e9but avril vivent dans la r\u00e9gion Grand-Est. Les chauffeurs quant \u00e0 eux \u00ab\u00a0sont originaires d\u2019Alsace et d\u2019\u00cele-de-France, plut\u00f4t jeunes et en situation r\u00e9guli\u00e8re\u00a0\u00bb, indique le colonel De Becker. \u00ab\u00a0Attir\u00e9s par l\u2019app\u00e2t du gain,<strong> <\/strong>ils pouvaient entasser jusqu\u2019\u00e0 40 personnes pour les faire passer dans l\u2019espace europ\u00e9en\u00a0\u00bb continue-t-il.<\/p>\n<p>Les chauffeurs pouvaient gagner jusqu\u2019\u00e0 25\u00a0000 euros par trajet, indique le parquet de Strasbourg. Entre logisticiens, chauffeurs et passeurs, la communication \u00e9tait \u00e9tablie via le r\u00e9seau social Snapchat.<\/p>\n<p>Depuis les interpellations, \u00ab\u00a0des saisies et perquisitions effectu\u00e9es au domicile des pr\u00e9venus ont permis de confirmer les \u00e9l\u00e9ments de l\u2019enqu\u00eate et de tracer l\u2019historique du trafic, affirme le colonel, mais les investigations se poursuivent\u00a0\u00bb.  Certains points doivent \u00eatre pr\u00e9cis\u00e9s, comme le blanchiment d\u2019argent. Suite aux perquisitions, \u00ab\u00a0des biens et du num\u00e9raire ont \u00e9t\u00e9 saisis pour une valeur estim\u00e9e \u00e0 130\u00a0000 euros\u00a0\u00bb, d\u00e9clare le communiqu\u00e9 de presse de la procureure.<\/p>\n<p><script async src=\"\/\/www.instagram.com\/embed.js\"><\/script><\/p>\n","protected":false},"excerpt":{"rendered":"Mardi 1er avril, les gendarmes de la section de recherches de Strasbourg ont d\u00e9mantel\u00e9 en Alsace un r\u00e9seau&hellip;\n","protected":false},"author":2,"featured_media":71335,"comment_status":"","ping_status":"","sticky":false,"template":"","format":"standard","meta":{"footnotes":""},"categories":[2820],"tags":[1111,11,1777,674,1011,27,775,303,12,1072,25,640,1097],"class_list":{"0":"post-71334","1":"post","2":"type-post","3":"status-publish","4":"format-standard","5":"has-post-thumbnail","7":"category-strasbourg","8":"tag-actu","9":"tag-actualites","10":"tag-eu","11":"tag-europe","12":"tag-fr","13":"tag-france","14":"tag-grand-est","15":"tag-justice","16":"tag-news","17":"tag-police","18":"tag-republique-francaise","19":"tag-strasbourg","20":"tag-trafic"},"share_on_mastodon":{"url":"https:\/\/pubeurope.com\/@fr\/114442913936421253","error":""},"_links":{"self":[{"href":"https:\/\/www.europesays.com\/fr\/wp-json\/wp\/v2\/posts\/71334","targetHints":{"allow":["GET"]}}],"collection":[{"href":"https:\/\/www.europesays.com\/fr\/wp-json\/wp\/v2\/posts"}],"about":[{"href":"https:\/\/www.europesays.com\/fr\/wp-json\/wp\/v2\/types\/post"}],"author":[{"embeddable":true,"href":"https:\/\/www.europesays.com\/fr\/wp-json\/wp\/v2\/users\/2"}],"replies":[{"embeddable":true,"href":"https:\/\/www.europesays.com\/fr\/wp-json\/wp\/v2\/comments?post=71334"}],"version-history":[{"count":0,"href":"https:\/\/www.europesays.com\/fr\/wp-json\/wp\/v2\/posts\/71334\/revisions"}],"wp:featuredmedia":[{"embeddable":true,"href":"https:\/\/www.europesays.com\/fr\/wp-json\/wp\/v2\/media\/71335"}],"wp:attachment":[{"href":"https:\/\/www.europesays.com\/fr\/wp-json\/wp\/v2\/media?parent=71334"}],"wp:term":[{"taxonomy":"category","embeddable":true,"href":"https:\/\/www.europesays.com\/fr\/wp-json\/wp\/v2\/categories?post=71334"},{"taxonomy":"post_tag","embeddable":true,"href":"https:\/\/www.europesays.com\/fr\/wp-json\/wp\/v2\/tags?post=71334"}],"curies":[{"name":"wp","href":"https:\/\/api.w.org\/{rel}","templated":true}]}}