{"id":71341,"date":"2025-05-03T08:20:13","date_gmt":"2025-05-03T08:20:13","guid":{"rendered":"https:\/\/www.europesays.com\/fr\/71341\/"},"modified":"2025-05-03T08:20:13","modified_gmt":"2025-05-03T08:20:13","slug":"a-saint-herblain-la-longere-de-la-begraisiere-fete-la-nature","status":"publish","type":"post","link":"https:\/\/www.europesays.com\/fr\/71341\/","title":{"rendered":"\u00c0 Saint-Herblain, la long\u00e8re de la B\u00e9graisi\u00e8re f\u00eate la nature"},"content":{"rendered":"<p>Le printemps est l\u00e0, l\u2019\u00e9t\u00e9 se profile \u00e0 l\u2019horizon et la long\u00e8re de la B\u00e9graisi\u00e8re, \u00e0 Saint-Herblain, affiche son nouveau programme estival. Du mois de mai au mois d\u2019ao\u00fbt, elle propose une s\u00e9rie d\u2019animations gratuites pour tous ceux qui ont envie de comprendre et de participer concr\u00e8tement \u00e0 la transition \u00e9cologique.<\/p>\n<p>Eau<\/p>\n<p>Pour cette nouvelle programmation, l\u2019eau, celle que l\u2019on boit, celle qu\u2019on utilise, celle que l\u2019on g\u00e2che, est au centre de la th\u00e9matique de la long\u00e8re, avec deux expositions d\u00e9di\u00e9es. \u00a0L\u2019eau, cette ressource naturelle si pr\u00e9cieuse, est menac\u00e9e par les activit\u00e9s humaines. Face \u00e0 ce sujet d\u2019inqui\u00e9tude, la long\u00e8re a d\u00e9cid\u00e9 d\u2019y consacrer la th\u00e9matique de sa nouvelle programmation\u00a0\u00bb,pr\u00e9sente le maire Bertrand Affil\u00e9.<\/p>\n<p>Photographies<\/p>\n<p>En poussant les portes de <a href=\"https:\/\/www.saint-herblain.fr\/evenements\/la-longere\/\" target=\"_blank\" rel=\"noopener\">la long\u00e8re, du mercredi 7\u00a0mai au samedi 5\u00a0juillet,<\/a> on d\u00e9couvrira une exposition de photographies, r\u00e9alis\u00e9es par Philippe Marchand, mettant en valeur les paysages de l\u2019estuaire de la Loire. La seconde exposition explique les diff\u00e9rents cycles de l\u2019eau, ses usages et les solutions pour limiter la consommation.<\/p>\n<p>Animations<\/p>\n<p>Par ailleurs, de nombreuses animations seront consacr\u00e9es aux \u00e9cogestes pour \u00e9conomiser l\u2019eau au quotidien, pour expliquer la pollution li\u00e9e aux microplastiques ou encore pour d\u00e9couvrir le fonctionnement d\u2019une station d\u2019\u00e9puration.<\/p>\n<p>Balades<\/p>\n<p>Des balades nature sont aussi propos\u00e9es tout au long de cette p\u00e9riode estivale, notamment consacr\u00e9es \u00e0 la d\u00e9couverte des oiseaux des marais de la Pelousi\u00e8re.<\/p>\n<p>Apr\u00e8s-midi festive<\/p>\n<p>D\u00e8s \u00e0 pr\u00e9sent, on notera sur son agenda l\u2019apr\u00e8s-midi festive consacr\u00e9e \u00e0 la F\u00eate de la nature, le samedi 17\u00a0mai, de 15\u00a0h \u00e0 21\u00a0h. La Ville de Saint-Herblain et ses partenaires organisent une demi-journ\u00e9e avec des animations consacr\u00e9es \u00e0 dame nature. Un troc de plantes, la d\u00e9couverte des petites b\u00eates de la mare, un atelier pour \u00e9conomiser de l\u2019eau, la d\u00e9couverte d\u2019un jardin perp\u00e9tuel, un atelier de r\u00e9paration de v\u00e9lo, la r\u00e9alisation d\u2019une fresque artistique collaborative\u2026 Bref, un programme festif et gratuit pour f\u00eater la nature. Ce moment festif se conclura par un concert de Kiwi Vandale, un trio rock p\u00e9tillant et acidul\u00e9\u2026 comme une eau gazeuse\u00a0!<\/p>\n<p><strong>\u00c0 partir du mercredi 7\u00a0mai<\/strong>, \u00e0 la long\u00e8re de la B\u00e9graisi\u00e8re, parc de la B\u00e9graisi\u00e8re, rue Fran\u00e7ois-Rabelais, \u00e0 Saint-Herblain. <strong>Samedi 17\u00a0mai,<\/strong> de 15\u00a0h \u00e0 21\u00a0h, apr\u00e8s-midi festive consacr\u00e9e \u00e0 la F\u00eate de la nature. Programme complet dans les diff\u00e9rents sites de la Ville\u00a0; inscriptions pour certaines animations.<\/p>\n<p>\u00a0<\/p>\n","protected":false},"excerpt":{"rendered":"Le printemps est l\u00e0, l\u2019\u00e9t\u00e9 se profile \u00e0 l\u2019horizon et la long\u00e8re de la B\u00e9graisi\u00e8re, \u00e0 Saint-Herblain, affiche&hellip;\n","protected":false},"author":2,"featured_media":71342,"comment_status":"","ping_status":"","sticky":false,"template":"","format":"standard","meta":{"footnotes":""},"categories":[2818],"tags":[1111,11,17391,1777,674,4768,1011,27,17390,766,2742,12,2636,25,4286],"class_list":{"0":"post-71341","1":"post","2":"type-post","3":"status-publish","4":"format-standard","5":"has-post-thumbnail","7":"category-nantes","8":"tag-actu","9":"tag-actualites","10":"tag-begraisiere","11":"tag-eu","12":"tag-europe","13":"tag-fete","14":"tag-fr","15":"tag-france","16":"tag-longere","17":"tag-nantes","18":"tag-nature","19":"tag-news","20":"tag-pays-de-la-loire","21":"tag-republique-francaise","22":"tag-saint-herblain"},"share_on_mastodon":{"url":"https:\/\/pubeurope.com\/@fr\/114442929631252837","error":""},"_links":{"self":[{"href":"https:\/\/www.europesays.com\/fr\/wp-json\/wp\/v2\/posts\/71341","targetHints":{"allow":["GET"]}}],"collection":[{"href":"https:\/\/www.europesays.com\/fr\/wp-json\/wp\/v2\/posts"}],"about":[{"href":"https:\/\/www.europesays.com\/fr\/wp-json\/wp\/v2\/types\/post"}],"author":[{"embeddable":true,"href":"https:\/\/www.europesays.com\/fr\/wp-json\/wp\/v2\/users\/2"}],"replies":[{"embeddable":true,"href":"https:\/\/www.europesays.com\/fr\/wp-json\/wp\/v2\/comments?post=71341"}],"version-history":[{"count":0,"href":"https:\/\/www.europesays.com\/fr\/wp-json\/wp\/v2\/posts\/71341\/revisions"}],"wp:featuredmedia":[{"embeddable":true,"href":"https:\/\/www.europesays.com\/fr\/wp-json\/wp\/v2\/media\/71342"}],"wp:attachment":[{"href":"https:\/\/www.europesays.com\/fr\/wp-json\/wp\/v2\/media?parent=71341"}],"wp:term":[{"taxonomy":"category","embeddable":true,"href":"https:\/\/www.europesays.com\/fr\/wp-json\/wp\/v2\/categories?post=71341"},{"taxonomy":"post_tag","embeddable":true,"href":"https:\/\/www.europesays.com\/fr\/wp-json\/wp\/v2\/tags?post=71341"}],"curies":[{"name":"wp","href":"https:\/\/api.w.org\/{rel}","templated":true}]}}