{"id":71347,"date":"2025-05-03T08:23:10","date_gmt":"2025-05-03T08:23:10","guid":{"rendered":"https:\/\/www.europesays.com\/fr\/71347\/"},"modified":"2025-05-03T08:23:10","modified_gmt":"2025-05-03T08:23:10","slug":"bordeaux-un-detenu-condamne-pour-coups-mortels-libere-par-erreur-a-la-place-dun-autre","status":"publish","type":"post","link":"https:\/\/www.europesays.com\/fr\/71347\/","title":{"rendered":"Bordeaux : un d\u00e9tenu condamn\u00e9 pour coups mortels lib\u00e9r\u00e9 par erreur \u00e0 la place d\u2019un autre"},"content":{"rendered":"<p>                                            Faits divers\n                                                                            <\/p>\n<p>\n                                            Un d\u00e9tenu, condamn\u00e9 \u00e0 dix ans de prison, a \u00e9t\u00e9 rel\u00e2ch\u00e9 par erreur de la prison de Gradignan, \u00e0 la suite d\u2019une confusion d\u2019identit\u00e9 avec un autre prisonnier.                                        <\/p>\n<p>                                                Publi\u00e9 le 3 mai 2025 \u00e0 9h40                                                                                            <\/p>\n<p>                                            <img loading=\"lazy\" width=\"1024\" height=\"677\" src=\"https:\/\/www.europesays.com\/fr\/wp-content\/uploads\/2025\/04\/prison.jpeg\" class=\"attachment-post-thumbnail size-post-thumbnail wp-post-image lazy\" alt=\"Photo d'illustration \u00a9 FOURMY MARIO\/SIPA\" decoding=\"async\"  data-\/><\/p>\n<p>                                            Photo d&rsquo;illustration \u00a9 FOURMY MARIO\/SIPA<\/p>\n<p>Le mercredi 30 avril en d\u00e9but de soir\u00e9e, un homme de vingt-cinq ans a \u00e9t\u00e9 remis en libert\u00e9 par erreur \u00e0 la place de son cod\u00e9tenu, dont le nom \u00e9tait tr\u00e8s similaire, a pr\u00e9cis\u00e9 le parquet de Bordeaux relay\u00e9 par <a href=\"https:\/\/www.europe1.fr\/Police-Justice\/un-detenu-de-la-prison-de-bordeaux-gradignan-libere-par-erreur-a-la-place-dun-autre-715499\" target=\"_blank\" rel=\"noopener nofollow\">Europe 1.<\/a> Condamn\u00e9 en novembre dernier par la cour d\u2019assises de la Gironde \u00e0 dix ans de <a href=\"https:\/\/www.valeursactuelles.com\/societe\/attaques-de-prisons-vaste-coup-de-filet-mene-avec-une-vingtaine-dinterpellations\" target=\"_blank\" rel=\"noopener nofollow\">prison<\/a> pour un vol avec violences ayant entra\u00een\u00e9 la mort en 2019, le jeune homme \u00e9tait d\u00e9tenu au centre p\u00e9nitentiaire de Bordeaux Gradignan.<\/p>\n<p><a href=\"https:\/\/www.valeursactuelles.com\/societe\/attaques-contre-les-prisons-21-suspects-deferes-des-actions-liees-a-la-tres-grande-criminalite-organisee-selon-le-pnat\" class=\"h-flex h-align-items-center h-border-tb h-ptb-15\" rel=\"nofollow noopener\" target=\"_blank\">A\u00a0LIRE\u00a0Attaques contre les prisons : 21 suspects d\u00e9f\u00e9r\u00e9s, des actions li\u00e9es \u00e0 \u00ab\u00a0la tr\u00e8s grande criminalit\u00e9 organis\u00e9e\u00a0\u00bb, selon le Pnat<\/a><\/p>\n<p>\u00c0 la suite de sa lib\u00e9ration par erreur, une enqu\u00eate judiciaire a \u00e9t\u00e9 imm\u00e9diatement ouverte afin de d\u00e9terminer les circonstances de cette remise en libert\u00e9 injustifi\u00e9e, mais aussi de localiser le d\u00e9tenu. L\u2019affaire a \u00e9t\u00e9 confi\u00e9e \u00e0 la Division de la criminalit\u00e9 organis\u00e9e et sp\u00e9cialis\u00e9e (DCOS) de Bordeaux.<\/p>\n<p>Un mandat de recherche europ\u00e9en<\/p>\n<p>Malgr\u00e9 la mise en place d\u2019un important dispositif de recherche, le d\u00e9tenu reste introuvable. En cons\u00e9quence, un mandat de recherche ainsi qu\u2019un mandat d\u2019arr\u00eat europ\u00e9en ont \u00e9t\u00e9 d\u00e9livr\u00e9s \u00e0 son encontre.<\/p>\n<p>Si les faits \u00e0 l\u2019origine de sa condamnation sont d\u2019une gravit\u00e9 certaine, le d\u00e9tenu ne serait toutefois pas class\u00e9 parmi les profils les plus actifs ou influents de la criminalit\u00e9 organis\u00e9e, a pr\u00e9cis\u00e9 le parquet de <a href=\"https:\/\/www.valeursactuelles.com\/regions\/nouvelle-aquitaine\/gironde\/bordeaux\/faits-divers\/info-va-bordeaux-un-agent-penitentiaire-menace-sur-snapchat-un-slogan-fait-reference-a-la-dz-mafia\" target=\"_blank\" rel=\"noopener nofollow\">Bordeaux.<\/a><\/p>\n","protected":false},"excerpt":{"rendered":"Faits divers Un d\u00e9tenu, condamn\u00e9 \u00e0 dix ans de prison, a \u00e9t\u00e9 rel\u00e2ch\u00e9 par erreur de la prison&hellip;\n","protected":false},"author":2,"featured_media":48628,"comment_status":"","ping_status":"","sticky":false,"template":"","format":"standard","meta":{"footnotes":""},"categories":[2817],"tags":[1111,11,1997,1777,674,1011,27,9985,17394,12,2219,806,807,25],"class_list":{"0":"post-71347","1":"post","2":"type-post","3":"status-publish","4":"format-standard","5":"has-post-thumbnail","7":"category-bordeaux","8":"tag-actu","9":"tag-actualites","10":"tag-bordeaux","11":"tag-eu","12":"tag-europe","13":"tag-fr","14":"tag-france","15":"tag-liberation","16":"tag-mandat-darret","17":"tag-news","18":"tag-nouvelle-aquitaine","19":"tag-prison","20":"tag-prisonniers","21":"tag-republique-francaise"},"share_on_mastodon":{"url":"https:\/\/pubeurope.com\/@fr\/114442941505699130","error":""},"_links":{"self":[{"href":"https:\/\/www.europesays.com\/fr\/wp-json\/wp\/v2\/posts\/71347","targetHints":{"allow":["GET"]}}],"collection":[{"href":"https:\/\/www.europesays.com\/fr\/wp-json\/wp\/v2\/posts"}],"about":[{"href":"https:\/\/www.europesays.com\/fr\/wp-json\/wp\/v2\/types\/post"}],"author":[{"embeddable":true,"href":"https:\/\/www.europesays.com\/fr\/wp-json\/wp\/v2\/users\/2"}],"replies":[{"embeddable":true,"href":"https:\/\/www.europesays.com\/fr\/wp-json\/wp\/v2\/comments?post=71347"}],"version-history":[{"count":0,"href":"https:\/\/www.europesays.com\/fr\/wp-json\/wp\/v2\/posts\/71347\/revisions"}],"wp:featuredmedia":[{"embeddable":true,"href":"https:\/\/www.europesays.com\/fr\/wp-json\/wp\/v2\/media\/48628"}],"wp:attachment":[{"href":"https:\/\/www.europesays.com\/fr\/wp-json\/wp\/v2\/media?parent=71347"}],"wp:term":[{"taxonomy":"category","embeddable":true,"href":"https:\/\/www.europesays.com\/fr\/wp-json\/wp\/v2\/categories?post=71347"},{"taxonomy":"post_tag","embeddable":true,"href":"https:\/\/www.europesays.com\/fr\/wp-json\/wp\/v2\/tags?post=71347"}],"curies":[{"name":"wp","href":"https:\/\/api.w.org\/{rel}","templated":true}]}}