{"id":71354,"date":"2025-05-03T08:28:08","date_gmt":"2025-05-03T08:28:08","guid":{"rendered":"https:\/\/www.europesays.com\/fr\/71354\/"},"modified":"2025-05-03T08:28:08","modified_gmt":"2025-05-03T08:28:08","slug":"entretien-avec-la-directrice-de-transport-environnement-en-france","status":"publish","type":"post","link":"https:\/\/www.europesays.com\/fr\/71354\/","title":{"rendered":"entretien avec la directrice de Transport &#038; Environnement en France"},"content":{"rendered":"<p>Directrice de la branche fran\u00e7aise de l\u2019organisation europ\u00e9enne Transport &amp; Environnement, Diane Strauss \u00e9tait de passage \u00e0 Marseille au printemps. Automobile, maritime, aviation\u2026 Elle a r\u00e9pondu aux questions de \u00ab\u00a0La Provence\u00a0\u00bb sur la d\u00e9carbonation des transports.<\/p>\n<p><strong>Vous \u00e9tiez \u00e0 Marseille afin de rencontrer des acteurs du secteur maritime, et l\u2019adjoint au maire \u00e0 la Transition \u00e9cologique, S\u00e9bastien Barles. Pourquoi\u00a0?<\/strong>&#13;\n<\/p>\n<p>Parce qu\u2019on a une expertise sur la question de l\u2019\u00e9nergie, sur comment g\u00e9rer la transition des carburants dans les diff\u00e9rents modes de transports. On peut apporter des r\u00e9ponses sur les politiques publiques locales.<\/p>\n<p><strong>\u00c0 Marseille, le transport maritime est <a href=\"https:\/\/www.laprovence.com\/article\/region\/55472661736259\/industries-transport-routier-pourquoi-la-pollution-de-lair-reste-superieure-aux-seuils-recommandes-a-marseille\" target=\"_blank\" rel=\"noopener\">l\u2019une des principales sources d\u2019\u00e9missions d\u2019oxyde d\u2019azote<\/a>. Comment les r\u00e9duire\u00a0?<\/strong>&#13;\n<\/p>\n<p>Ce qu\u2019on recommande, c\u2019est le branchement \u00e0 quai des navires, pour \u00e9viter l\u2019\u00e9mission de polluants. C\u2019est une obligation europ\u00e9enne d\u2019ici \u00e0\u00a02030. Marseille a commenc\u00e9 \u00e0 <a href=\"https:\/\/www.laprovence.com\/article\/region\/5599187170745715\/pollution-de-l-air-la-mairie-de-marseille-va-investir-3-millions-deuros-pour-electrifier-les-quais\" target=\"_blank\" rel=\"noopener\">investir de mani\u00e8re massive<\/a>, elle fait partie des bons \u00e9l\u00e8ves des ports europ\u00e9ens. Mais il faut investir pour les escales des croisi\u00e8res, c\u2019est la prochaine \u00e9tape.<\/p>\n<p><strong>La <a href=\"https:\/\/www.laprovence.com\/article\/societe\/1122350805208716\/video-pourquoi-il-est-si-difficile-de-reduire-la-pollution-routiere-a-marseille\" target=\"_blank\" rel=\"noopener\">circulation routi\u00e8re<\/a> est l\u2019autre principale source d\u2019\u00e9missions. Comment agir sur ce point\u00a0?<\/strong>&#13;\n<\/p>\n<p>Il faut renouveler le parc automobile avec des voitures plus r\u00e9centes, donner plus de place aux alternatives aussi. Les enfants sont les plus vuln\u00e9rables \u00e0 la pollution de l\u2019air.<\/p>\n","protected":false},"excerpt":{"rendered":"Directrice de la branche fran\u00e7aise de l\u2019organisation europ\u00e9enne Transport &amp; Environnement, Diane Strauss \u00e9tait de passage \u00e0 Marseille&hellip;\n","protected":false},"author":2,"featured_media":71355,"comment_status":"","ping_status":"","sticky":false,"template":"","format":"standard","meta":{"footnotes":""},"categories":[2814],"tags":[930,17,1111,11,1292,154,1777,674,17396,1011,27,884,12,882,25,17395,104,3356,3533],"class_list":{"0":"post-71354","1":"post","2":"type-post","3":"status-publish","4":"format-standard","5":"has-post-thumbnail","7":"category-marseille","8":"tag-le","9":"tag-17","10":"tag-actu","11":"tag-actualites","12":"tag-debat","13":"tag-des","14":"tag-eu","15":"tag-europe","16":"tag-fixe","17":"tag-fr","18":"tag-france","19":"tag-marseille","20":"tag-news","21":"tag-provence-alpes-cote-dazur","22":"tag-republique-francaise","23":"tag-sest","24":"tag-societe","25":"tag-sur","26":"tag-zfe"},"share_on_mastodon":{"url":"https:\/\/pubeurope.com\/@fr\/114442961175658622","error":""},"_links":{"self":[{"href":"https:\/\/www.europesays.com\/fr\/wp-json\/wp\/v2\/posts\/71354","targetHints":{"allow":["GET"]}}],"collection":[{"href":"https:\/\/www.europesays.com\/fr\/wp-json\/wp\/v2\/posts"}],"about":[{"href":"https:\/\/www.europesays.com\/fr\/wp-json\/wp\/v2\/types\/post"}],"author":[{"embeddable":true,"href":"https:\/\/www.europesays.com\/fr\/wp-json\/wp\/v2\/users\/2"}],"replies":[{"embeddable":true,"href":"https:\/\/www.europesays.com\/fr\/wp-json\/wp\/v2\/comments?post=71354"}],"version-history":[{"count":0,"href":"https:\/\/www.europesays.com\/fr\/wp-json\/wp\/v2\/posts\/71354\/revisions"}],"wp:featuredmedia":[{"embeddable":true,"href":"https:\/\/www.europesays.com\/fr\/wp-json\/wp\/v2\/media\/71355"}],"wp:attachment":[{"href":"https:\/\/www.europesays.com\/fr\/wp-json\/wp\/v2\/media?parent=71354"}],"wp:term":[{"taxonomy":"category","embeddable":true,"href":"https:\/\/www.europesays.com\/fr\/wp-json\/wp\/v2\/categories?post=71354"},{"taxonomy":"post_tag","embeddable":true,"href":"https:\/\/www.europesays.com\/fr\/wp-json\/wp\/v2\/tags?post=71354"}],"curies":[{"name":"wp","href":"https:\/\/api.w.org\/{rel}","templated":true}]}}