{"id":71360,"date":"2025-05-03T08:31:08","date_gmt":"2025-05-03T08:31:08","guid":{"rendered":"https:\/\/www.europesays.com\/fr\/71360\/"},"modified":"2025-05-03T08:31:08","modified_gmt":"2025-05-03T08:31:08","slug":"deux-militants-italiens-incarceres-apres-lattaque-de-lagence-6e-sens-immobilier-le-1er-mai","status":"publish","type":"post","link":"https:\/\/www.europesays.com\/fr\/71360\/","title":{"rendered":"deux militants italiens incarc\u00e9r\u00e9s apr\u00e8s l\u2019attaque de l\u2019agence 6e Sens Immobilier le 1er-mai"},"content":{"rendered":"<p itemprop=\"description\"><strong>Interpell\u00e9s lors de la manifestation du 1er mai, deux casseurs de nationalit\u00e9 italienne ont \u00e9t\u00e9 pr\u00e9sent\u00e9s \u00e0 un juge ce vendredi.<\/strong><\/p>\n<p>Pr\u00e9sent\u00e9s ce vendredi \u00e0 un magistrat, les deux activistes interpell\u00e9s la veille sont d\u00e9sormais incarc\u00e9r\u00e9s.<\/p>\n<p>Selon nos informations, de nationalit\u00e9 italienne, ils sont soup\u00e7onn\u00e9s d\u2019avoir pris une part active aux d\u00e9gradations du si\u00e8ge de l\u2019agence immobili\u00e8re 6e Sens, vis\u00e9e en marge du cort\u00e8ge du 1er mai.<\/p>\n<p>L\u2019attaque, men\u00e9e avec violence en plein centre-ville, s\u2019\u00e9tait d\u00e9roul\u00e9e dans un climat particuli\u00e8rement tendu. Outre cette interpellation, un autre individu avait \u00e9t\u00e9 arr\u00eat\u00e9 avant m\u00eame le d\u00e9part de la manifestation : il portait un couteau.<\/p>\n<p>Pour rappel, trois membres des forces de l\u2019ordre ont \u00e9t\u00e9 bless\u00e9s au cours de la journ\u00e9e.<\/p>\n","protected":false},"excerpt":{"rendered":"Interpell\u00e9s lors de la manifestation du 1er mai, deux casseurs de nationalit\u00e9 italienne ont \u00e9t\u00e9 pr\u00e9sent\u00e9s \u00e0 un&hellip;\n","protected":false},"author":2,"featured_media":71361,"comment_status":"","ping_status":"","sticky":false,"template":"","format":"standard","meta":{"footnotes":""},"categories":[1889],"tags":[1111,11,2813,2190,2430,1109,251,1112,2811,1777,674,118,1011,27,1922,1110,1114,2428,2810,12,241,316,25,2812,517,800],"class_list":{"0":"post-71360","1":"post","2":"type-post","3":"status-publish","4":"format-standard","5":"has-post-thumbnail","7":"category-lyon","8":"tag-actu","9":"tag-actualites","10":"tag-article","11":"tag-asvel","12":"tag-auvergne-rhone-alpes","13":"tag-breves","14":"tag-culture","15":"tag-depeches","16":"tag-economique","17":"tag-eu","18":"tag-europe","19":"tag-faits-divers","20":"tag-fr","21":"tag-france","22":"tag-info","23":"tag-informations","24":"tag-infos","25":"tag-lyon","26":"tag-lyonmag","27":"tag-news","28":"tag-ol","29":"tag-politique","30":"tag-republique-francaise","31":"tag-sociale","32":"tag-sport","33":"tag-transports"},"share_on_mastodon":{"url":"https:\/\/pubeurope.com\/@fr\/114442972891327199","error":""},"_links":{"self":[{"href":"https:\/\/www.europesays.com\/fr\/wp-json\/wp\/v2\/posts\/71360","targetHints":{"allow":["GET"]}}],"collection":[{"href":"https:\/\/www.europesays.com\/fr\/wp-json\/wp\/v2\/posts"}],"about":[{"href":"https:\/\/www.europesays.com\/fr\/wp-json\/wp\/v2\/types\/post"}],"author":[{"embeddable":true,"href":"https:\/\/www.europesays.com\/fr\/wp-json\/wp\/v2\/users\/2"}],"replies":[{"embeddable":true,"href":"https:\/\/www.europesays.com\/fr\/wp-json\/wp\/v2\/comments?post=71360"}],"version-history":[{"count":0,"href":"https:\/\/www.europesays.com\/fr\/wp-json\/wp\/v2\/posts\/71360\/revisions"}],"wp:featuredmedia":[{"embeddable":true,"href":"https:\/\/www.europesays.com\/fr\/wp-json\/wp\/v2\/media\/71361"}],"wp:attachment":[{"href":"https:\/\/www.europesays.com\/fr\/wp-json\/wp\/v2\/media?parent=71360"}],"wp:term":[{"taxonomy":"category","embeddable":true,"href":"https:\/\/www.europesays.com\/fr\/wp-json\/wp\/v2\/categories?post=71360"},{"taxonomy":"post_tag","embeddable":true,"href":"https:\/\/www.europesays.com\/fr\/wp-json\/wp\/v2\/tags?post=71360"}],"curies":[{"name":"wp","href":"https:\/\/api.w.org\/{rel}","templated":true}]}}