{"id":71370,"date":"2025-05-03T08:37:09","date_gmt":"2025-05-03T08:37:09","guid":{"rendered":"https:\/\/www.europesays.com\/fr\/71370\/"},"modified":"2025-05-03T08:37:09","modified_gmt":"2025-05-03T08:37:09","slug":"ligue-1-pourquoi-la-montee-de-paris-fc-est-une-bonne-nouvelle-pour-le-psg","status":"publish","type":"post","link":"https:\/\/www.europesays.com\/fr\/71370\/","title":{"rendered":"Ligue 1 : Pourquoi la mont\u00e9e de Paris FC est une bonne nouvelle pour le PSG"},"content":{"rendered":"<p data-testid=\"article-teaser\">Un vent nouveau souffle sur la capitale : le PSG va enfin avoir son derby. Et cette arriv\u00e9e d\u2019un voisin en L1 est per\u00e7ue comme un atout strat\u00e9gique.<\/p>\n<p>Le Paris FC a valid\u00e9 vendredi soir son accession \u00e0 la Ligue 1, offrant enfin \u00e0 la capitale un vrai derby, longtemps esp\u00e9r\u00e9 par les amateurs de football. Si la rivalit\u00e9 sportive entre le Paris Saint-Germain et son voisin du sud-est de la ville n\u2019est pas encore au rendez-vous, l\u2019arriv\u00e9e d\u2019un deuxi\u00e8me club parisien au sommet du football hexagonal est per\u00e7ue comme un levier important pour rehausser l\u2019intensit\u00e9 du championnat.<\/p>\n<p>Relations cordiales au sommet<\/p>\n<p>Ce nouveau chapitre du football parisien repose aussi sur des rapports harmonieux entre dirigeants. Nasser al-Khela\u00effi, pr\u00e9sident du PSG, et Antoine Arnault, qui a r\u00e9cemment pris la t\u00eate du Paris FC avec sa famille, affichent une entente respectueuse. Le propri\u00e9taire qatari avait d\u2019ailleurs convi\u00e9 Antoine Arnault et son \u00e9pouse \u00e0 l\u2019inauguration du Campus PSG \u00e0 Poissy en novembre. Ce dernier est aussi un habitu\u00e9 des loges du Parc des Princes.<\/p>\n<blockquote class=\"twitter-tweet\" hidden=\"\">\n<p lang=\"fr\" dir=\"ltr\">\ud83c\udf1f \ud835\udc0f\ud835\udc00\ud835\udc11\ud835\udc08\ud835\udc12\ud835\udc08\ud835\udc04\ud835\udc0d\ud835\udc12, \ud835\udc0f\ud835\udc00\ud835\udc11\ud835\udc08\ud835\udc12\ud835\udc08\ud835\udc04\ud835\udc0d\ud835\udc0d\ud835\udc04\ud835\udc12, nous sommes en <a href=\"https:\/\/twitter.com\/Ligue1?ref_src=twsrc%5Etfw\" rel=\"nofollow noopener\" target=\"_blank\">@Ligue1<\/a>\ud83d\udd25\ud83e\udd79<\/p>\n<p>\ud83d\udd1d \ud835\udc00 \ud835\udc2d\ud835\udc28\ud835\udc2e\ud835\udc2c \ud835\udc1c\ud835\udc1e\ud835\udc2e\ud835\udc31 \ud835\udc2a\ud835\udc2e\ud835\udc22 \ud835\udc28\ud835\udc27\ud835\udc2d \ud835\udc2d\ud835\udc28\ud835\udc2e\ud835\udc23\ud835\udc28\ud835\udc2e\ud835\udc2b\ud835\udc2c \ud835\udc1c\ud835\udc2b\ud835\udc2e \ud835\udc1e\ud835\udc27 \ud835\udc27\ud835\udc28\ud835\udc2e\ud835\udc2c, \ud835\udc2a\ud835\udc2e\ud835\udc22 \ud835\udc27\ud835\udc28\ud835\udc2e\ud835\udc2c \ud835\udc28\ud835\udc27\ud835\udc2d \ud835\udc2c\ud835\udc28\ud835\udc2e\ud835\udc2d\ud835\udc1e\ud835\udc27\ud835\udc2e\ud835\udc2c : \ud835\udc1c\ud835\udc1e\ud835\udc2d\ud835\udc2d\ud835\udc1e \ud835\udc26\ud835\udc28\ud835\udc27\ud835\udc2d\ud835\udc1e\u0301\ud835\udc1e \ud835\udc1e\ud835\udc2c\ud835\udc2d \ud835\udc25\ud835\udc1a \ud835\udc2f\ud835\udc28\u0302\ud835\udc2d\ud835\udc2b\ud835\udc1e \ud83d\udc99<\/p>\n<p>\ud83d\udd35\u26aa\ufe0f <a href=\"https:\/\/twitter.com\/hashtag\/Certifi%C3%A9Paris?src=hash&amp;ref_src=twsrc%5Etfw\" rel=\"nofollow noopener\" target=\"_blank\">#Certifi\u00e9Paris<\/a>\u00a0|\u2026 <a href=\"https:\/\/t.co\/uNoMKqYg1v\" rel=\"nofollow\">pic.twitter.com\/uNoMKqYg1v<\/a><\/p>\n<p>\u2014 Paris FC (@ParisFC) <a href=\"https:\/\/twitter.com\/ParisFC\/status\/1918394651155022051?ref_src=twsrc%5Etfw\" rel=\"nofollow noopener\" target=\"_blank\">May 2, 2025<\/a><\/p><\/blockquote>\n<p>Paris va donc d\u00e9sormais conna\u00eetre un v\u00e9ritable bouleversement footballistique. Priv\u00e9e de derbys en Ligue 1 depuis plus de trois d\u00e9cennies, la capitale fran\u00e7aise s&rsquo;appr\u00eate \u00e0 vivre une toute nouvelle dynamique. Fra\u00eechement promu en premi\u00e8re division, <a href=\"https:\/\/www.goal.com\/fr\/listes\/le-paris-fc-nouveau-locataire-du-parc-des-princes-apres-le-psg\/bltd3c9f186b4ce1bbd\" target=\"_self\" rel=\"nofollow noopener\">le Paris FC va quitter le stade Charl\u00e9ty (13e arrondissement) pour s\u2019installer au stade Jean-Bouin (16e arrondissement), situ\u00e9 juste en face du Parc des Princes<\/a>, le fief du Paris Saint-Germain. Une proximit\u00e9 g\u00e9ographique qui promet une rivalit\u00e9 in\u00e9dite au plus haut niveau.<\/p>\n<p>L&rsquo;article continue ci-dessous<script async src=\"https:\/\/platform.twitter.com\/widgets.js\" charset=\"utf-8\"><\/script><\/p>\n","protected":false},"excerpt":{"rendered":"Un vent nouveau souffle sur la capitale : le PSG va enfin avoir son derby. Et cette arriv\u00e9e&hellip;\n","protected":false},"author":2,"featured_media":71371,"comment_status":"","ping_status":"","sticky":false,"template":"","format":"standard","meta":{"footnotes":""},"categories":[1888],"tags":[11,1777,674,1011,27,66,12,626,445,91,25,640,17112],"class_list":{"0":"post-71370","1":"post","2":"type-post","3":"status-publish","4":"format-standard","5":"has-post-thumbnail","7":"category-paris","8":"tag-actualites","9":"tag-eu","10":"tag-europe","11":"tag-fr","12":"tag-france","13":"tag-ligue-1","14":"tag-news","15":"tag-paris","16":"tag-paris-fc","17":"tag-paris-saint-germain","18":"tag-republique-francaise","19":"tag-strasbourg","20":"tag-strasbourg-vs-paris-saint-germain"},"share_on_mastodon":{"url":"https:\/\/pubeurope.com\/@fr\/114442996506113029","error":""},"_links":{"self":[{"href":"https:\/\/www.europesays.com\/fr\/wp-json\/wp\/v2\/posts\/71370","targetHints":{"allow":["GET"]}}],"collection":[{"href":"https:\/\/www.europesays.com\/fr\/wp-json\/wp\/v2\/posts"}],"about":[{"href":"https:\/\/www.europesays.com\/fr\/wp-json\/wp\/v2\/types\/post"}],"author":[{"embeddable":true,"href":"https:\/\/www.europesays.com\/fr\/wp-json\/wp\/v2\/users\/2"}],"replies":[{"embeddable":true,"href":"https:\/\/www.europesays.com\/fr\/wp-json\/wp\/v2\/comments?post=71370"}],"version-history":[{"count":0,"href":"https:\/\/www.europesays.com\/fr\/wp-json\/wp\/v2\/posts\/71370\/revisions"}],"wp:featuredmedia":[{"embeddable":true,"href":"https:\/\/www.europesays.com\/fr\/wp-json\/wp\/v2\/media\/71371"}],"wp:attachment":[{"href":"https:\/\/www.europesays.com\/fr\/wp-json\/wp\/v2\/media?parent=71370"}],"wp:term":[{"taxonomy":"category","embeddable":true,"href":"https:\/\/www.europesays.com\/fr\/wp-json\/wp\/v2\/categories?post=71370"},{"taxonomy":"post_tag","embeddable":true,"href":"https:\/\/www.europesays.com\/fr\/wp-json\/wp\/v2\/tags?post=71370"}],"curies":[{"name":"wp","href":"https:\/\/api.w.org\/{rel}","templated":true}]}}