{"id":71372,"date":"2025-05-03T08:38:13","date_gmt":"2025-05-03T08:38:13","guid":{"rendered":"https:\/\/www.europesays.com\/fr\/71372\/"},"modified":"2025-05-03T08:38:13","modified_gmt":"2025-05-03T08:38:13","slug":"en-direct-ukraine-seules-la-force-et-les-sanctions-forceront-la-russie-a-sarreter-estime-zelensky","status":"publish","type":"post","link":"https:\/\/www.europesays.com\/fr\/71372\/","title":{"rendered":"EN DIRECT &#8211; Ukraine : \u00ab\u00a0Seules la force et les sanctions forceront la Russie \u00e0 s&rsquo;arr\u00eater\u00a0\u00bb, estime Zelensky"},"content":{"rendered":"<p>\u00ab\u00a0Il n&rsquo;y avait aucune cible militaire, et il n&rsquo;aurait pas pu y en avoir\u00a0\u00bb, a fustig\u00e9 samedi sur X Volodymyr Zelensky, apr\u00e8s les frappes russes sur Kharkiv au cours de la nuit derni\u00e8re.Le pr\u00e9sident ukrainien estime que \u00ab\u00a0seules la force et les sanctions forceront la Russie \u00e0 s&rsquo;arr\u00eater\u00a0\u00bb.Suivez les derni\u00e8res informations.Minute par minute08:43ZELENSKY VEUT \u00ab\u00a0FORCER LA RUSSIE \u00c0 S&rsquo;ARR\u00caTER\u00a0\u00bb<\/p>\n<p>\u00ab\u00a0Il n&rsquo;y avait aucune cible militaire, et il n&rsquo;aurait pas pu y en avoir\u00a0\u00bb, a fustig\u00e9 samedi sur X le pr\u00e9sident ukrainien, Volodymyr Zelensky, apr\u00e8s les frappes russes sur Kharkiv au cours de la nuit derni\u00e8re. \u00ab\u00a0La Russie frappe des zones r\u00e9sidentielles au moment m\u00eame o\u00f9 les Ukrainiens sont chez eux, au moment o\u00f9 ils couchent leurs enfants. Seuls des d\u00e9mons peuvent donner de tels ordres et les ex\u00e9cuter.\u00a0\u00bb<\/p>\n<p>\u00ab\u00a0Alors que le monde h\u00e9site \u00e0 prendre des d\u00e9cisions, presque chaque nuit en Ukraine se transforme en cauchemar, co\u00fbtant des vies. L&rsquo;Ukraine a besoin d&rsquo;une d\u00e9fense a\u00e9rienne renforc\u00e9e\u00a0\u00bb, a-t-il r\u00e9clam\u00e9. \u00ab\u00a0Des d\u00e9cisions fortes et concr\u00e8tes sont n\u00e9cessaires de la part de nos partenaires &#8211; les \u00c9tats-Unis, l&rsquo;Europe, tous nos partenaires qui aspirent \u00e0 la paix. Seules la force et les sanctions forceront la Russie \u00e0 s&rsquo;arr\u00eater.\u00a0\u00bb<\/p>\n<blockquote data-testid=\"EmbedTwitter\" id=\"tweet-1918413997327450114-:R7656mb6ij9n7a6:\" class=\"jsx-aeff1a1c40f54d7a twitter-tweet flex justify-center items-center\"><p>Right now, Russia is yet again attacking Ukraine. Kharkiv has been hit by dozens of \u00ab\u00a0Shahed\u00a0\u00bb drones. Residential buildings, enterprises, and civilian infrastructure have been damaged. As of now, more than 40 people have been reported injured. Rescuers and relevant services are\u2026  pic.twitter.com\/cC2PYfPVRl \u2014 Volodymyr Zelenskyy \/ \u0412\u043e\u043b\u043e\u0434\u0438\u043c\u0438\u0440 \u0417\u0435\u043b\u0435\u043d\u0441\u044c\u043a\u0438\u0439 (@ZelenskyyUa)  May 2, 2025<\/p><\/blockquote>\n<p>08:39KHARKIV FRAPP\u00c9E, 47 CIVILS BLESS\u00c9S<\/p>\n<p>Des drones lanc\u00e9s par la Russie ont bless\u00e9 47 civils \u00e0 Kharkiv, la deuxi\u00e8me ville d&rsquo;Ukraine. \u00ab\u00a0Des attaques hostiles sur Kharkiv ont eu pour cons\u00e9quence de blesser 47 civils\u00a0\u00bb, a \u00e9crit la police locale ukrainienne sur son compte Telegram, dans la nuit de vendredi \u00e0 samedi, apr\u00e8s que le gouverneur r\u00e9gional, Oleg Synegoubov, eut parl\u00e9 d&rsquo;une cinquantaine de personnes touch\u00e9es, dont un enfant de 11 ans.<\/p>\n<p>Ukraine : nouvelle frappe nocturne sur KharkivSource : TF1 Info<\/p>\n<p><img decoding=\"async\" src=\"https:\/\/www.europesays.com\/fr\/wp-content\/uploads\/2025\/05\/ukraine-nouvelle-frappe-nocturne-sur-kharkiv-7bd684-0@1x.jpeg\" alt=\"Ukraine : nouvelle frappe nocturne sur Kharkiv\" loading=\"lazy\" importance=\"low\" fetchpriority=\"low\" class=\"\"\/><img decoding=\"async\" src=\"https:\/\/www.europesays.com\/fr\/wp-content\/uploads\/2025\/04\/player-logo-play.svg.svg+xml\" alt=\"Logo lecture\" class=\"jsx-d0de44c05fe3042c PlayerLazyload__Play\"\/>06:46DES SOLDATS UKRAINIENS VONT D\u00c9FILER \u00c0 LONDRES<\/p>\n<p>Le gouvernement britannique a annonc\u00e9 samedi que des soldats ukrainiens se joindront au d\u00e9fil\u00e9 militaire organis\u00e9 lundi \u00e0 Londres, \u00e0 l&rsquo;occasion des c\u00e9l\u00e9brations marquant les 80 ans de la fin de la Seconde Guerre mondiale. La pr\u00e9sence de ce contingent symbolise \u00ab\u00a0le soutien mondial \u00e0 leur lutte pour la libert\u00e9 contre l&rsquo;invasion ill\u00e9gale et non provoqu\u00e9e de la Russie\u00a0\u00bb, \u00e9crit le minist\u00e8re de la D\u00e9fense dans un communiqu\u00e9.<\/p>\n<p>\u00ab\u00a0La participation du personnel militaire ukrainien au d\u00e9fil\u00e9 \u00e0 Londres symbolise notre force, notre courage et notre r\u00e9silience\u00a0\u00bb, a d\u00e9clar\u00e9 le major Pavlo. \u00ab\u00a0C&rsquo;est la reconnaissance du fait que l&rsquo;Ukraine et ses h\u00e9ros sont \u00e0 l&rsquo;avant-garde de la lutte pour la libert\u00e9 et la paix dans le monde\u00a0\u00bb. Le Royaume-Uni et d&rsquo;autres nations alli\u00e9es ont form\u00e9 plus de 54.000 Ukrainiens aux techniques de combat depuis l&rsquo;invasion russe en 2022.\u00a0<\/p>\n<p>06:43WASHINGTON VEND \u00c0 L&rsquo;UKRAINE DES PIEC\u00c8S DE F-16<\/p>\n<p>L&rsquo;administration Trump a annonc\u00e9 vendredi avoir approuv\u00e9 la vente \u00e0 l&rsquo;Ukraine de pi\u00e8ces d\u00e9tach\u00e9es et mat\u00e9riel d&rsquo;entra\u00eenement pour des F-16, des avions de combat dont la livraison avait \u00e9t\u00e9 approuv\u00e9e par Joe Biden. Le d\u00e9partement d&rsquo;\u00c9tat a indiqu\u00e9 dans un communiqu\u00e9 avoir notifi\u00e9 le Congr\u00e8s de cette vente d&rsquo;une valeur de 310,5 millions de dollars et qui comprend de la \u00ab\u00a0formation du personnel li\u00e9e \u00e0 l&rsquo;exploitation et \u00e0 l&rsquo;entretien\u00a0\u00bb des avions F-16, des pi\u00e8ces de rechange et des \u00e9quipements de manutention au sol et autres.<\/p>\n<p>Cette transaction entre Washington et Kiev va notamment assurer la formation des pilotes et \u00ab\u00a0accro\u00eetre l&rsquo;interop\u00e9rabilit\u00e9\u00a0\u00bb des forces arm\u00e9es ukrainiennes avec celles des \u00c9tats-Unis, \u00e9crit le d\u00e9partement d&rsquo;Etat am\u00e9ricain. Cette vente, qui sera pay\u00e9e par Kiev, intervient deux jours apr\u00e8s la signature de l&rsquo;accord entre les \u00c9tats-Unis et l&rsquo;Ukraine pour l&rsquo;exploitation du sous-sol ukrainien et la reconstruction du pays.<\/p>\n<p>06:39UNE CINQUANTAINE DE BLESS\u00c9S \u00c0 KHARKIV<\/p>\n<p>Des drones lanc\u00e9s par les Russes ont fait \u00ab\u00a0pr\u00e8s de 50\u00a0\u00bb bless\u00e9s vendredi \u00e0 Kharkiv, la deuxi\u00e8me ville d&rsquo;Ukraine et situ\u00e9e \u00e0 proximit\u00e9 de la fronti\u00e8re russe. Ce raid est survenu quelques heures apr\u00e8s des bombardements russes sur Zaporijia, ville du sud, dans lesquels plus de 20 personnes ont \u00e9t\u00e9 bless\u00e9es.<\/p>\n<p>\u00ab\u00a0Pr\u00e8s de 50 personnes ont \u00e9t\u00e9 bless\u00e9es \u00e0 cause de l&rsquo;attaque massive de l&rsquo;envahisseur. Parmi eux se trouve un enfant de 11 ans\u00a0\u00bb, a \u00e9crit le gouverneur de Kharkiv, Oleg Synegoubov, sur Telegram.Quatre districts de la ville (Slobidsky, Saltivsky, Kyivsky et Osnoviansky) ont \u00e9t\u00e9 touch\u00e9s par les frappes. \u00ab\u00a0Des incendies se sont d\u00e9clar\u00e9s. Des immeubles r\u00e9sidentiels, des infrastructures civiles et des voitures ont \u00e9t\u00e9 endommag\u00e9s.\u00a0\u00bb<\/p>\n<p>06:37BIENVENUE<\/p>\n<p>Bonjour \u00e0 toutes et \u00e0 tous. Bienvenue sur TF1info pour suivre les derni\u00e8res actualit\u00e9s autour de la guerre en Ukraine, d\u00e9but\u00e9e le 24 f\u00e9vrier 2022 avec l&rsquo;invasion russe ordonn\u00e9e par Vladimir Poutine.<\/p>\n<p data-module=\"article-paragraph\" class=\"jsx-362436225 Paragraph\">L&rsquo;administration Trump a annonc\u00e9 vendredi avoir approuv\u00e9 la vente \u00e0 l&rsquo;Ukraine de pi\u00e8ces d\u00e9tach\u00e9es et mat\u00e9riel d&rsquo;entra\u00eenement pour des F-16, des avions de combat dont la livraison avait \u00e9t\u00e9 approuv\u00e9e par Joe Biden. Le d\u00e9partement d&rsquo;\u00c9tat a indiqu\u00e9 dans un communiqu\u00e9 avoir notifi\u00e9 le Congr\u00e8s de cette vente d&rsquo;une valeur de 310,5 millions de dollars et qui comprend de la \u00ab\u00a0formation du personnel li\u00e9e \u00e0 l&rsquo;exploitation et \u00e0 l&rsquo;entretien\u00a0\u00bb des avions F-16, des pi\u00e8ces de rechange et des \u00e9quipements de manutention au sol et autres, selon un communiqu\u00e9.<\/p>\n<p data-module=\"article-paragraph\" class=\"jsx-362436225 Paragraph Paragraph__End\">Cette transaction va notamment assurer la formation des pilotes et \u00ab\u00a0accro\u00eetre l&rsquo;interop\u00e9rabilit\u00e9\u00a0\u00bb des forces arm\u00e9es ukrainiennes avec celles des \u00c9tats-Unis, \u00e9crit le d\u00e9partement d&rsquo;\u00c9tat am\u00e9ricain.<\/p>\n<p data-module=\"article-paragraph\" class=\"jsx-362436225 Paragraph\">Cette vente, qui sera pay\u00e9e par Kiev, intervient deux jours apr\u00e8s la signature de l&rsquo;accord entre les \u00c9tats-Unis et l&rsquo;Ukraine pour l&rsquo;exploitation du sous-sol ukrainien et la reconstruction du pays. Un r\u00e9chauffement des relations apr\u00e8s les critiques \u00e0 r\u00e9p\u00e9tition de Donald Trump vis-\u00e0-vis des dizaines de milliards de dollars d&rsquo;aide militaire am\u00e9ricaine \u00e0 l&rsquo;Ukraine approuv\u00e9e sous le mandat de son pr\u00e9d\u00e9cesseur Joe Biden.<\/p>\n<p data-module=\"article-paragraph\" class=\"jsx-362436225 Paragraph Paragraph__End\">L&rsquo;Ukraine avait re\u00e7u ses premiers F-16 de ses alli\u00e9s occidentaux en ao\u00fbt dernier, apr\u00e8s deux ans de pression de Kiev. Mi-avril et pour la seconde fois pour ce type d&rsquo;appareil, un pilote ukrainien de F-16 a \u00e9t\u00e9 tu\u00e9 au combat.<\/p>\n<p data-module=\"article-paragraph\" class=\"jsx-362436225 Paragraph Paragraph__End\">L&rsquo;Ukraine a re\u00e7u en mars d&rsquo;autres exemplaires de F-16, des appareils de conception am\u00e9ricaine, selon son pr\u00e9sident Volodymyr Zelensky. Son arm\u00e9e les emploie notamment pour d\u00e9truire les missiles russes lanc\u00e9s constamment sur le territoire ukrainien depuis le d\u00e9but de l&rsquo;invasion en 2022.<\/p>\n<p>La r\u00e9daction de TF1info<\/p>\n<p><script async src=\"https:\/\/platform.twitter.com\/widgets.js\" charset=\"utf-8\"><\/script><\/p>\n","protected":false},"excerpt":{"rendered":"\u00ab\u00a0Il n&rsquo;y avait aucune cible militaire, et il n&rsquo;aurait pas pu y en avoir\u00a0\u00bb, a fustig\u00e9 samedi sur&hellip;\n","protected":false},"author":2,"featured_media":71373,"comment_status":"","ping_status":"","sticky":false,"template":"","format":"standard","meta":{"footnotes":""},"categories":[1591],"tags":[1111,11,1921,75,1887,1922,1916,12,136,1885,1886,132,220,1917,133,1920,135,134],"class_list":{"0":"post-71372","1":"post","2":"type-post","3":"status-publish","4":"format-standard","5":"has-post-thumbnail","7":"category-russie","8":"tag-actu","9":"tag-actualites","10":"tag-article-video","11":"tag-donald-trump","12":"tag-federation-de-russie","13":"tag-info","14":"tag-moscou","15":"tag-news","16":"tag-otan","17":"tag-russia","18":"tag-russian-federation","19":"tag-russie","20":"tag-ukraine","21":"tag-ukraine-4-annee-de-guerre","22":"tag-video","23":"tag-video-international","24":"tag-vladimir-poutine","25":"tag-volodymyr-zelensky"},"share_on_mastodon":{"url":"https:\/\/pubeurope.com\/@fr\/114443000498569899","error":""},"_links":{"self":[{"href":"https:\/\/www.europesays.com\/fr\/wp-json\/wp\/v2\/posts\/71372","targetHints":{"allow":["GET"]}}],"collection":[{"href":"https:\/\/www.europesays.com\/fr\/wp-json\/wp\/v2\/posts"}],"about":[{"href":"https:\/\/www.europesays.com\/fr\/wp-json\/wp\/v2\/types\/post"}],"author":[{"embeddable":true,"href":"https:\/\/www.europesays.com\/fr\/wp-json\/wp\/v2\/users\/2"}],"replies":[{"embeddable":true,"href":"https:\/\/www.europesays.com\/fr\/wp-json\/wp\/v2\/comments?post=71372"}],"version-history":[{"count":0,"href":"https:\/\/www.europesays.com\/fr\/wp-json\/wp\/v2\/posts\/71372\/revisions"}],"wp:featuredmedia":[{"embeddable":true,"href":"https:\/\/www.europesays.com\/fr\/wp-json\/wp\/v2\/media\/71373"}],"wp:attachment":[{"href":"https:\/\/www.europesays.com\/fr\/wp-json\/wp\/v2\/media?parent=71372"}],"wp:term":[{"taxonomy":"category","embeddable":true,"href":"https:\/\/www.europesays.com\/fr\/wp-json\/wp\/v2\/categories?post=71372"},{"taxonomy":"post_tag","embeddable":true,"href":"https:\/\/www.europesays.com\/fr\/wp-json\/wp\/v2\/tags?post=71372"}],"curies":[{"name":"wp","href":"https:\/\/api.w.org\/{rel}","templated":true}]}}