{"id":71378,"date":"2025-05-03T08:41:12","date_gmt":"2025-05-03T08:41:12","guid":{"rendered":"https:\/\/www.europesays.com\/fr\/71378\/"},"modified":"2025-05-03T08:41:12","modified_gmt":"2025-05-03T08:41:12","slug":"charles-et-camilla-prets-a-quitter-le-royaume-uni-le-couple-annonce-une-escapade-surprise","status":"publish","type":"post","link":"https:\/\/www.europesays.com\/fr\/71378\/","title":{"rendered":"Charles et Camilla pr\u00eats \u00e0 quitter le Royaume-Uni : le couple annonce une escapade surprise"},"content":{"rendered":"<p>L&rsquo;ann\u00e9e 2024 fut assez compliqu\u00e9e pour la famille royale<br \/>\nbritannique. Au mois de janvier, le roi Charles III et <a href=\"https:\/\/www.closermag.fr\/royautes\/kate-middleton-cette-tradition-royale-vieille-de-350-ans-quelle-a-rompue-en-epousant-william-3541523\" rel=\"nofollow noopener\" target=\"_blank\"><br \/>\nKate Middleton<\/a> ont tous les deux \u00e9t\u00e9 hospitalis\u00e9s. Le premier<br \/>\ndevait se faire op\u00e9rer pour <strong>soigner une hypertrophie de la<br \/>\nprostate<\/strong>. Tandis que la seconde devait subir une<br \/>\nintervention chirurgicale au niveau de l&rsquo;abdomen pr\u00e9vue de longue<br \/>\ndate.<\/p>\n<p>Malheureusement pour eux, ils ont tous les deux appris qu&rsquo;ils<br \/>\n\u00e9taient <a href=\"https:\/\/www.closermag.fr\/royautes\/charles-iii-face-au-cancer-il-sepanche-sur-son-combat-face-a-camilla-les-moments-les-plus-sombres-3541327\" rel=\"nofollow noopener\" target=\"_blank\"><br \/>\natteint d&rsquo;un cancer<\/a> durant leur s\u00e9jour \u00e0 l&rsquo;h\u00f4pital.<br \/>\nContrairement \u00e0 sa belle-fille, qui a gard\u00e9 le secret sur son \u00e9tat<br \/>\nde sant\u00e9 durant de nombreuses semaines. Le roi Charles III a d\u00e9cid\u00e9<br \/>\nde se montrer transparent avec ses sujets. <strong>Il a ainsi<br \/>\nrapidement r\u00e9v\u00e9l\u00e9 au grand jour sa maladie<\/strong>.<\/p>\n<p>Le roi Charles III va prochainement se rendre du c\u00f4t\u00e9 du<br \/>\nCanada<br \/>\n<img aria-describedby=\"caption-attachment-3541873\" itemprop=\"thumbnailUrl\" decoding=\"async\" loading=\"lazy\" class=\"size-full wp-image-3541873 img-responsive\" src=\"https:\/\/www.europesays.com\/fr\/wp-content\/uploads\/2025\/05\/bestimage_00703454_000016-scaled.jpg\" alt=\"Charles et Camilla pr\u00eats \u00e0 quitter le Royaume-Uni : le couple annonce une escapade surprise\" width=\"2048\" height=\"2560\"\/> \u00a9 Bestimage<\/p>\n<p id=\"caption-attachment-3541873\" class=\"wp-caption-text\">Les<br \/>\nmembres de la famille royale d&rsquo;Angleterre lors de la messe du<br \/>\ndimanche de P\u00e2ques en la chapelle Saint George au ch\u00e2teau de<br \/>\nWindsor<\/p>\n<p>Par la suite, le planning du roi Charles III a \u00e9t\u00e9<br \/>\nconsid\u00e9rablement all\u00e9g\u00e9. Afin de favoriser sa convalescence. Ainsi,<br \/>\nles d\u00e9placement du souverain britannique \u00e0 l&rsquo;\u00e9tranger ont \u00e9t\u00e9<br \/>\nlimit\u00e9s au strict minimum. Alors qu&rsquo;il semble reprendre du poil de<br \/>\nla b\u00eate depuis le d\u00e9but de l&rsquo;ann\u00e9e 2025. Le monarque anglais va<br \/>\n<strong>prochainement traverser l&rsquo;oc\u00e9an Atlantique<\/strong> avec la<br \/>\nreine consort <a href=\"https:\/\/www.telestar.fr\/people\/charles-iii-et-camilla-en-france-les-plus-beaux-moments-de-tele-de-leur-premiere-838604\" rel=\"nofollow noopener\" target=\"_blank\"><br \/>\nCamilla Parker Bowles<\/a>.<\/p>\n<p>En effet, le palais de Buckingham a r\u00e9cemment annonc\u00e9 que le roi<br \/>\nCharles III allait se rendre au Canada les 26 et 27 mai 2025.\u00a0<br \/>\n\u00ab\u00a0Le roi, accompagn\u00e9 de la reine, assistera \u00e0<br \/>\n<strong>l&rsquo;ouverture officielle du Parlement du Canada, \u00e0<br \/>\nOttawa<\/strong>\u00ab\u00a0, est-il notamment pr\u00e9cis\u00e9 dans le communiqu\u00e9.<br \/>\nUne annonce qui intervient seulement quelques jours apr\u00e8s la<br \/>\nvictoire de Mark Carney aux \u00e9lections l\u00e9gislatives.<\/p>\n<p>Mark Carney : \u00ab\u00a0Cela montre clairement<br \/>\nla souverainet\u00e9 de notre pays\u00a0\u00bb<\/p>\n<p>Ce dernier est ainsi devenu le nouveau Premier ministre du<br \/>\nCanada. Prenant ainsi la succession de Justin Trudeau. De plus, le<br \/>\nroi Charles III prononcera le discours d&rsquo;ouverture du Parlement,<br \/>\ncomme l&rsquo;a annonc\u00e9 Mark Carney. \u00ab\u00a0<strong>Il s&rsquo;agit d&rsquo;un honneur<br \/>\nhistorique<\/strong>. Cela montre clairement la souverainet\u00e9 de<br \/>\nnotre pays\u00a0\u00bb, a notamment soulign\u00e9 le nouveau dirigeant du<br \/>\nCanada.<\/p>\n<p>Pour m\u00e9moire, le roi Charles III est non seulement le monarque<br \/>\nde l&rsquo;Angleterre. <strong>Mais aussi le chef du<br \/>\nCommonwealth.<\/strong> Il est ainsi le chef d&rsquo;Etat du Canada, le<br \/>\nsouverain de l&rsquo;Australie, de la Nouvelle-Z\u00e9lande. Et de 14 royaumes<br \/>\nen plus du Royaume-Uni. Pour rappel, le mari de Camilla Parker<br \/>\nBowles avait r\u00e9alis\u00e9 une tourn\u00e9e de onze jours en Australie et aux<br \/>\nSamoa en octobre 2024.<\/p>\n","protected":false},"excerpt":{"rendered":"L&rsquo;ann\u00e9e 2024 fut assez compliqu\u00e9e pour la famille royale britannique. Au mois de janvier, le roi Charles III&hellip;\n","protected":false},"author":2,"featured_media":71379,"comment_status":"","ping_status":"","sticky":false,"template":"","format":"standard","meta":{"footnotes":""},"categories":[1588],"tags":[11,548,581,1777,674,12,473,1853,1851,1850,1852],"class_list":{"0":"post-71378","1":"post","2":"type-post","3":"status-publish","4":"format-standard","5":"has-post-thumbnail","7":"category-royaume-uni","8":"tag-actualites","9":"tag-article-simple","10":"tag-charles-iii","11":"tag-eu","12":"tag-europe","13":"tag-news","14":"tag-royaume-uni","15":"tag-royaume-uni-de-grande-bretagne-et-dirlande-du-nord","16":"tag-uk","17":"tag-united-kingdom","18":"tag-united-kingdom-of-great-britain-and-northern-ireland"},"share_on_mastodon":{"url":"https:\/\/pubeurope.com\/@fr\/114443012220649190","error":""},"_links":{"self":[{"href":"https:\/\/www.europesays.com\/fr\/wp-json\/wp\/v2\/posts\/71378","targetHints":{"allow":["GET"]}}],"collection":[{"href":"https:\/\/www.europesays.com\/fr\/wp-json\/wp\/v2\/posts"}],"about":[{"href":"https:\/\/www.europesays.com\/fr\/wp-json\/wp\/v2\/types\/post"}],"author":[{"embeddable":true,"href":"https:\/\/www.europesays.com\/fr\/wp-json\/wp\/v2\/users\/2"}],"replies":[{"embeddable":true,"href":"https:\/\/www.europesays.com\/fr\/wp-json\/wp\/v2\/comments?post=71378"}],"version-history":[{"count":0,"href":"https:\/\/www.europesays.com\/fr\/wp-json\/wp\/v2\/posts\/71378\/revisions"}],"wp:featuredmedia":[{"embeddable":true,"href":"https:\/\/www.europesays.com\/fr\/wp-json\/wp\/v2\/media\/71379"}],"wp:attachment":[{"href":"https:\/\/www.europesays.com\/fr\/wp-json\/wp\/v2\/media?parent=71378"}],"wp:term":[{"taxonomy":"category","embeddable":true,"href":"https:\/\/www.europesays.com\/fr\/wp-json\/wp\/v2\/categories?post=71378"},{"taxonomy":"post_tag","embeddable":true,"href":"https:\/\/www.europesays.com\/fr\/wp-json\/wp\/v2\/tags?post=71378"}],"curies":[{"name":"wp","href":"https:\/\/api.w.org\/{rel}","templated":true}]}}