{"id":71382,"date":"2025-05-03T08:43:11","date_gmt":"2025-05-03T08:43:11","guid":{"rendered":"https:\/\/www.europesays.com\/fr\/71382\/"},"modified":"2025-05-03T08:43:11","modified_gmt":"2025-05-03T08:43:11","slug":"une-soiree-europen-truck-pour-lancer-le-25e-mois-de-leurope","status":"publish","type":"post","link":"https:\/\/www.europesays.com\/fr\/71382\/","title":{"rendered":"Une soir\u00e9e Europ\u2019en Truck pour lancer le 25e mois de l\u2019Europe"},"content":{"rendered":"\n<p>Si la paix en Europe est officiellement c\u00e9l\u00e9br\u00e9e le 9\u00a0mai, la Ville organise une trentaine de manifestations dans le cadre de son Mois de l\u2019Europe, qui f\u00eate cette ann\u00e9e sa 25e \u00e9dition. Pour commencer, ce vendredi, soir d\u2019inauguration, une douzaine de food-trucks se sont install\u00e9s au parc Rambot pour la 3e \u00e9dition d\u2019Europ\u2019en Truck, qui a attir\u00e9 plus d\u2019une centaine de personnes d\u00e8s l\u2019ouverture des portes. Concerts et stands d\u2019animations ont \u00e9galement ponctu\u00e9 cette soir\u00e9e. \u00ab\u00a0Nous avons voulu positionner la soir\u00e9e d\u2019inauguration de ce temps fort du mois de mai autour de la gastronomie europ\u00e9enne et des associations, pour insuffler cette citoyennet\u00e9 europ\u00e9enne, explique St\u00e9phanie Braise Fernandez, adjointe d\u00e9l\u00e9gu\u00e9e aux affaires europ\u00e9ennes, qui se r\u00e9jouit de cette belle journ\u00e9e d\u2019inauguration autour de temps musicaux et de gastronomie. C\u2019est quelque chose qui rassemble, car en r\u00e9alit\u00e9, l\u2019Europe est mise \u00e0 mal et ces liens sont importants.\u00a0\u00bb<\/p>\n<p>Si pour Micka\u00ebl et Marc-Aur\u00e8le, 19 et 20\u00a0ans, l\u2019Europe est \u00ab\u00a0une association d\u2019\u00e9tats voisins qui coop\u00e8rent pour \u00e9viter une nouvelle guerre, et qui se ressemblent historiquement, elle est aussi un moyen pour devenir plus fort face aux autres puissances du monde\u00a0\u00bb. De son c\u00f4t\u00e9, Alain-Pierre Merger, pr\u00e9sident de la Maison de l\u2019Europe et co-organisateur du mois, entend informer sur \u00ab\u00a0l\u2019Europe des citoyens. On va donner une conscience europ\u00e9enne aux gens en leur proposant des exp\u00e9riences directes et personnelles, explique-t-il. La devise de l\u2019Europe c\u2019est l\u2019unit\u00e9 dans la diversit\u00e9. L\u2019unit\u00e9, c\u2019est la journ\u00e9e du 9\u00a0mai. La diversit\u00e9 sera repr\u00e9sent\u00e9e tout au long du mois gr\u00e2ce au travail des associations.\u00a0\u00bb<\/p>\n","protected":false},"excerpt":{"rendered":"Si la paix en Europe est officiellement c\u00e9l\u00e9br\u00e9e le 9\u00a0mai, la Ville organise une trentaine de manifestations dans&hellip;\n","protected":false},"author":2,"featured_media":71383,"comment_status":"","ping_status":"","sticky":false,"template":"","format":"standard","meta":{"footnotes":""},"categories":[1586],"tags":[11,4156,1777,674,1011,27,12,25],"class_list":{"0":"post-71382","1":"post","2":"type-post","3":"status-publish","4":"format-standard","5":"has-post-thumbnail","7":"category-europe","8":"tag-actualites","9":"tag-concerts","10":"tag-eu","11":"tag-europe","12":"tag-fr","13":"tag-france","14":"tag-news","15":"tag-republique-francaise"},"share_on_mastodon":{"url":"https:\/\/pubeurope.com\/@fr\/114443020106001544","error":""},"_links":{"self":[{"href":"https:\/\/www.europesays.com\/fr\/wp-json\/wp\/v2\/posts\/71382","targetHints":{"allow":["GET"]}}],"collection":[{"href":"https:\/\/www.europesays.com\/fr\/wp-json\/wp\/v2\/posts"}],"about":[{"href":"https:\/\/www.europesays.com\/fr\/wp-json\/wp\/v2\/types\/post"}],"author":[{"embeddable":true,"href":"https:\/\/www.europesays.com\/fr\/wp-json\/wp\/v2\/users\/2"}],"replies":[{"embeddable":true,"href":"https:\/\/www.europesays.com\/fr\/wp-json\/wp\/v2\/comments?post=71382"}],"version-history":[{"count":0,"href":"https:\/\/www.europesays.com\/fr\/wp-json\/wp\/v2\/posts\/71382\/revisions"}],"wp:featuredmedia":[{"embeddable":true,"href":"https:\/\/www.europesays.com\/fr\/wp-json\/wp\/v2\/media\/71383"}],"wp:attachment":[{"href":"https:\/\/www.europesays.com\/fr\/wp-json\/wp\/v2\/media?parent=71382"}],"wp:term":[{"taxonomy":"category","embeddable":true,"href":"https:\/\/www.europesays.com\/fr\/wp-json\/wp\/v2\/categories?post=71382"},{"taxonomy":"post_tag","embeddable":true,"href":"https:\/\/www.europesays.com\/fr\/wp-json\/wp\/v2\/tags?post=71382"}],"curies":[{"name":"wp","href":"https:\/\/api.w.org\/{rel}","templated":true}]}}