{"id":71384,"date":"2025-05-03T08:44:08","date_gmt":"2025-05-03T08:44:08","guid":{"rendered":"https:\/\/www.europesays.com\/fr\/71384\/"},"modified":"2025-05-03T08:44:08","modified_gmt":"2025-05-03T08:44:08","slug":"jai-toujours-eu-tendance-a-louvrir","status":"publish","type":"post","link":"https:\/\/www.europesays.com\/fr\/71384\/","title":{"rendered":"\u00ab J\u2019ai toujours eu tendance \u00e0 l\u2019ouvrir \u00bb"},"content":{"rendered":"<p>            Par<br \/>\n        <strong><br \/>\n            <a href=\"https:\/\/actu.fr\/auteur\/journaliste-lecourrierindependant\" title=\"Consulter tous les articles de R\u00e9daction Loud\u00e9ac\" target=\"_blank\" rel=\"noopener\">R\u00e9daction Loud\u00e9ac<\/a><br \/>\n        <\/strong><\/p>\n<p>        Publi\u00e9 le<\/p>\n<p>            3 mai 2025 \u00e0 9h35        <\/p>\n<p>Laur\u00e9ate du Moli\u00e8re de l\u2019humour en 2024, et du Prix Jean-Pierre Bloch de la LICRA, d\u00e9but <b>avril\u00a02025<\/b>, l\u2019<b>humoriste Sophia Aram<\/b> revient sur la <b>sc\u00e8ne <\/b>du palais des congr\u00e8s et de la culture de <a href=\"https:\/\/actu.fr\/bretagne\/loudeac_22136\" target=\"_blank\" rel=\"noopener\">Loud\u00e9ac<\/a> (C\u00f4tes-d\u2019Armor)<b>, mercredi 7\u00a0mai 2025.<\/b><\/p>\n<p class=\" wall-content\"><a href=\"https:\/\/actu.fr\/bretagne\/loudeac_22136\/samedi-19-novembre-le-fond-de-lair-effraie_3923592.html\" target=\"_blank\" rel=\"noopener\">Neuf ans apr\u00e8s<\/a> sa derni\u00e8re halte en Centre-Bretagne, pour parler de son <b>spectacle<\/b>,<b> \u00ab\u2009Le Monde d\u2019apr\u00e8s\u2009\u00bb<\/b>. Mais aussi du monde d\u2019aujourd\u2019hui\u2026<\/p>\n<p class=\"ac-article-content__question wall-content\">Vous dites ce que d\u2019autres n\u2019osent plus dire. Quel a \u00e9t\u00e9 votre moteur pour \u00e9crire ce spectacle\u2009?<\/p>\n<p class=\" wall-content\">Sophia Aram\u2009: \u00ab\u2009Apr\u00e8s le confinement, une tribune sur \u00ab\u2009le monde d\u2019apr\u00e8s\u2009\u00bb est parue dans la presse. Chacun avait l\u2019espoir d\u2019une soci\u00e9t\u00e9 plus juste, plus solidaire. C\u2019\u00e9tait \u00e0 la fois na\u00eff et touchant. Mais la r\u00e9alit\u00e9, c\u2019est qu\u2019il y a eu une mont\u00e9e des populismes, une radicalisation de la vie politique, et un essor des th\u00e9ories complotistes\u2026 Ce n\u2019est pas vraiment le monde que j\u2019imaginais. Tout semblait fou \u00e0 l\u2019\u00e9poque, mais aujourd\u2019hui \u00e7a ne l\u2019est pas moins\u2009!\u2009\u00bb<\/p>\n<p class=\"ac-article-content__question wall-content\">Votre humour suscite parfois des critiques. Vous \u00eates-vous d\u00e9j\u00e0 autocensur\u00e9e\u2009?<\/p>\n<p class=\" wall-content\">Sophia Aram\u2009: \u00ab\u2009Je ne crois pas m\u2019\u00eatre d\u00e9j\u00e0 censur\u00e9e, en tout cas pas consciemment. Pendant l\u2019\u00e9criture de mon troisi\u00e8me spectacle avec mon compagnon, en 2015, il y a eu les attentats de Charlie Hebdo. Nos amis et nos confr\u00e8res se sont fait tuer ce jour-l\u00e0, et j\u2019ai tout de m\u00eame souhait\u00e9 en parler, malgr\u00e9 le climat de peur\u2026\u2009\u00bb<\/p>\n<p class=\"ac-article-content__question wall-content\">Votre franc-parler en impressionne plus d\u2019un. Vous \u00eates-vous toujours sentie libre de parole ou bien cela est arriv\u00e9 petit \u00e0 petit\u2009?<\/p>\n<p class=\" wall-content\">Sophia Aram\u2009: \u00ab\u2009J\u2019ai toujours eu tendance \u00e0 l\u2019ouvrir. D\u00e9j\u00e0 tr\u00e8s jeune, j\u2019\u00e9tais d\u00e9l\u00e9gu\u00e9e, j\u2019allais en manifestation, etc. J\u2019ai une parole libre depuis toujours. Ce n\u2019est pas grave de ne pas \u00eatre d\u2019accord, ce n\u2019est pas grave d\u2019\u00eatre froiss\u00e9. La libert\u00e9 d\u2019expression est une chance, il ne faut pas s\u2019en priver. Et puis, si on \u00e9tait tous d\u2019accord, \u00e7a ferait chier\u2026\u2009\u00bb<\/p>\n<p>Vid\u00e9os : en ce moment sur Actu<\/p>\n<p class=\"ac-article-content__question wall-content\">Comment consid\u00e9rez-vous l\u2019humour aujourd\u2019hui\u2009?<\/p>\n<p class=\" wall-content\">Sophia Aram\u2009: \u00ab\u2009L\u2019humour est un vecteur d\u2019id\u00e9es. Aborder des sujets avec humour, c\u2019est frontal, mais plus simple, notamment quand il s\u2019agit de religion et de politique. Avec la sc\u00e8ne, la lumi\u00e8re, la danse, le chant, le spectacle est vivant, et \u00e7a passe mieux.\u2009\u00bb<\/p>\n<p class=\"ac-article-content__question wall-content\">Est-ce qu\u2019il y a une id\u00e9e qu\u2019on se fait de vous\u2026 et que vous d\u00e9testez\u2009?<\/p>\n<p class=\" wall-content\">Sophia Aram\u2009: \u00ab\u2009Je n\u2019aime pas l\u2019id\u00e9e qu\u2019on puisse imaginer que je sois blas\u00e9e, sous pr\u00e9texte que j\u2019ai jou\u00e9 ce spectacle plein de fois. La rencontre avec le public est unique \u00e0 chaque fois. Quand le rideau se l\u00e8ve, j\u2019ai toujours la boule au ventre, comme si c\u2019\u00e9tait une rencontre, un t\u00eate \u00e0 t\u00eate.\u2009\u00bb<\/p>\n<p class=\"ac-article-content__question wall-content\">On dit souvent que les Bretons sont t\u00eatus\u2026 Vous sentez-vous capable de les convaincre de venir vous voir en une seule phrase\u2009?<\/p>\n<p class=\" wall-content\">Sophia Aram\u2009: \u00ab\u2009Si les Bretons pensent \u00eatre t\u00eatus, c\u2019est qu\u2019ils ne m\u2019ont pas encore vu quand je suis d\u00e9termin\u00e9e\u2009!\u2009\u00bb<\/p>\n<p>Mercredi 7\u00a0mai 2025, \u00e0 20\u2009h\u200930, au palais des congr\u00e8s et de la culture de Loud\u00e9ac (C\u00f4tes-d\u2019Armor), 20 boulevard des Priteaux. Contact\u2009: 02\u200996\u200928\u200965\u200950. Billetterie <a href=\"https:\/\/www.pcc-loudeac.fr\/\" target=\"_blank\" rel=\"noopener\">en ligne<\/a>. Dur\u00e9e\u2009: 1\u2009h\u200920. Tarifs\u2009: 25\u00a0\u20ac \/ 29\u00a0\u20ac \/ 32\u00a0\u20ac.<\/p>\n<p class=\" wall-content\">Suivez toute l\u2019actualit\u00e9 de vos villes et m\u00e9dias favoris en vous inscrivant \u00e0 <a href=\"https:\/\/moncompte.actu.fr\" title=\"D\u00e9couvez Mon Actu\" rel=\"nofollow noopener\" data-trk=\"{&quot;cta&quot;:{&quot;action&quot;:&quot;https:\\\/\\\/moncompte.actu.fr&quot;,&quot;category&quot;:&quot;mon compte&quot;,&quot;from&quot;:&quot;article footer&quot;,&quot;name&quot;:&quot;Mon actu&quot;,&quot;type&quot;:&quot;cta&quot;}}\" target=\"_blank\">Mon Actu<\/a>.<\/p>\n","protected":false},"excerpt":{"rendered":"Par R\u00e9daction Loud\u00e9ac Publi\u00e9 le 3 mai 2025 \u00e0 9h35 Laur\u00e9ate du Moli\u00e8re de l\u2019humour en 2024, et&hellip;\n","protected":false},"author":2,"featured_media":71385,"comment_status":"","ping_status":"","sticky":false,"template":"","format":"standard","meta":{"footnotes":""},"categories":[1586],"tags":[11,10721,1777,674,1779,1011,27,708,1652,12,25,853,1778,364],"class_list":{"0":"post-71384","1":"post","2":"type-post","3":"status-publish","4":"format-standard","5":"has-post-thumbnail","7":"category-europe","8":"tag-actualites","9":"tag-centre-bretagne","10":"tag-eu","11":"tag-europe","12":"tag-european-union","13":"tag-fr","14":"tag-france","15":"tag-humour","16":"tag-loisirs-culture","17":"tag-news","18":"tag-republique-francaise","19":"tag-spectacles","20":"tag-ue","21":"tag-union-europeenne"},"share_on_mastodon":{"url":"https:\/\/pubeurope.com\/@fr\/114443024023431621","error":""},"_links":{"self":[{"href":"https:\/\/www.europesays.com\/fr\/wp-json\/wp\/v2\/posts\/71384","targetHints":{"allow":["GET"]}}],"collection":[{"href":"https:\/\/www.europesays.com\/fr\/wp-json\/wp\/v2\/posts"}],"about":[{"href":"https:\/\/www.europesays.com\/fr\/wp-json\/wp\/v2\/types\/post"}],"author":[{"embeddable":true,"href":"https:\/\/www.europesays.com\/fr\/wp-json\/wp\/v2\/users\/2"}],"replies":[{"embeddable":true,"href":"https:\/\/www.europesays.com\/fr\/wp-json\/wp\/v2\/comments?post=71384"}],"version-history":[{"count":0,"href":"https:\/\/www.europesays.com\/fr\/wp-json\/wp\/v2\/posts\/71384\/revisions"}],"wp:featuredmedia":[{"embeddable":true,"href":"https:\/\/www.europesays.com\/fr\/wp-json\/wp\/v2\/media\/71385"}],"wp:attachment":[{"href":"https:\/\/www.europesays.com\/fr\/wp-json\/wp\/v2\/media?parent=71384"}],"wp:term":[{"taxonomy":"category","embeddable":true,"href":"https:\/\/www.europesays.com\/fr\/wp-json\/wp\/v2\/categories?post=71384"},{"taxonomy":"post_tag","embeddable":true,"href":"https:\/\/www.europesays.com\/fr\/wp-json\/wp\/v2\/tags?post=71384"}],"curies":[{"name":"wp","href":"https:\/\/api.w.org\/{rel}","templated":true}]}}