{"id":71412,"date":"2025-05-03T09:00:10","date_gmt":"2025-05-03T09:00:10","guid":{"rendered":"https:\/\/www.europesays.com\/fr\/71412\/"},"modified":"2025-05-03T09:00:10","modified_gmt":"2025-05-03T09:00:10","slug":"the-voice-ma-fait-grandir","status":"publish","type":"post","link":"https:\/\/www.europesays.com\/fr\/71412\/","title":{"rendered":"\u00ab\u00a0The Voice m\u2019a fait grandir\u00a0\u00bb"},"content":{"rendered":"<blockquote class=\"question\"><p>\u00c9chouer aux portes de la finale, c\u2019est une grande d\u00e9ception\u00a0?<\/p><\/blockquote>\n<p>\u00ab\u00a0Je suis un peu d\u00e9\u00e7ue, forc\u00e9ment, mais j\u2019\u00e9tais surtout d\u00e9\u00e7ue pour mes proches. J\u2019\u00e9tais tellement stress\u00e9e apr\u00e8s cette semaine tr\u00e8s intense avec les r\u00e9p\u00e9titions. Le jour de la demi-finale, on a fait un filage le matin et l\u2019apr\u00e8s-midi, on a r\u00e9p\u00e9t\u00e9 avec Gims et <a href=\"https:\/\/www.leprogres.fr\/p\/jean-louis-aubert\" target=\"_blank\" rel=\"nofollow noopener\">Jean-Louis Aubert<\/a>. Le soir, j\u2019ai fait ma prestation \u00e0 plus de 23 heures (elle a chant\u00e9 Feel good, de Charlotte Cardin &#8211; NDLR). C\u2019\u00e9tait super, j\u2019ai vraiment essay\u00e9 de me l\u00e2cher et de me laisser aller. J\u2019\u00e9tais \u00e9puis\u00e9e mais j\u2019\u00e9tais heureuse d\u2019avoir r\u00e9ussi ce parcours parce que c\u2019\u00e9tait fou, pour moi, d\u2019\u00eatre arriv\u00e9e&#8230;<\/p>\n","protected":false},"excerpt":{"rendered":"\u00c9chouer aux portes de la finale, c\u2019est une grande d\u00e9ception\u00a0? \u00ab\u00a0Je suis un peu d\u00e9\u00e7ue, forc\u00e9ment, mais j\u2019\u00e9tais&hellip;\n","protected":false},"author":2,"featured_media":71413,"comment_status":"","ping_status":"","sticky":false,"template":"","format":"standard","meta":{"footnotes":""},"categories":[1356],"tags":[1687,58,7539,59,1011,27,3367,873,4001,7538,10806,104,252,2205,1364],"class_list":{"0":"post-71412","1":"post","2":"type-post","3":"status-publish","4":"format-standard","5":"has-post-thumbnail","7":"category-television","8":"tag-culture-loisirs","9":"tag-divertissement","10":"tag-edition-loire-sud","11":"tag-entertainment","12":"tag-fr","13":"tag-france","14":"tag-loire","15":"tag-musique","16":"tag-saint-etienne","17":"tag-saint-etienne-ville","18":"tag-selection-de-la-redaction-42","19":"tag-societe","20":"tag-television","21":"tag-television-medias","22":"tag-tv"},"share_on_mastodon":{"url":"https:\/\/pubeurope.com\/@fr\/114443087001621981","error":""},"_links":{"self":[{"href":"https:\/\/www.europesays.com\/fr\/wp-json\/wp\/v2\/posts\/71412","targetHints":{"allow":["GET"]}}],"collection":[{"href":"https:\/\/www.europesays.com\/fr\/wp-json\/wp\/v2\/posts"}],"about":[{"href":"https:\/\/www.europesays.com\/fr\/wp-json\/wp\/v2\/types\/post"}],"author":[{"embeddable":true,"href":"https:\/\/www.europesays.com\/fr\/wp-json\/wp\/v2\/users\/2"}],"replies":[{"embeddable":true,"href":"https:\/\/www.europesays.com\/fr\/wp-json\/wp\/v2\/comments?post=71412"}],"version-history":[{"count":0,"href":"https:\/\/www.europesays.com\/fr\/wp-json\/wp\/v2\/posts\/71412\/revisions"}],"wp:featuredmedia":[{"embeddable":true,"href":"https:\/\/www.europesays.com\/fr\/wp-json\/wp\/v2\/media\/71413"}],"wp:attachment":[{"href":"https:\/\/www.europesays.com\/fr\/wp-json\/wp\/v2\/media?parent=71412"}],"wp:term":[{"taxonomy":"category","embeddable":true,"href":"https:\/\/www.europesays.com\/fr\/wp-json\/wp\/v2\/categories?post=71412"},{"taxonomy":"post_tag","embeddable":true,"href":"https:\/\/www.europesays.com\/fr\/wp-json\/wp\/v2\/tags?post=71412"}],"curies":[{"name":"wp","href":"https:\/\/api.w.org\/{rel}","templated":true}]}}