{"id":71481,"date":"2025-05-03T09:43:08","date_gmt":"2025-05-03T09:43:08","guid":{"rendered":"https:\/\/www.europesays.com\/fr\/71481\/"},"modified":"2025-05-03T09:43:08","modified_gmt":"2025-05-03T09:43:08","slug":"greve-sncf-rer-b-rer-c-transilien-des-perturbations-a-prevoir-des-lundi-5-mai-en-ile-de-france","status":"publish","type":"post","link":"https:\/\/www.europesays.com\/fr\/71481\/","title":{"rendered":"Gr\u00e8ve SNCF\u00a0: RER\u00a0B, RER\u00a0C, Transilien\u2026 des perturbations \u00e0 pr\u00e9voir d\u00e8s lundi 5\u00a0mai en \u00cele-de-France"},"content":{"rendered":"<p class=\"paragraph text_align_left\">Les pr\u00e9visions d\u00e9taill\u00e9es seront d\u00e9voil\u00e9es dimanche apr\u00e8s-midi. Mais certaines difficult\u00e9s sont d\u2019ores et d\u00e9j\u00e0 connues pour lundi 5\u00a0mai, <a href=\"https:\/\/www.leparisien.fr\/economie\/greve-sncf-quelles-alternatives-pour-le-pont-du-8-mai-30-04-2025-O6OWBES6PVGPDNP6O3E32AZSJE.php\" target=\"_blank\" rel=\"nofollow noopener\">premier jour d\u2019une semaine de gr\u00e8ve pr\u00e9vue par la SNCF<\/a> \u00e0 l\u2019occasion du pont du 8\u00a0Mai. Et en \u00cele-de-France &#8211; comme ailleurs -, le trafic risque d\u2019\u00eatre perturb\u00e9 tout au long de la semaine.<\/p>\n<p class=\"paragraph text_align_left\">Rien d\u2019illogique \u00e0 cela\u00a0: les Transiliens d\u00e9pendent de l\u2019entreprise ferroviaire publique, tout comme les RER &#8211; dont certains (le A et le B) sont aussi partiellement g\u00e9r\u00e9s par la RATP.<\/p>\n<p class=\"paragraph text_align_left\">Le compte X du RER\u00a0B a averti vendredi que des \u00ab\u00a0perturbations\u00a0\u00bb seraient \u00e0 pr\u00e9voir d\u00e8s le d\u00e9but de la semaine, sans pour autant pouvoir donner de d\u00e9tails.<\/p>\n<blockquote class=\"twitter-tweet\">\n<p lang=\"fr\" dir=\"ltr\">[\u26a0\ufe0fMouvement social] A partir du lundi 5 mai, pr\u00e9voir des perturbations sur le <a href=\"https:\/\/twitter.com\/hashtag\/RERB?src=hash&amp;ref_src=twsrc%5Etfw\" rel=\"nofollow noopener\" target=\"_blank\">#RERB<\/a>. Retrouvez les pr\u00e9visions de trafic pour lundi 5 et mardi 6 mai, le dimanche 4 mai \u00e0 17h sur le fil du <a href=\"https:\/\/twitter.com\/hashtag\/RERB?src=hash&amp;ref_src=twsrc%5Etfw\" rel=\"nofollow noopener\" target=\"_blank\">#RERB<\/a>.<\/p>\n<p>\u2014 RER B (@RERB) <a href=\"https:\/\/twitter.com\/RERB\/status\/1918352981323362307?ref_src=twsrc%5Etfw\" rel=\"nofollow noopener\" target=\"_blank\">May 2, 2025<\/a><\/p><\/blockquote>\n<p class=\"paragraph text_align_left\">La ligne\u00a0H du Transilien annonce \u00e9galement un trafic \u00ab\u00a0l\u00e9g\u00e8rement perturb\u00e9\u00a0\u00bb \u00e0 partir de lundi, tout en pr\u00e9cisant que les horaires des trains circulant ce jour-l\u00e0 ne seront connus que la veille.<\/p>\n<p>Une mont\u00e9e crescendo<\/p>\n<p class=\"paragraph text_align_left\">Les lignes N et U \u00e9voquent \u00e9galement un \u00ab\u00a0trafic perturb\u00e9\u00a0\u00bb d\u00e8s le d\u00e9but de semaine, tout comme la ligne\u00a0V, dont le compte X cite \u00e9galement de possibles difficult\u00e9s sur le RER\u00a0C.<\/p>\n<blockquote class=\"twitter-tweet\">\n<p lang=\"fr\" dir=\"ltr\">\u26a0\ufe0fA partir du lundi 5 mai\u00a0&#8211; Mouvement social . Trafic perturb\u00e9 sur le RER C et la Ligne V. Retrouvez les horaires des trains qui circuleront la veille d\u00e8s 17h sur : <a href=\"https:\/\/t.co\/498NXX6l0z\" rel=\"nofollow\">pic.twitter.com\/498NXX6l0z<\/a><\/p>\n<p>\u2014 Ligne V (@LIGNEV_SNCF) <a href=\"https:\/\/twitter.com\/LIGNEV_SNCF\/status\/1918282621194301642?ref_src=twsrc%5Etfw\" rel=\"nofollow noopener\" target=\"_blank\">May 2, 2025<\/a><\/p><\/blockquote>\n<p class=\"paragraph text_align_left\">La CGT-Cheminots, premi\u00e8re organisation syndicale \u00e0 la SNCF, appelle contr\u00f4leurs et conducteurs \u00e0 se mettre en gr\u00e8ve d\u00e8s lundi. Le syndicat <a href=\"https:\/\/www.leparisien.fr\/economie\/sncf-la-greve-est-toujours-evitable-selon-le-ministre-de-probables-fortes-perturbations-dapres-les-syndicats-02-05-2025-PVWPDTFY7BAQVE6QHTT7CJVYRA.php\" target=\"_blank\" rel=\"nofollow noopener\">demande une revalorisation de la prime de travail<\/a> ainsi qu\u2019une refonte de l\u2019organisation des plannings, trop souvent modifi\u00e9s \u00e0 la derni\u00e8re minute d\u2019apr\u00e8s lui.<\/p>\n<p class=\"paragraph text_align_left\">Ainsi, la semaine prochaine, les TGV de la ligne Paris-Lyon-Marseille risquent d\u2019\u00eatre particuli\u00e8rement touch\u00e9s par la gr\u00e8ve. C\u00f4t\u00e9 TER, certaines lignes normandes conna\u00eetront aussi des perturbations d\u00e8s lundi, tout comme celles du Nord-Pas-de-Calais, a d\u00e9j\u00e0 averti la SNCF.<\/p>\n<p class=\"paragraph text_align_left\"><a href=\"https:\/\/www.leparisien.fr\/economie\/menace-de-greve-sncf-en-mai-comment-echanger-ou-se-faire-rembourser-ses-billets-18-04-2025-MQ2SZPQKDRDF5KQPJPGR3CEDMQ.php\" target=\"_blank\" rel=\"nofollow noopener\">Pour la premi\u00e8re journ\u00e9e de mobilisation<\/a>, SUD-Rail demande, de son c\u00f4t\u00e9, aux agents commerciaux (dont l\u2019absence n\u2019a pas d\u2019impact sur la circulation des trains) de se mobiliser, soit les agents qui r\u00e9pondent au t\u00e9l\u00e9phone ou qui accueillent les usagers en boutique.<\/p>\n<p><script async src=\"https:\/\/platform.twitter.com\/widgets.js\" charset=\"utf-8\"><\/script><\/p>\n","protected":false},"excerpt":{"rendered":"Les pr\u00e9visions d\u00e9taill\u00e9es seront d\u00e9voil\u00e9es dimanche apr\u00e8s-midi. Mais certaines difficult\u00e9s sont d\u2019ores et d\u00e9j\u00e0 connues pour lundi 5\u00a0mai,&hellip;\n","protected":false},"author":2,"featured_media":71482,"comment_status":"","ping_status":"","sticky":false,"template":"","format":"standard","meta":{"footnotes":""},"categories":[1592],"tags":[1111,11,1777,674,1011,27,662,1944,12,626,25,2382],"class_list":{"0":"post-71481","1":"post","2":"type-post","3":"status-publish","4":"format-standard","5":"has-post-thumbnail","7":"category-ile-de-france","8":"tag-actu","9":"tag-actualites","10":"tag-eu","11":"tag-europe","12":"tag-fr","13":"tag-france","14":"tag-ile-de-france","15":"tag-ma-ville","16":"tag-news","17":"tag-paris","18":"tag-republique-francaise","19":"tag-transport-idf-oise"},"share_on_mastodon":{"url":"https:\/\/pubeurope.com\/@fr\/114443256050103795","error":""},"_links":{"self":[{"href":"https:\/\/www.europesays.com\/fr\/wp-json\/wp\/v2\/posts\/71481","targetHints":{"allow":["GET"]}}],"collection":[{"href":"https:\/\/www.europesays.com\/fr\/wp-json\/wp\/v2\/posts"}],"about":[{"href":"https:\/\/www.europesays.com\/fr\/wp-json\/wp\/v2\/types\/post"}],"author":[{"embeddable":true,"href":"https:\/\/www.europesays.com\/fr\/wp-json\/wp\/v2\/users\/2"}],"replies":[{"embeddable":true,"href":"https:\/\/www.europesays.com\/fr\/wp-json\/wp\/v2\/comments?post=71481"}],"version-history":[{"count":0,"href":"https:\/\/www.europesays.com\/fr\/wp-json\/wp\/v2\/posts\/71481\/revisions"}],"wp:featuredmedia":[{"embeddable":true,"href":"https:\/\/www.europesays.com\/fr\/wp-json\/wp\/v2\/media\/71482"}],"wp:attachment":[{"href":"https:\/\/www.europesays.com\/fr\/wp-json\/wp\/v2\/media?parent=71481"}],"wp:term":[{"taxonomy":"category","embeddable":true,"href":"https:\/\/www.europesays.com\/fr\/wp-json\/wp\/v2\/categories?post=71481"},{"taxonomy":"post_tag","embeddable":true,"href":"https:\/\/www.europesays.com\/fr\/wp-json\/wp\/v2\/tags?post=71481"}],"curies":[{"name":"wp","href":"https:\/\/api.w.org\/{rel}","templated":true}]}}