{"id":71505,"date":"2025-05-03T09:55:09","date_gmt":"2025-05-03T09:55:09","guid":{"rendered":"https:\/\/www.europesays.com\/fr\/71505\/"},"modified":"2025-05-03T09:55:09","modified_gmt":"2025-05-03T09:55:09","slug":"meteo-france-place-la-quasi-totalite-du-pays-en-vigilance-jaune-ce-samedi-liberation","status":"publish","type":"post","link":"https:\/\/www.europesays.com\/fr\/71505\/","title":{"rendered":"M\u00e9t\u00e9o France place la quasi-totalit\u00e9 du pays en vigilance jaune ce samedi \u2013 Lib\u00e9ration"},"content":{"rendered":"<p class=\"sc-ksZaOG ehjQrN text-element\">Apr\u00e8s <a href=\"https:\/\/www.liberation.fr\/environnement\/climat\/episode-de-chaleur-precoce-en-france-une-semaine-du-1er-mai-aux-allures-dete-dans-nord-du-pays-20250427_3NEUYBDEDJHHDLZHJONAFWNAL4\/\" target=\"_blank\" rel=\"noreferrer noopener\" title=\"https:\/\/www.liberation.fr\/environnement\/climat\/episode-de-chaleur-precoce-en-france-une-semaine-du-1er-mai-aux-allures-dete-dans-nord-du-pays-20250427_3NEUYBDEDJHHDLZHJONAFWNAL4\/\">une semaine de chaleur quasi-estivale<\/a>, la m\u00e9t\u00e9o va fortement se d\u00e9grader ce samedi 3 mai, avec des orages qui risquent de toucher quasiment tout l\u2019Hexagone. <a href=\"https:\/\/vigilance.meteofrance.fr\/fr\" target=\"_blank\" rel=\"noreferrer noopener\" title=\"https:\/\/vigilance.meteofrance.fr\/fr\">M\u00e9t\u00e9o France<\/a> a plac\u00e9 la majorit\u00e9 des d\u00e9partements de m\u00e9tropole en vigilance jaune, avec des ph\u00e9nom\u00e8nes \u00aboccasionnellement et localement dangereux\u00bb.<\/p>\n<p class=\"sc-ksZaOG ehjQrN text-element\">Apr\u00e8s une matin\u00e9e relativement calme, voire ensoleill\u00e9e par endroits, \u00abdans l\u2019apr\u00e8s-midi, le temps devient de plus en plus nuageux et lourd\u00bb, pr\u00e9vient l\u2019organisme m\u00e9t\u00e9orologique. \u00abDes orages se d\u00e9clenchent des Pyr\u00e9n\u00e9es jusqu\u2019au Massif central avant de s\u2019\u00e9tendre vers Rh\u00f4ne-Alpes et la Bourgogne Franche-Comt\u00e9, o\u00f9 ils peuvent donner un peu de gr\u00eale\u00bb.<\/p>\n<p class=\"sc-ksZaOG ehjQrN text-element\">Les temp\u00e9ratures, elles, \u00absont en l\u00e9g\u00e8re baisse\u00bb par rapport \u00e0 celles des derniers jours, note <a href=\"https:\/\/www.liberation.fr\/environnement\/climat\/pourquoi-meteo-france-senfonce-dans-le-brouillard-20240318_TM53CDBOQFCUXNAST2LPWPQRYI\/\" target=\"_blank\" rel=\"noreferrer noopener\" title=\"https:\/\/www.liberation.fr\/environnement\/climat\/pourquoi-meteo-france-senfonce-dans-le-brouillard-20240318_TM53CDBOQFCUXNAST2LPWPQRYI\/\">M\u00e9t\u00e9o France<\/a>, avec jusqu\u2019\u00e0 22 \u00b0C dans le nord du pays. Elles pourront atteindre 27 \u00b0C dans le Sud.<\/p>\n<p class=\"sc-ksZaOG ehjQrN text-element\">Pour dimanche, le temps devrait rester agit\u00e9, avec des \u00abpluies orageuses localement marqu\u00e9es de l\u2019Occitanie au Centre-Est\u00bb, anticipe l\u2019institution. Une large moiti\u00e9 sud de la France, allant du Sud-Ouest au Nord-Est, devrait \u00eatre maintenue en vigilance jaune pour des risques d\u2019orages. A la suite des fortes pr\u00e9cipitations, les d\u00e9partements de l\u2019Is\u00e8re et de la Dr\u00f4me seront m\u00eame menac\u00e9s par des inondations.<\/p>\n<p class=\"sc-ksZaOG ehjQrN text-element\">Le d\u00e9but de la semaine prochaine restera plac\u00e9 sous le signe de l\u2019humidit\u00e9, avec des pluies orageuses attendues lundi par M\u00e9t\u00e9o France \u00abdes Pyr\u00e9n\u00e9es aux Alpes, ainsi que sur la Corse\u00bb, avant des averses le lendemain. C\u00f4t\u00e9 temp\u00e9ratures, elles devraient repasser \u00abdans les normales de saison sur l\u2019ensemble du pays, voire l\u00e9g\u00e8rement en dessous par endroits\u00bb.<\/p>\n","protected":false},"excerpt":{"rendered":"Apr\u00e8s une semaine de chaleur quasi-estivale, la m\u00e9t\u00e9o va fortement se d\u00e9grader ce samedi 3 mai, avec des&hellip;\n","protected":false},"author":2,"featured_media":71506,"comment_status":"","ping_status":"","sticky":false,"template":"","format":"standard","meta":{"footnotes":""},"categories":[2],"tags":[11,1011,27,17410,12,25],"class_list":{"0":"post-71505","1":"post","2":"type-post","3":"status-publish","4":"format-standard","5":"has-post-thumbnail","7":"category-actualites","8":"tag-actualites","9":"tag-fr","10":"tag-france","11":"tag-intemperies-inondations-crues","12":"tag-news","13":"tag-republique-francaise"},"share_on_mastodon":{"url":"https:\/\/pubeurope.com\/@fr\/114443303199026075","error":""},"_links":{"self":[{"href":"https:\/\/www.europesays.com\/fr\/wp-json\/wp\/v2\/posts\/71505","targetHints":{"allow":["GET"]}}],"collection":[{"href":"https:\/\/www.europesays.com\/fr\/wp-json\/wp\/v2\/posts"}],"about":[{"href":"https:\/\/www.europesays.com\/fr\/wp-json\/wp\/v2\/types\/post"}],"author":[{"embeddable":true,"href":"https:\/\/www.europesays.com\/fr\/wp-json\/wp\/v2\/users\/2"}],"replies":[{"embeddable":true,"href":"https:\/\/www.europesays.com\/fr\/wp-json\/wp\/v2\/comments?post=71505"}],"version-history":[{"count":0,"href":"https:\/\/www.europesays.com\/fr\/wp-json\/wp\/v2\/posts\/71505\/revisions"}],"wp:featuredmedia":[{"embeddable":true,"href":"https:\/\/www.europesays.com\/fr\/wp-json\/wp\/v2\/media\/71506"}],"wp:attachment":[{"href":"https:\/\/www.europesays.com\/fr\/wp-json\/wp\/v2\/media?parent=71505"}],"wp:term":[{"taxonomy":"category","embeddable":true,"href":"https:\/\/www.europesays.com\/fr\/wp-json\/wp\/v2\/categories?post=71505"},{"taxonomy":"post_tag","embeddable":true,"href":"https:\/\/www.europesays.com\/fr\/wp-json\/wp\/v2\/tags?post=71505"}],"curies":[{"name":"wp","href":"https:\/\/api.w.org\/{rel}","templated":true}]}}