{"id":71517,"date":"2025-05-03T10:05:12","date_gmt":"2025-05-03T10:05:12","guid":{"rendered":"https:\/\/www.europesays.com\/fr\/71517\/"},"modified":"2025-05-03T10:05:12","modified_gmt":"2025-05-03T10:05:12","slug":"julien-noel-je-voulais-absolument-rester-dans-le-milieu-actualite","status":"publish","type":"post","link":"https:\/\/www.europesays.com\/fr\/71517\/","title":{"rendered":"Julien No\u00ebl : \u00ab Je voulais absolument rester dans le milieu \u00bb &#8211; Actualit\u00e9"},"content":{"rendered":"<p style=\"text-align: justify;\">Julien No\u00ebl a repris du service. Non retenu par la ProTeam Wagner Bazin WB, issue de la fusion entre Bingoal-WB et Philippe Wagner-Bazin o\u00f9 il a offici\u00e9 durant trois ans (<strong><a href=\"https:\/\/www.directvelo.com\/actualite\/117816\/julien-noel-hors-de-la-fusion-wagner-bazin-wb\" target=\"_blank\" rel=\"noopener\">lire ici<\/a><\/strong>), le gar\u00e7on de 25 ans a retrouv\u00e9 un poste chez Nice M\u00e9tropole C\u00f4te d\u2019Azur. \u201cFr\u00e9d\u00e9ric Doutre m&rsquo;a contact\u00e9 d\u00e9but f\u00e9vrier. Je pense qu&rsquo;il avait besoin d&rsquo;un directeur sportif, et il avait eu la connaissance que je n&rsquo;avais pas \u00e9t\u00e9 conserv\u00e9 dans mon ancienne \u00e9quipe. Puis, je me suis entretenu avec le manager (J\u00e9r\u00f4me Pulidori, NDLR) et j\u2019ai commenc\u00e9 au R\u00e9gion Pays de la Loire Tour\u201c, explique-t-il au micro de DirectVelo.<\/p>\n<p style=\"text-align: justify;\">L\u2019Aubois, qui r\u00e9side \u00e0 Dijon, a accueilli la nouvelle avec soulagement. \u201cC\u2019\u00e9tait important pour moi, je voulais absolument rester dans le milieu, c\u2019est ce que j\u2019aime le plus faire. \u00c7a n\u2019a pas \u00e9t\u00e9 simple d\u2019arr\u00eater comme \u00e7a d\u2019un coup. Je suis tr\u00e8s reconnaissant de l\u2019opportunit\u00e9 que m\u2019offre Nice\u201c. Durant ses quelques mois de latence, il en a profit\u00e9 pour se r\u00e9g\u00e9n\u00e9rer. \u201cJ\u2019ai juste travaill\u00e9 sur des projets de gravel avec Guy Gallopin vers Troyes. Je n\u2019avais pas \u00e9norm\u00e9ment de choses \u00e0 c\u00f4t\u00e9, \u00e7a m\u2019a permis de prendre un trimestre plus tranquille, de repos, apr\u00e8s deux-trois ans bien charg\u00e9s. Je reviens frais sur le courses et j\u2019apporte de la fra\u00eecheur \u00e0 une \u00e9quipe qui avait besoin de quelqu\u2019un de plus\u201c.<\/p>\n<p style=\"text-align: justify;\"><strong>\u00ab ON M\u2019A LAISS\u00c9 PAS MAL DE CL\u00c9S \u00bb<\/strong><\/p>\n<p style=\"text-align: justify;\">Apr\u00e8s le d\u00e9part d\u2019Hugues Thomas, une place de directeur sportif \u00e9tait vacante. \u201cThierry B\u00e9dard est \u00e9galement pr\u00e9sent mais il est d\u00e9j\u00e0 bien occup\u00e9 avec l\u2019acad\u00e9mie U19 (<strong><a href=\"https:\/\/www.directvelo.com\/actualite\/110621\/thierry-bedard-une-vraie-continuite\" target=\"_blank\" rel=\"noopener\">lire ici<\/a><\/strong>)\u201c. D\u00e9but avril, il a donc effectu\u00e9 ses d\u00e9buts dans la formation azur\u00e9enne au R\u00e9gion Pays de la Loire Tour au c\u00f4t\u00e9 de Fr\u00e9d\u00e9ric Doutre. \u201cOn a boss\u00e9 \u00e0 deux. Comme je n\u2019\u00e9tais pas encore renseign\u00e9 sur le site de l\u2019UCI, je n\u2019avais pas le droit de conduire la voiture. J\u2019\u00e9tais passager, il m\u2019a directement laiss\u00e9 coacher l\u2019\u00e9quipe. On a bien pu \u00e9changer. Fr\u00e9d\u00e9ric \u00e9tait souvent seul et \u00e7a lui permet d\u2019avoir un peu de hauteur car il a beaucoup de travail dans l\u2019\u00e9quipe\u201c. Lors du\u00a0triptyque franc-comtois, il y avait aussi Thierry B\u00e9dard. \u201cJ\u2019\u00e9tais dans la voiture. Le premier jour, il a conduit et j\u2019ai coach\u00e9, puis \u00e7a a \u00e9t\u00e9 l\u2019inverse, tandis que Fr\u00e9d\u00e9ric \u00e9tait plut\u00f4t venu en soutien\u201c.<\/p>\n<p style=\"text-align: justify;\">Julien No\u00ebl se pla\u00eet dans son nouvel environnement. \u201cOn m&rsquo;a quand m\u00eame laiss\u00e9 pas mal de cl\u00e9s et apporter aussi mon approche, ainsi que ma fa\u00e7on de travailler. C\u2019est gratifiant, je remercie l\u2019\u00e9quipe, et surtout Fr\u00e9d\u00e9ric\u201c. Il devrait avoir autour d\u2019une quarantaine de jours de course avec Nice M\u00e9tropole C\u00f4te d\u2019Azur. \u201cJe serai notamment aux 4 Jours de Dunkerque, aux Boucles de la Mayenne, au Sibiu Tour, au Tour de l\u2019Ain, au Tour du Limousin ou au Tour Poitou-Charentes, puis s\u00fbrement sur les \u00e9preuves du Nord. C\u2019est ce qui est pr\u00e9vu pour l\u2019instant, mais on va refaire le point comme je viens d\u2019arriver\u201c.<\/p>\n","protected":false},"excerpt":{"rendered":"Julien No\u00ebl a repris du service. Non retenu par la ProTeam Wagner Bazin WB, issue de la fusion&hellip;\n","protected":false},"author":2,"featured_media":71518,"comment_status":"","ping_status":"","sticky":false,"template":"","format":"standard","meta":{"footnotes":""},"categories":[1411],"tags":[834,828,836,829,837,827,83,826,824,823,1154,207,814,817,815,816,822,821,832,211,839,1011,27,820,818,819,835,831,830,833,838,60,212,208,825],"class_list":{"0":"post-71517","1":"post","2":"type-post","3":"status-publish","4":"format-standard","5":"has-post-thumbnail","7":"category-cyclisme","8":"tag-attaque","9":"tag-belgique","10":"tag-braquet","11":"tag-bretagne","12":"tag-chute","13":"tag-competition","14":"tag-coupe-de-france","15":"tag-coureur","16":"tag-course-cyclisme","17":"tag-course-cycliste","18":"tag-cycling","19":"tag-cyclisme","20":"tag-direct","21":"tag-direct-velo","22":"tag-directvelo","23":"tag-directvelo-com","24":"tag-epreuve","25":"tag-epreuve-cycliste","26":"tag-federation-francaise-de-cyclisme","27":"tag-ffc","28":"tag-flandres","29":"tag-fr","30":"tag-france","31":"tag-live","32":"tag-live-course","33":"tag-live-epreuve","34":"tag-peloton","35":"tag-radio-peloton","36":"tag-radio-tour","37":"tag-ravitaillement","38":"tag-relance","39":"tag-sports","40":"tag-uci","41":"tag-velo","42":"tag-velos"},"share_on_mastodon":{"url":"https:\/\/pubeurope.com\/@fr\/114443342696434469","error":""},"_links":{"self":[{"href":"https:\/\/www.europesays.com\/fr\/wp-json\/wp\/v2\/posts\/71517","targetHints":{"allow":["GET"]}}],"collection":[{"href":"https:\/\/www.europesays.com\/fr\/wp-json\/wp\/v2\/posts"}],"about":[{"href":"https:\/\/www.europesays.com\/fr\/wp-json\/wp\/v2\/types\/post"}],"author":[{"embeddable":true,"href":"https:\/\/www.europesays.com\/fr\/wp-json\/wp\/v2\/users\/2"}],"replies":[{"embeddable":true,"href":"https:\/\/www.europesays.com\/fr\/wp-json\/wp\/v2\/comments?post=71517"}],"version-history":[{"count":0,"href":"https:\/\/www.europesays.com\/fr\/wp-json\/wp\/v2\/posts\/71517\/revisions"}],"wp:featuredmedia":[{"embeddable":true,"href":"https:\/\/www.europesays.com\/fr\/wp-json\/wp\/v2\/media\/71518"}],"wp:attachment":[{"href":"https:\/\/www.europesays.com\/fr\/wp-json\/wp\/v2\/media?parent=71517"}],"wp:term":[{"taxonomy":"category","embeddable":true,"href":"https:\/\/www.europesays.com\/fr\/wp-json\/wp\/v2\/categories?post=71517"},{"taxonomy":"post_tag","embeddable":true,"href":"https:\/\/www.europesays.com\/fr\/wp-json\/wp\/v2\/tags?post=71517"}],"curies":[{"name":"wp","href":"https:\/\/api.w.org\/{rel}","templated":true}]}}