{"id":71521,"date":"2025-05-03T10:07:12","date_gmt":"2025-05-03T10:07:12","guid":{"rendered":"https:\/\/www.europesays.com\/fr\/71521\/"},"modified":"2025-05-03T10:07:12","modified_gmt":"2025-05-03T10:07:12","slug":"oh-mon-dieu-meghan-markle-dans-la-course-a-la-maison-blanche-elle-ne-botte-pas-en-touche","status":"publish","type":"post","link":"https:\/\/www.europesays.com\/fr\/71521\/","title":{"rendered":"\u00ab\u00a0Oh mon Dieu\u00a0\u00bb : Meghan Markle dans la course \u00e0 la Maison-Blanche ? Elle ne botte pas en touche"},"content":{"rendered":"<p>Meghan Markle a particip\u00e9 \u00e0 son tout premier podcast. L\u2019\u00e9pouse<br \/>\ndu prince Harry, apr\u00e8s avoir lanc\u00e9 <strong>son propre<br \/>\npodcast<\/strong>, a \u00e9t\u00e9 invit\u00e9e par son amie Jamie Kern Lima. Les<br \/>\ndeux amies, plus d\u00e9contract\u00e9es que jamais, ont discut\u00e9 des rumeurs<br \/>\nconcernant le couple Sussex et les projets d\u2019avenir de la duchesse<br \/>\nde 43 ans.<\/p>\n<p>La <a href=\"https:\/\/www.closermag.fr\/royautes\/meghan-markle-cet-enorme-coup-fourre-quelle-prepare-apres-la-reelection-de-donald-trump-3492355\" rel=\"nofollow noopener\" target=\"_blank\"><br \/>\nduchesse de Sussex<\/a> a notamment discut\u00e9 de sa course \u00e0<br \/>\nl\u2019\u00e9lection pr\u00e9sidentielle. Avant d\u2019aborder ce sujet \u00e9pineux,<br \/>\nl\u2019ancienne actrice de Suits et son amie ont \u00e9voqu\u00e9 les<br \/>\nrumeurs de divorce de Meghan Markle et du prince Harry. Elles ont<br \/>\n\u00e9galement parl\u00e9 de la potentielle \u00e9criture des <strong>m\u00e9moires de<br \/>\nMeghan<\/strong>, un livre comme le livre Spare du prince<br \/>\nHarry.<\/p>\n<p>Meghan Markle : la duchesse de Sussex r\u00e9pond une bonne fois<br \/>\npour toutes aux rumeurs de divorce<\/p>\n<p>Cela fait des mois que <a href=\"https:\/\/www.closermag.fr\/royautes\/harry-et-meghan-devoilent-leur-position-sur-la-prochaine-election-presidentielle-americaine-3477336\" rel=\"nofollow noopener\" target=\"_blank\"><br \/>\nMeghan et Harry<\/a> seraient <strong>au bord du divorce<\/strong>,<br \/>\nselon les rumeurs. Quand son amie Jamie Kern Lima lui a demand\u00e9 si<br \/>\nelle comptait rester mari\u00e9e au prince Harry toute sa vie, Meghan<br \/>\nMarkle a confirm\u00e9 avec un grand \u00ab\u00a0oui\u00a0\u00bb. Et d\u2019ajouter :<br \/>\n\u00ab\u00a0Mon mari est tr\u00e8s, tr\u00e8s beau. Mais son c\u0153ur est encore plus<br \/>\nbeau\u00a0\u00bb.<\/p>\n<blockquote class=\"instagram-media\" style=\"background: #ffffff;border: 0;margin: 1px;width: 100%;padding: 0;max-width: 500px;\" data-instgrm-permalink=\"https:\/\/www.instagram.com\/reel\/DJCQb5RoZUX\/?utm_source=ig_web_copy_link&amp;igsh=MzRlODBiNWFlZA==\" data-instgrm-version=\"14\"\/>\n<p>Comme le rapporte Madame Figaro, la duchesse de 43 ans<br \/>\na laiss\u00e9 planer le doute quant \u00e0 l\u2019\u00e9criture d\u2019\u00e9ventuels m\u00e9moires.<br \/>\n\u00ab\u00a0Vous savez, je pense que les gens sont souvent curieux de<br \/>\nsavoir si je vais \u00e9crire un m\u00e9moire, mais j\u2019ai encore<br \/>\n<strong>beaucoup de vie \u00e0 vivre<\/strong> avant d\u2019y<br \/>\n\u00eatre\u00a0\u00bb, a expliqu\u00e9 la maman d\u2019Archie et de Lilibet.<\/p>\n<p><img aria-describedby=\"caption-attachment-3541851\" itemprop=\"thumbnailUrl\" decoding=\"async\" loading=\"lazy\" class=\"size-full wp-image-3541851 img-responsive\" src=\"https:\/\/www.europesays.com\/fr\/wp-content\/uploads\/2025\/05\/bestimage_00694819_000010-1.jpg\" alt=\"Ambitions politiques ? Meghan Markle \u00e9voque l\u2019impensable sans d\u00e9tour\" width=\"900\" height=\"1317\"\/> \u00a9 Bestimage<\/p>\n<p id=\"caption-attachment-3541851\" class=\"wp-caption-text\">Meghan<br \/>\nMarkle se pr\u00e9parerait pour une candidature \u00e0 la pr\u00e9sidentielle,<br \/>\nselon les rumeurs. Lors d\u2019un podcast organis\u00e9 avec son amie Jamie<br \/>\nKern Lima, la duchesse de Sussex a \u00e9t\u00e9 plus que claire. La r\u00e9ponse<br \/>\ndirecte de l\u2019\u00e9pouse du prince Harry indique clairement ce qu\u2019elle a<br \/>\nl\u2019intention de faire.<\/p>\n<p>Meghan Markle : sa r\u00e9ponse sans<br \/>\n\u00e9quivoque sur sa candidature \u00e0 la pr\u00e9sidentielle<\/p>\n<p>Meghan Markle ne publiera pas de sit\u00f4t des m\u00e9moires explosifs<br \/>\ncomme ceux du duc de Sussex. Est-elle par contre int\u00e9ress\u00e9e par un<br \/>\n<strong>s\u00e9jour \u00e0 la Maison-Blanche<\/strong> ? Des rumeurs selon<br \/>\nlesquelles <a href=\"https:\/\/www.closermag.fr\/royautes\/meghan-et-harry-au-bord-du-divorce-la-duchesse-entretient-mechamment-le-mystere-3541531\" rel=\"nofollow noopener\" target=\"_blank\"><br \/>\nMeghan Markle<\/a> se pr\u00e9parait pour \u00eatre candidate \u00e0 la<br \/>\npr\u00e9sidentielle avaient \u00e9galement circul\u00e9 depuis de nombreux mois,<br \/>\nvoire des ann\u00e9es. Jamie Kern Lima lui a pos\u00e9 la question.<\/p>\n<p>\u00ab\u00a0Non jamais. Oh, mon Dieu. (&#8230;) Je veux dire, je pourrais<br \/>\nme dire : \u201cNe jamais dire jamais.\u201d Mais non, \u00e7a<br \/>\nne m\u2019int\u00e9resse pas. Non\u00a0\u00bb, a r\u00e9pondu la duchesse de Sussex dont<br \/>\nles <a href=\"https:\/\/www.mariefrance.fr\/beaute\/meghan-markle-sans-maquillage-epouse-prince-harry-devoile-naturel-fond-larmes-voila-pourquoi-bien-1158512.html\" rel=\"nofollow noopener\" target=\"_blank\"><br \/>\nambitions commerciales<\/a> sont bien connues. L\u2019ancienne actrice de<br \/>\nSuits ne compte donc pas divorcer du prince Harry, compte<br \/>\nvivre beaucoup de choses avant de sortir ses m\u00e9moires, puis elle ne<br \/>\nsera jamais candidate \u00e0 la pr\u00e9sidentielle.<\/p>\n<p><script async src=\"\/\/www.instagram.com\/embed.js\"><\/script><\/p>\n","protected":false},"excerpt":{"rendered":"Meghan Markle a particip\u00e9 \u00e0 son tout premier podcast. L\u2019\u00e9pouse du prince Harry, apr\u00e8s avoir lanc\u00e9 son propre&hellip;\n","protected":false},"author":2,"featured_media":71522,"comment_status":"","ping_status":"","sticky":false,"template":"","format":"standard","meta":{"footnotes":""},"categories":[1359],"tags":[548,58,59,1011,27,908,973,729],"class_list":{"0":"post-71521","1":"post","2":"type-post","3":"status-publish","4":"format-standard","5":"has-post-thumbnail","7":"category-people","8":"tag-article-simple","9":"tag-divertissement","10":"tag-entertainment","11":"tag-fr","12":"tag-france","13":"tag-meghan-markle","14":"tag-people","15":"tag-yout_video"},"share_on_mastodon":{"url":"https:\/\/pubeurope.com\/@fr\/114443350379749206","error":""},"_links":{"self":[{"href":"https:\/\/www.europesays.com\/fr\/wp-json\/wp\/v2\/posts\/71521","targetHints":{"allow":["GET"]}}],"collection":[{"href":"https:\/\/www.europesays.com\/fr\/wp-json\/wp\/v2\/posts"}],"about":[{"href":"https:\/\/www.europesays.com\/fr\/wp-json\/wp\/v2\/types\/post"}],"author":[{"embeddable":true,"href":"https:\/\/www.europesays.com\/fr\/wp-json\/wp\/v2\/users\/2"}],"replies":[{"embeddable":true,"href":"https:\/\/www.europesays.com\/fr\/wp-json\/wp\/v2\/comments?post=71521"}],"version-history":[{"count":0,"href":"https:\/\/www.europesays.com\/fr\/wp-json\/wp\/v2\/posts\/71521\/revisions"}],"wp:featuredmedia":[{"embeddable":true,"href":"https:\/\/www.europesays.com\/fr\/wp-json\/wp\/v2\/media\/71522"}],"wp:attachment":[{"href":"https:\/\/www.europesays.com\/fr\/wp-json\/wp\/v2\/media?parent=71521"}],"wp:term":[{"taxonomy":"category","embeddable":true,"href":"https:\/\/www.europesays.com\/fr\/wp-json\/wp\/v2\/categories?post=71521"},{"taxonomy":"post_tag","embeddable":true,"href":"https:\/\/www.europesays.com\/fr\/wp-json\/wp\/v2\/tags?post=71521"}],"curies":[{"name":"wp","href":"https:\/\/api.w.org\/{rel}","templated":true}]}}