{"id":71525,"date":"2025-05-03T10:10:15","date_gmt":"2025-05-03T10:10:15","guid":{"rendered":"https:\/\/www.europesays.com\/fr\/71525\/"},"modified":"2025-05-03T10:10:15","modified_gmt":"2025-05-03T10:10:15","slug":"qui-sont-les-invites-de-lea-salame-ce-samedi-3-mai-2025","status":"publish","type":"post","link":"https:\/\/www.europesays.com\/fr\/71525\/","title":{"rendered":"Qui sont les invit\u00e9s de L\u00e9a Salam\u00e9 ce samedi 3 mai 2025 ?"},"content":{"rendered":"<p>Pas de Pont du 1er mai pour L\u00e9a Salam\u00e9 et ses \u00e9quipes de Quelle \u00e9poque ! Voici la liste des invit\u00e9s qui seront pr\u00e9sents sur son plateau ce samedi 3 mai sur France 2.<\/p>\n<p>Samedi soir litt\u00e9raire sur France 2. Ce 3 mai, apr\u00e8s le jeu <a href=\"https:\/\/www.programme-tv.net\/news\/tv\/352970-qui-restera-dans-la-lumiere-a-quoi-va-ressembler-le-nouveau-jeu-de-bruno-guillon-sur-france-2\/\" data-api-deeplink=\"teleloisirs:\/\/news\/352970\" target=\"_blank\" rel=\"noopener\">Qui restera dans la lumi\u00e8re<\/a>, pr\u00e9sent\u00e9 par Bruno Guillon, L\u00e9a Salam\u00e9 re\u00e7oit des \u00e9crivains et autres personnalit\u00e9s qui sortent un livre ces jours-ci. Le com\u00e9dien <a href=\"https:\/\/www.programme-tv.net\/biographie\/29687-bedos-nicolas\/\" data-link-people=\"23577e95-69a0-4277-ac1c-e2f2bd30b5c9\" target=\"_blank\" rel=\"noopener\">Nicolas Bedos<\/a> sera pr\u00e9sent sur le plateau de <a href=\"https:\/\/www.programme-tv.net\/news\/tv\/377662-paul-de-saint-sernin-absent-de-quelle-epoque-lea-salame-explique-pourquoi-l-humoriste-n-etait-pas-dans-l-emission-de-france-2\/\" data-api-deeplink=\"teleloisirs:\/\/news\/377662\" target=\"_blank\" rel=\"noopener\">Quelle \u00e9poque ! <\/a>pour parler de son ouvrage La Soif de Honte, \u00e0 para\u00eetre le 7 mai. Il s\u2019y livre sur son alcoolisme, sur ses traumatismes \u2013 il r\u00e9v\u00e8le avoir \u00e9t\u00e9<a href=\"https:\/\/www.programme-tv.net\/news\/people\/377942-nicolas-bedos-revele-avoir-ete-victime-d-un-viol-de-la-part-d-une-personne-tres-admiree\/\" data-api-deeplink=\"teleloisirs:\/\/news\/377942\" target=\"_blank\" rel=\"noopener\"> victime d\u2019un viol <\/a>\u2013 et sur son rapport aux femmes. En octobre 2023, Nicolas Bedos a \u00e9t\u00e9<a href=\"https:\/\/www.programme-tv.net\/news\/people\/363532-nicolas-bedos-condamne-pour-agressions-et-harcelement-sexuel-sa-compagne-pauline-desmonts-en-colere-elle-sort-du-silence\/\" data-api-deeplink=\"teleloisirs:\/\/news\/363532\" target=\"_blank\" rel=\"noopener\"> condamn\u00e9 \u00e0 un an de prison dont six mois avec sursis pour agressions sexuelles<\/a>. Il n\u2019a pas fait appel de la d\u00e9cision de justice et l\u2019\u00e9voque dans le livre. Nul doute que L\u00e9a Salam\u00e9 posera des questions sur cette affaire au fils de Guy Bedos, lui-m\u00eame devenu p\u00e8re en d\u00e9cembre 2023.<\/p>\n<p>Anny Duperey, Louis Sarkozy\u2026 Les biographies s\u2019encha\u00eenent ce samedi 3 mai dans Quelle \u00e9poque !<\/p>\n<p>Une autre actrice qui s\u2019essaie souvent \u00e0 l\u2019\u00e9criture sera pr\u00e9sente sur le plateau de Quelle \u00e9poque ! ce 3 mai. Anny Duperey sort son 17e livre. Habitu\u00e9e des romans, c\u2019est cette fois-ci un ouvrage autobiographique qu\u2019elle signe. Respire, c\u2019est de l\u2019iode ! raconte sa vie et celles de ceux qui l\u2019entourent en petites phrases cl\u00e9s. Rien \u00e0 voir avec l\u2019ouvrage sign\u00e9 Louis Sarkozy.<a href=\"https:\/\/www.programme-tv.net\/news\/people\/360480-l-intellectuelle-du-couple-c-est-elle-les-rares-confidences-de-louis-sarkozy-sur-son-epouse-natali-husic\/\" data-api-deeplink=\"teleloisirs:\/\/news\/360480\" target=\"_blank\" rel=\"noopener\"> Le fils de l\u2019ex-pr\u00e9sident de la R\u00e9publique <\/a>d\u00e9fendra, lui, Napol\u00e9on Bonaparte &#8211; L&#8217;empire des livres, une forme de biographie de l\u2019Empereur \u00e0 travers ses lectures. C\u00f4t\u00e9 fiction, la romanci\u00e8re Anne Akrich pr\u00e9sentera son nouveau roman, Kylian. Elle y \u00e9crit l\u2019histoire d\u2019une ghost writer charg\u00e9e de faire la biographie de Kylian Mbapp\u00e9 et qui se retrouve donc plong\u00e9e dans un monde qu\u2019elle ne conna\u00eet pas aupr\u00e8s de la star du football.<\/p>\n<p>                        Du th\u00e9\u00e2tre et de la sc\u00e8ne dans Quelle \u00e9poque !<\/p>\n<p>Le com\u00e9dien Axel Auriant \u00e9voquera, lui, la pi\u00e8ce Num\u00e9ro Deux, dans laquelle il joue le r\u00f4le principal au Th\u00e9\u00e2tre Tristan-Bernard \u00e0 Paris, depuis janvier. Une pi\u00e8ce adapt\u00e9e, l\u00e0 encore, d\u2019un livre. Celui, \u00e9ponyme, de David Foenkinos, qui raconte l\u2019histoire de l\u2019acteur qui n\u2019a pas \u00e9t\u00e9 choisi pour incarner le c\u00e9l\u00e8bre Harry Potter au cin\u00e9ma. Entre deux questions sur la pi\u00e8ce, L\u00e9a Salam\u00e9 demandera peut-\u00eatre aussi au com\u00e9dien de parler de son propre roman, Rue de la Ga\u00eet\u00e9, paru il y a quelques mois. Le dernier invit\u00e9 de la soir\u00e9e d\u00e9tonnera s\u00fbrement. Mathieu Mad\u00e9nian n\u2019a pas \u00e9crit de livre r\u00e9cemment \u2013 le dernier date de 2017. Mais l\u2019humoriste a un nouveau spectacle : A pleurer de rire. Il y raconte notamment sa paternit\u00e9 et comment cela a chang\u00e9 sa vie.<\/p>\n<blockquote class=\"twitter-tweet\">\n<p lang=\"fr\" dir=\"ltr\">\ud83d\udce3 Ce soir \u00e0 23h15 sur <a href=\"https:\/\/twitter.com\/hashtag\/France2?src=hash&amp;ref_src=twsrc%5Etfw\" target=\"_blank\" rel=\"noopener\">#France2<\/a>, <a href=\"https:\/\/twitter.com\/LeaSalame?ref_src=twsrc%5Etfw\" target=\"_blank\" rel=\"noopener\">@LeaSalame<\/a> et toute l&rsquo;\u00e9quipe de <a href=\"https:\/\/twitter.com\/hashtag\/QuelleEpoque?src=hash&amp;ref_src=twsrc%5Etfw\" target=\"_blank\" rel=\"noopener\">#QuelleEpoque<\/a> re\u00e7oivent :<\/p>\n<p>\u27a1\ufe0f <a href=\"https:\/\/twitter.com\/nicolasbedos1?ref_src=twsrc%5Etfw\" target=\"_blank\" rel=\"noopener\">@nicolasbedos1<\/a>, \u00e0 l&rsquo;occasion de la parution son livre confession \u00ab\u00a0La soif de honte\u00a0\u00bb aux <a href=\"https:\/\/twitter.com\/EdLObservatoire?ref_src=twsrc%5Etfw\" target=\"_blank\" rel=\"noopener\">@EdLObservatoire<\/a> \ud83d\udcd5<br \/>\u27a1\ufe0f Anny Duperey, pour son livre \u201cRespire, c&rsquo;est de l&rsquo;iode ! Et autres\u2026 <a href=\"https:\/\/t.co\/B0KJ8ug8Sx\">pic.twitter.com\/B0KJ8ug8Sx<\/a><\/p>\n<p>\u2014 Quelle \u00c9poque! (@QuelleEpoqueOff) <a href=\"https:\/\/twitter.com\/QuelleEpoqueOff\/status\/1918550703447920842?ref_src=twsrc%5Etfw\" target=\"_blank\" rel=\"noopener\">May 3, 2025<\/a><\/p><\/blockquote>\n<p>Article \u00e9crit en collaboration avec 6M\u00e9dias<\/p>\n<p>        <script async src=\"https:\/\/platform.twitter.com\/widgets.js\" charset=\"utf-8\"><\/script><\/p>\n","protected":false},"excerpt":{"rendered":"Pas de Pont du 1er mai pour L\u00e9a Salam\u00e9 et ses \u00e9quipes de Quelle \u00e9poque ! Voici la&hellip;\n","protected":false},"author":2,"featured_media":71526,"comment_status":"","ping_status":"","sticky":false,"template":"","format":"standard","meta":{"footnotes":""},"categories":[1356],"tags":[244,58,59,1011,27,594,3774,3775,3778,252,1364,1630],"class_list":{"0":"post-71525","1":"post","2":"type-post","3":"status-publish","4":"format-standard","5":"has-post-thumbnail","7":"category-television","8":"tag-commentaire","9":"tag-divertissement","10":"tag-entertainment","11":"tag-fr","12":"tag-france","13":"tag-france-2","14":"tag-invitu00e9s","15":"tag-lu00e9a-salamu00e9","16":"tag-quelle-u00e9poque","17":"tag-television","18":"tag-tv","19":"tag-zapping"},"share_on_mastodon":{"url":"https:\/\/pubeurope.com\/@fr\/114443362171175264","error":""},"_links":{"self":[{"href":"https:\/\/www.europesays.com\/fr\/wp-json\/wp\/v2\/posts\/71525","targetHints":{"allow":["GET"]}}],"collection":[{"href":"https:\/\/www.europesays.com\/fr\/wp-json\/wp\/v2\/posts"}],"about":[{"href":"https:\/\/www.europesays.com\/fr\/wp-json\/wp\/v2\/types\/post"}],"author":[{"embeddable":true,"href":"https:\/\/www.europesays.com\/fr\/wp-json\/wp\/v2\/users\/2"}],"replies":[{"embeddable":true,"href":"https:\/\/www.europesays.com\/fr\/wp-json\/wp\/v2\/comments?post=71525"}],"version-history":[{"count":0,"href":"https:\/\/www.europesays.com\/fr\/wp-json\/wp\/v2\/posts\/71525\/revisions"}],"wp:featuredmedia":[{"embeddable":true,"href":"https:\/\/www.europesays.com\/fr\/wp-json\/wp\/v2\/media\/71526"}],"wp:attachment":[{"href":"https:\/\/www.europesays.com\/fr\/wp-json\/wp\/v2\/media?parent=71525"}],"wp:term":[{"taxonomy":"category","embeddable":true,"href":"https:\/\/www.europesays.com\/fr\/wp-json\/wp\/v2\/categories?post=71525"},{"taxonomy":"post_tag","embeddable":true,"href":"https:\/\/www.europesays.com\/fr\/wp-json\/wp\/v2\/tags?post=71525"}],"curies":[{"name":"wp","href":"https:\/\/api.w.org\/{rel}","templated":true}]}}