{"id":71539,"date":"2025-05-03T10:17:11","date_gmt":"2025-05-03T10:17:11","guid":{"rendered":"https:\/\/www.europesays.com\/fr\/71539\/"},"modified":"2025-05-03T10:17:11","modified_gmt":"2025-05-03T10:17:11","slug":"ce-que-les-plus-de-80-ans-doivent-savoir-pour-2025","status":"publish","type":"post","link":"https:\/\/www.europesays.com\/fr\/71539\/","title":{"rendered":"ce que les plus de 80 ans doivent savoir pour 2025"},"content":{"rendered":"<p>Les plus de 80 ans se trouvent souvent \u00e0 un carrefour crucial lorsqu\u2019il s\u2019agit de planifier leur succession. En 2025, des changements notables <strong>pourraient influencer les d\u00e9cisions concernant les donations et les abattements fiscaux<\/strong>. Bien que certaines propositions l\u00e9gislatives aient \u00e9t\u00e9 retir\u00e9es, il est essentiel de comprendre le cadre actuel et les opportunit\u00e9s qui s\u2019offrent aux seniors pour optimiser la transmission de leur patrimoine.<\/p>\n<p>Qu\u2019il s\u2019agisse d\u2019abattements sp\u00e9cifiques ou de nouvelles exon\u00e9rations pour l\u2019achat immobilier, chaque d\u00e9tail compte pour \u00e9viter des surprises fiscales d\u00e9sagr\u00e9ables. D\u00e9couvrez comment naviguer dans ce paysage complexe et tirer parti des avantages fiscaux disponibles.<\/p>\n<p>Amendement fiscal 2025 : une opportunit\u00e9 manqu\u00e9e pour les seniors<\/p>\n<p>En octobre dernier, un amendement au projet de loi de finances 2025 proposait d\u2019offrir aux titulaires de contrats d\u2019<a href=\"https:\/\/l-echo-des-seniors.fr\/assurance-vie-et-succession-comment-eviter-les-pieges-des-primes-exagerees\/\" rel=\"nofollow noopener\" target=\"_blank\">assurance vie<\/a> \u00e2g\u00e9s de plus de 70 ans la possibilit\u00e9 d\u2019anticiper leur succession. <strong>Cette mesure aurait permis des donations b\u00e9n\u00e9ficiant d\u2019un abattement fiscal de 152 500 euros par donataire<\/strong>, applicable uniquement en 2025.<\/p>\n<p>Cependant, <strong>cette proposition n\u2019a pas \u00e9t\u00e9 retenue dans le budget final adopt\u00e9 en f\u00e9vrier<\/strong>. Si elle avait \u00e9t\u00e9 adopt\u00e9e, elle aurait offert un avantage fiscal significatif aux seniors souhaitant transmettre leur patrimoine tout en optimisant leur fiscalit\u00e9. L\u2019amendement a finalement \u00e9t\u00e9 retir\u00e9, laissant inchang\u00e9es les r\u00e8gles actuelles sur les donations et abattements fiscaux.<\/p>\n<p>R\u00e9gime actuel des donations : plafonds et fiscalit\u00e9 pour les seniors<\/p>\n<p>Actuellement, en France, les donations entre parents et enfants b\u00e9n\u00e9ficient d\u2019un abattement fiscal de 100 000 euros, renouvelable tous les 15 ans. <strong>Pour les donateurs \u00e2g\u00e9s de plus de 80 ans<\/strong>, cet abattement reste inchang\u00e9. Au-del\u00e0 de ce seuil, la part exc\u00e9dentaire est soumise \u00e0 un bar\u00e8me progressif allant de 5 % \u00e0 45 %, selon le montant transmis.<\/p>\n<p>Cette taxation progressive peut <strong>influencer la d\u00e9cision des seniors quant au moment et au montant des donations<\/strong>. En effet, bien que l\u2019abattement permette une transmission partielle sans imp\u00f4t, d\u00e9passer ce plafond entra\u00eene des droits de donation significatifs pour le donataire ou le donateur s\u2019il choisit d\u2019en assumer la charge.<\/p>\n<p>Optimisation des exon\u00e9rations pour les personnes handicap\u00e9es<\/p>\n<p>Les donations en faveur des personnes handicap\u00e9es b\u00e9n\u00e9ficient d\u2019un abattement suppl\u00e9mentaire de 159 325 euros, cumulable avec les autres exon\u00e9rations. <strong>Cet avantage fiscal s\u2019applique ind\u00e9pendamment du lien de parent\u00e9 entre le donateur et le donataire<\/strong>, \u00e0 condition que ce dernier soit incapable de travailler dans des conditions normales en raison d\u2019une infirmit\u00e9 survenue durant sa jeunesse ou sa vie active.<\/p>\n<p>Cette disposition permet aux familles d\u2019<strong>optimiser la transmission de leur patrimoine<\/strong> tout en soutenant un proche handicap\u00e9. En combinant cet abattement avec ceux existants pour les dons familiaux, il est possible de r\u00e9duire consid\u00e9rablement l\u2019impact fiscal des donations, offrant ainsi une aide pr\u00e9cieuse aux b\u00e9n\u00e9ficiaires tout en pr\u00e9servant le patrimoine familial.<\/p>\n<p>Nouvelle exon\u00e9ration pour achat immobilier : un coup de pouce fiscal<\/p>\n<p>La loi de finances pour 2025 introduit une exon\u00e9ration in\u00e9dite permettant de recevoir jusqu\u2019\u00e0 300 000 euros sans droits de donation, \u00e0 condition que ces fonds soient destin\u00e9s \u00e0<strong> l\u2019achat d\u2019une r\u00e9sidence principale ou \u00e0 des travaux \u00e9nerg\u00e9tiques majeurs<\/strong>.<\/p>\n<p>Cette mesure <strong>s\u2019ajoute aux abattements existants et est limit\u00e9e \u00e0 100 000 euros par parent ou grand-parent donateur<\/strong>. Ainsi, un b\u00e9n\u00e9ficiaire peut cumuler les dons jusqu\u2019\u00e0 atteindre le plafond total. Valable jusqu\u2019au 31 d\u00e9cembre 2026, cette disposition vise \u00e0 encourager les investissements immobiliers et la transition \u00e9nerg\u00e9tique, tout en offrant un avantage fiscal significatif aux familles souhaitant transmettre leur patrimoine de mani\u00e8re optimis\u00e9e.<\/p>\n","protected":false},"excerpt":{"rendered":"Les plus de 80 ans se trouvent souvent \u00e0 un carrefour crucial lorsqu\u2019il s\u2019agit de planifier leur succession.&hellip;\n","protected":false},"author":2,"featured_media":71540,"comment_status":"","ping_status":"","sticky":false,"template":"","format":"standard","meta":{"footnotes":""},"categories":[6],"tags":[35,17411,33,34,4608,1011,27,16667],"class_list":{"0":"post-71539","1":"post","2":"type-post","3":"status-publish","4":"format-standard","5":"has-post-thumbnail","7":"category-economie","8":"tag-business","9":"tag-donation","10":"tag-economie","11":"tag-economy","12":"tag-fiscalit","13":"tag-fr","14":"tag-france","15":"tag-succession"},"share_on_mastodon":{"url":"https:\/\/pubeurope.com\/@fr\/114443389736013688","error":""},"_links":{"self":[{"href":"https:\/\/www.europesays.com\/fr\/wp-json\/wp\/v2\/posts\/71539","targetHints":{"allow":["GET"]}}],"collection":[{"href":"https:\/\/www.europesays.com\/fr\/wp-json\/wp\/v2\/posts"}],"about":[{"href":"https:\/\/www.europesays.com\/fr\/wp-json\/wp\/v2\/types\/post"}],"author":[{"embeddable":true,"href":"https:\/\/www.europesays.com\/fr\/wp-json\/wp\/v2\/users\/2"}],"replies":[{"embeddable":true,"href":"https:\/\/www.europesays.com\/fr\/wp-json\/wp\/v2\/comments?post=71539"}],"version-history":[{"count":0,"href":"https:\/\/www.europesays.com\/fr\/wp-json\/wp\/v2\/posts\/71539\/revisions"}],"wp:featuredmedia":[{"embeddable":true,"href":"https:\/\/www.europesays.com\/fr\/wp-json\/wp\/v2\/media\/71540"}],"wp:attachment":[{"href":"https:\/\/www.europesays.com\/fr\/wp-json\/wp\/v2\/media?parent=71539"}],"wp:term":[{"taxonomy":"category","embeddable":true,"href":"https:\/\/www.europesays.com\/fr\/wp-json\/wp\/v2\/categories?post=71539"},{"taxonomy":"post_tag","embeddable":true,"href":"https:\/\/www.europesays.com\/fr\/wp-json\/wp\/v2\/tags?post=71539"}],"curies":[{"name":"wp","href":"https:\/\/api.w.org\/{rel}","templated":true}]}}