{"id":71546,"date":"2025-05-03T10:21:10","date_gmt":"2025-05-03T10:21:10","guid":{"rendered":"https:\/\/www.europesays.com\/fr\/71546\/"},"modified":"2025-05-03T10:21:10","modified_gmt":"2025-05-03T10:21:10","slug":"le-naturopathe-alain-tardif-juge-pour-diffamation","status":"publish","type":"post","link":"https:\/\/www.europesays.com\/fr\/71546\/","title":{"rendered":"le naturopathe Alain Tardif jug\u00e9 pour diffamation"},"content":{"rendered":"<p>Le couple se tient \u00e0 la barre, fr\u00e9missant de col\u00e8re. Lui\u00a0: \u00ab\u00a0Au moment de me payer, il a dit que c\u2019\u00e9tait une fausse facture\u00a0\u00bb. Elle\u00a0: \u00ab\u00a0J\u2019ai travaill\u00e9 sans salaire pendant deux ans pour d\u00e9velopper la soci\u00e9t\u00e9\u00a0\u00bb. Dans leur ligne de mire, le naturopathe st\u00e9phanois Alain Tardif, 62 ans.<\/p>\n<p>\u00ab\u00a0Il a agi ainsi pour nous discr\u00e9diter\u00a0\u00bb<\/p>\n<p>Conception et vente d\u2019une gamme de produits \u00e0 base de plantes ou de champignons, \u00e9criture d\u2019ouvrages, l\u2019homme <a href=\"https:\/\/www.leprogres.fr\/sante\/2021\/06\/13\/la-truffe-est-aphrodisiaque-le-cepe-immunostimulant\" target=\"_blank\" rel=\"nofollow noopener\">dispose d\u2019une certaine notori\u00e9t\u00e9<\/a>. Il a fond\u00e9 l\u2019Acad\u00e9mie europ\u00e9enne des m\u00e9decines naturelles,&#8230;<\/p>\n","protected":false},"excerpt":{"rendered":"Le couple se tient \u00e0 la barre, fr\u00e9missant de col\u00e8re. Lui\u00a0: \u00ab\u00a0Au moment de me payer, il a&hellip;\n","protected":false},"author":2,"featured_media":71547,"comment_status":"","ping_status":"","sticky":false,"template":"","format":"standard","meta":{"footnotes":""},"categories":[9653],"tags":[1111,11,2430,271,272,7539,1777,674,274,107,1011,27,3367,12,25,4001,7538],"class_list":{"0":"post-71546","1":"post","2":"type-post","3":"status-publish","4":"format-standard","5":"has-post-thumbnail","7":"category-saint-etienne","8":"tag-actu","9":"tag-actualites","10":"tag-auvergne-rhone-alpes","11":"tag-crime","12":"tag-delit-et-contravention","13":"tag-edition-loire-sud","14":"tag-eu","15":"tag-europe","16":"tag-faits-divers-justice","17":"tag-fil-info","18":"tag-fr","19":"tag-france","20":"tag-loire","21":"tag-news","22":"tag-republique-francaise","23":"tag-saint-etienne","24":"tag-saint-etienne-ville"},"share_on_mastodon":{"url":"https:\/\/pubeurope.com\/@fr\/114443405451188514","error":""},"_links":{"self":[{"href":"https:\/\/www.europesays.com\/fr\/wp-json\/wp\/v2\/posts\/71546","targetHints":{"allow":["GET"]}}],"collection":[{"href":"https:\/\/www.europesays.com\/fr\/wp-json\/wp\/v2\/posts"}],"about":[{"href":"https:\/\/www.europesays.com\/fr\/wp-json\/wp\/v2\/types\/post"}],"author":[{"embeddable":true,"href":"https:\/\/www.europesays.com\/fr\/wp-json\/wp\/v2\/users\/2"}],"replies":[{"embeddable":true,"href":"https:\/\/www.europesays.com\/fr\/wp-json\/wp\/v2\/comments?post=71546"}],"version-history":[{"count":0,"href":"https:\/\/www.europesays.com\/fr\/wp-json\/wp\/v2\/posts\/71546\/revisions"}],"wp:featuredmedia":[{"embeddable":true,"href":"https:\/\/www.europesays.com\/fr\/wp-json\/wp\/v2\/media\/71547"}],"wp:attachment":[{"href":"https:\/\/www.europesays.com\/fr\/wp-json\/wp\/v2\/media?parent=71546"}],"wp:term":[{"taxonomy":"category","embeddable":true,"href":"https:\/\/www.europesays.com\/fr\/wp-json\/wp\/v2\/categories?post=71546"},{"taxonomy":"post_tag","embeddable":true,"href":"https:\/\/www.europesays.com\/fr\/wp-json\/wp\/v2\/tags?post=71546"}],"curies":[{"name":"wp","href":"https:\/\/api.w.org\/{rel}","templated":true}]}}