{"id":71558,"date":"2025-05-03T10:30:08","date_gmt":"2025-05-03T10:30:08","guid":{"rendered":"https:\/\/www.europesays.com\/fr\/71558\/"},"modified":"2025-05-03T10:30:08","modified_gmt":"2025-05-03T10:30:08","slug":"lappartement-incendie-a-rouen-etait-envahi-par-le-syndrome-de-diogene-quest-ce-que-cest","status":"publish","type":"post","link":"https:\/\/www.europesays.com\/fr\/71558\/","title":{"rendered":"L&rsquo;appartement incendi\u00e9 \u00e0 Rouen \u00e9tait envahi par le syndrome de Diog\u00e8ne : qu&rsquo;est-ce que c&rsquo;est\u00a0?"},"content":{"rendered":"<p>            Par<br \/>\n        <strong><br \/>\n            <a href=\"https:\/\/actu.fr\/auteur\/julien-bouteiller\" title=\"Consulter tous les articles de Julien Bouteiller\" rel=\"nofollow noopener\" target=\"_blank\">Julien Bouteiller<\/a><br \/>\n        <\/strong><\/p>\n<p>        Publi\u00e9 le<\/p>\n<p>            3 mai 2025 \u00e0 12h27        <\/p>\n<p><strong>L\u2019intervention a \u00e9t\u00e9 longue pour les pompiers<\/strong>, mais aussi compliqu\u00e9e par l\u2019\u00e9tat de <a href=\"https:\/\/actu.fr\/normandie\/rouen_76540\/impressionnant-incendie-d-un-immeuble-a-rouen-une-cinquantaine-de-pompiers-mobilises-pres-des-docks-76_62591327.html\" rel=\"nofollow noopener\" target=\"_blank\">l\u2019appartement ravag\u00e9 par un incendie \u00e0 Rouen<\/a>, dans la soir\u00e9e du 2 mai 2025. Selon plusieurs sources concordantes, l\u2019ancien occupant du logement <strong>\u00e9tait atteint du syndrome de Diog\u00e8ne.<\/strong> On vous explique ce que c\u2019est.<\/p>\n<p>Un appartement encombr\u00e9 par un syndrome de Diog\u00e8ne<\/p>\n<p class=\" wall-content\">Officiellement, deux des appartements de l\u2019immeuble qui a br\u00fbl\u00e9 <strong>boulevard Jean-Jaur\u00e8s<\/strong> sont inoccup\u00e9s. L\u2019un d\u2019eux, <strong>celui qui a \u00e9t\u00e9 ravag\u00e9 par le sinistre<\/strong>, \u00e9tait particuli\u00e8rement encombr\u00e9. Au point que, selon nos informations, il n\u2019a pas \u00e9t\u00e9 possible dans l\u2019imm\u00e9diat pour les pompiers d\u2019effectuer des reconnaissances pour retrouver d\u2019\u00e9ventuels squatteurs.<\/p>\n<p class=\" wall-content\">Une source polici\u00e8re nous glisse : \u00ab\u00a0L\u2019ancien occupant <strong>avait un syndrome de Diog\u00e8ne.<\/strong> J\u2019esp\u00e8re qu\u2019on ne va finalement pas retrouv\u00e9 de victime \u00e0 l\u2019issue\u00a0\u00bb.<\/p>\n<p>\u00ab\u00a0La marque d\u2019un isolement physique\u00a0\u00bb<\/p>\n<p class=\" wall-content\">Le syndrome de Diog\u00e8ne est une pathologie qui pousse la personne qui en est atteinte<strong> \u00e0 accumuler compulsivement des objets ou produits alimentaires<\/strong>. Ce n\u2019est pas sans danger, car cela peut entra\u00eener de l\u2019insalubrit\u00e9 et des probl\u00e8mes de sant\u00e9.<\/p>\n<p class=\" wall-content\">\u00ab\u00a0Le syndrome de Diog\u00e8ne est presque toujours la marque d\u2019un isolement physique [apr\u00e8s un d\u00e9c\u00e8s ou une s\u00e9paration, par exemple, NDLR]\u00a0\u00bb, expliquait Olivier Martinez, g\u00e9rant d\u2019une soci\u00e9t\u00e9 de nettoyage, \u00e0 nos confr\u00e8res <a href=\"https:\/\/actu.fr\/societe\/la-marque-d-un-isolement-social-qu-est-ce-que-le-syndrome-de-diogene-auquel-paris-veut-s-attaquer_61309955.html\" rel=\"nofollow noopener\" target=\"_blank\">d\u2019actu Paris<\/a>. \u00ab\u00a0Ce sont des gens qui<strong> se d\u00e9tachent de tous liens sociaux et s\u2019enferment dans leur bulle<\/strong>. On retrouve la figure de Diog\u00e8ne, un philosophe grec issu d\u2019une famille riche et ais\u00e9e qui est parti vivre dans un tonneau, dans un \u00e9tat de salet\u00e9 avanc\u00e9, comme une sorte de pied de nez \u00e0 la soci\u00e9t\u00e9.\u00a0\u00bb<\/p>\n<blockquote class=\"ac-article-quote wall-content\">\n<p>Petit \u00e0 petit, leur logement devient insalubre. Par exemple, si la chasse d&rsquo;eau tombe en panne, on va avoir honte d&rsquo;appeler le plombier. Du fait de la pr\u00e9sence de nombreuses bact\u00e9ries li\u00e9es aux restes de nourritures, aux excr\u00e9ments, elles tombent souvent malades ou contractent des infections.<\/p>\n<p>    <strong>Olivier Martinez<\/strong><br \/>\n        g\u00e9rant de Novalia Services    <\/p><\/blockquote>\n<p class=\" wall-content\">Il s\u2019agit bien souvent <strong>de personnes de 50 \u00e0 60 ans<\/strong>, plut\u00f4t dans des quartiers relativement favoris\u00e9s. \u00ab\u00a0Dans la moiti\u00e9 des cas, les personnes atteintes d\u2019un syndrome de Diog\u00e8ne sont sous tutelle. C\u2019est donc leur tuteur familial ou institutionnel qui nous contacte. Mais on est \u00e9galement appel\u00e9s par des particuliers via notre site : de la famille, des voisins\u2026 Assez r\u00e9guli\u00e8rement, on intervient <strong>quand la personne a \u00e9t\u00e9 retrouv\u00e9e morte<\/strong> dans son domicile\u00a0\u00bb, d\u00e9plore le \u00ab\u00a0nettoyeur de l\u2019extr\u00eame\u00a0\u00bb.<\/p>\n<p class=\" wall-content\">Pour l\u2019heure, le bilan de l\u2019incendie \u00e0 Rouen ne fait \u00e9tat<strong> d\u2019aucun bless\u00e9<\/strong>. L\u2019enqu\u00eate doit maintenant d\u00e9terminer les circonstances du sinistre, et esp\u00e9rons qu\u2019elle n\u2019aboutira pas \u00e0 une macabre d\u00e9couverte.<\/p>\n<p>Suivez l\u2019actualit\u00e9 de Rouen <a href=\"https:\/\/www.whatsapp.com\/channel\/0029VaKfnf99hXF2ddApFB1D\" rel=\"nofollow noopener\" target=\"_blank\">sur notre cha\u00eene WhatsApp<\/a> et <a href=\"https:\/\/www.tiktok.com\/@76actu.fr?lang=fr\" rel=\"nofollow noopener\" target=\"_blank\">sur notre compte TikTok<\/a><\/p>\n<p class=\" wall-content\">Suivez toute l\u2019actualit\u00e9 de vos villes et m\u00e9dias favoris en vous inscrivant \u00e0 <a href=\"https:\/\/moncompte.actu.fr\" title=\"D\u00e9couvez Mon Actu\" rel=\"nofollow noopener\" data-trk=\"{&quot;cta&quot;:{&quot;action&quot;:&quot;https:\\\/\\\/moncompte.actu.fr&quot;,&quot;category&quot;:&quot;mon compte&quot;,&quot;from&quot;:&quot;article footer&quot;,&quot;name&quot;:&quot;Mon actu&quot;,&quot;type&quot;:&quot;cta&quot;}}\" target=\"_blank\">Mon Actu<\/a>.<\/p>\n<p>                    <script async src=\"\/\/www.tiktok.com\/embed.js\"><\/script><\/p>\n","protected":false},"excerpt":{"rendered":"Par Julien Bouteiller Publi\u00e9 le 3 mai 2025 \u00e0 12h27 L\u2019intervention a \u00e9t\u00e9 longue pour les pompiers, mais&hellip;\n","protected":false},"author":2,"featured_media":71559,"comment_status":"","ping_status":"","sticky":false,"template":"","format":"standard","meta":{"footnotes":""},"categories":[9587],"tags":[1111,11,1777,674,118,1011,27,1310,1908,12,5161,1311,25,9590],"class_list":{"0":"post-71558","1":"post","2":"type-post","3":"status-publish","4":"format-standard","5":"has-post-thumbnail","7":"category-rouen","8":"tag-actu","9":"tag-actualites","10":"tag-eu","11":"tag-europe","12":"tag-faits-divers","13":"tag-fr","14":"tag-france","15":"tag-incendie","16":"tag-logement","17":"tag-news","18":"tag-normandie","19":"tag-pompiers","20":"tag-republique-francaise","21":"tag-rouen"},"share_on_mastodon":{"url":"https:\/\/pubeurope.com\/@fr\/114443440812404319","error":""},"_links":{"self":[{"href":"https:\/\/www.europesays.com\/fr\/wp-json\/wp\/v2\/posts\/71558","targetHints":{"allow":["GET"]}}],"collection":[{"href":"https:\/\/www.europesays.com\/fr\/wp-json\/wp\/v2\/posts"}],"about":[{"href":"https:\/\/www.europesays.com\/fr\/wp-json\/wp\/v2\/types\/post"}],"author":[{"embeddable":true,"href":"https:\/\/www.europesays.com\/fr\/wp-json\/wp\/v2\/users\/2"}],"replies":[{"embeddable":true,"href":"https:\/\/www.europesays.com\/fr\/wp-json\/wp\/v2\/comments?post=71558"}],"version-history":[{"count":0,"href":"https:\/\/www.europesays.com\/fr\/wp-json\/wp\/v2\/posts\/71558\/revisions"}],"wp:featuredmedia":[{"embeddable":true,"href":"https:\/\/www.europesays.com\/fr\/wp-json\/wp\/v2\/media\/71559"}],"wp:attachment":[{"href":"https:\/\/www.europesays.com\/fr\/wp-json\/wp\/v2\/media?parent=71558"}],"wp:term":[{"taxonomy":"category","embeddable":true,"href":"https:\/\/www.europesays.com\/fr\/wp-json\/wp\/v2\/categories?post=71558"},{"taxonomy":"post_tag","embeddable":true,"href":"https:\/\/www.europesays.com\/fr\/wp-json\/wp\/v2\/tags?post=71558"}],"curies":[{"name":"wp","href":"https:\/\/api.w.org\/{rel}","templated":true}]}}