{"id":715848,"date":"2026-02-06T14:15:18","date_gmt":"2026-02-06T14:15:18","guid":{"rendered":"https:\/\/www.europesays.com\/fr\/715848\/"},"modified":"2026-02-06T14:15:18","modified_gmt":"2026-02-06T14:15:18","slug":"pour-la-metropole-de-rennes-le-rapport-de-lexpert-judiciaire-est-a-charge","status":"publish","type":"post","link":"https:\/\/www.europesays.com\/fr\/715848\/","title":{"rendered":"pour la M\u00e9tropole de Rennes, le rapport de l&rsquo;expert judiciaire est \u00ab\u00a0\u00e0 charge\u00a0\u00bb"},"content":{"rendered":"<p>                    Par<br \/>\n        <strong><br \/>\n            <a href=\"https:\/\/actu.fr\/auteur\/brian-legoff\" title=\"Consulter tous les articles de Brian Le Goff\" rel=\"nofollow noopener\" target=\"_blank\">Brian Le Goff<\/a><br \/>\n                    <\/strong><\/p>\n<p>        Publi\u00e9 le<\/p>\n<p>            6 f\u00e9vr. 2026 \u00e0 14h55        <\/p>\n<p>Le sujet n\u2019en finit plus d\u2019alimenter les d\u00e9bats. \u00c0 <a href=\"https:\/\/actu.fr\/rennes\/\" rel=\"nofollow noopener\" target=\"_blank\">Rennes<\/a>, <strong>l\u2019usine d\u2019incin\u00e9ration des d\u00e9chets<\/strong> dans le quartier de Villejean est au <strong>c\u0153ur d\u2019un contentieux<\/strong> opposant la <strong>M\u00e9tropole<\/strong> et <strong>l\u2019entreprise italienne Ruth<\/strong>s. La collectivit\u00e9 l\u2019avait choisie en 2019 pour mener \u00e0 bien les travaux de modernisation de cette infrastructure, aussi appel\u00e9e UVE (usine de valorisation \u00e9nerg\u00e9tique), <a href=\"https:\/\/actu.fr\/bretagne\/rennes_35238\/rennes-l-usine-d-incineration-des-dechets-de-villejean-fermee-18-mois-pour-travaux_39064132.html\" rel=\"nofollow noopener\" target=\"_blank\">\u00e0 partir d\u2019avril\u00a02022<\/a>, avant de stopper le chantier en mars\u00a02023. Aujourd\u2019hui, les d\u00e9bats portent sur la derni\u00e8re expertise judiciaire qui \u00e9voque autant les aspects techniques que financiers. Une <strong>expertise judiciaire<\/strong> que les \u00e9lus de la majorit\u00e9 m\u00e9tropolitaine<strong> d\u00e9noncent tant sur la forme que sur le fond<\/strong>.<\/p>\n<p>Des doutes sur la conception et la r\u00e9alisation du montage des chaudi\u00e8res<\/p>\n<p class=\" wall-content\">Pour rappel, apr\u00e8s plusieurs <strong>doutes <\/strong>sur la conception et la r\u00e9alisation du<strong> montage des chaudi\u00e8res<\/strong>, confirm\u00e9s \u00e0 travers l\u2019intervention de cabinets d\u2019expertises, la <a href=\"https:\/\/actu.fr\/bretagne\/rennes_35238\/usine-d-incineration-a-rennes-on-n-imaginait-pas-que-ca-irait-aussi-loin-regrette-la-metropole_61172962.html\" rel=\"nofollow noopener\" target=\"_blank\">M\u00e9tropole met en \u0153uvre l\u2019ordre de service, pr\u00e9vu au contrat, pour interrompre les travaux<\/a>, en mars\u00a02023.<\/p>\n<p class=\" wall-content\">D\u00e8s <strong>d\u00e9cembre\u00a02023<\/strong>, la Justice d\u00e9signe un <strong>expert judiciaire.<\/strong> Il rend un premier <strong>rapport en mai\u00a02024<\/strong> sur les aspects techniques et les pr\u00e9judices. Ce rapport <strong>valide<\/strong> les choix constructifs de <strong>Ruths<\/strong>.<\/p>\n<p>Quatre expertises dans le sens de la M\u00e9tropole<\/p>\n<p class=\" wall-content\">En<strong> janvier\u00a02024<\/strong>, les services de l\u2019\u00c9tat, de leur c\u00f4t\u00e9, mandatent un bureau d\u2019\u00e9tudes afin de produire une <strong>autre expertise.<\/strong> Cette derni\u00e8re irait <strong>dans le sens de la M\u00e9tropole, comme trois autres expertises<\/strong> men\u00e9es plus t\u00f4t, toujours pour le compte de la M\u00e9tropole,<strong> indique Laurent Hamon,<\/strong> vice-pr\u00e9sident en charge des d\u00e9chets.<\/p>\n<p class=\" wall-content\">Ce dernier a tenu \u00e0 revenir sur les <strong>\u00e9l\u00e9ments mis en avant par l\u2019expert judiciaire,<\/strong> jeudi 5\u00a0f\u00e9vrier 2026, en amont du conseil m\u00e9tropolitain, apr\u00e8s la parution dans la presse ces derni\u00e8res semaines d\u2019informations du rapport qui <strong>remettaient en cause les choix de la M\u00e9tropole<\/strong>.<\/p>\n<p>Des dommages estim\u00e9s \u00e0 116\u00a0millions d\u2019euros pour Rennes M\u00e9tropole<\/p>\n<p class=\" wall-content\">Dans son <strong>rapport compl\u00e9mentaire<\/strong> remis \u00e0 la justice en <strong>novembre\u00a02025<\/strong>, l\u2019expert judiciaire estime les <strong>dommages financiers<\/strong> totaux pour la M\u00e9tropole \u00e0 <strong>116\u00a0millions d\u2019euros<\/strong>, soit plus du double du budget initial de modernisation de l\u2019incin\u00e9rateur (111\u00a0millions d\u2019euros).<\/p>\n<p>Votre r\u00e9gion, votre actu !<\/p>\n<p>Recevez chaque jour les infos qui comptent pour vous.<\/p>\n<p>\t<a href=\"https:\/\/actu.fr\/newsletter\" class=\"ac-btn ac-btn--corner ac-btn--medium ac-btn--blue800\" rel=\"nofollow noopener\" target=\"_blank\">S&rsquo;incrire<\/a><\/p>\n<p class=\" wall-content\">Il ne <strong>rel\u00e8ve qu\u2019une \u00ab\u2009seule non-conformit\u00e9 r\u00e9dactionnelle mineure\u2009\u00bb<\/strong>\u2009: \u00ab\u2009Rennes M\u00e9tropole n\u2019avait pas l\u2019exp\u00e9rience m\u00e9tier dans ces domaines de la m\u00e9tallurgie lourde et de la tuyauterie\/chaudronnerie industrielle.\u2009\u00bb<\/p>\n<p>L\u2019expert \u00ab\u2009a fait du hors-piste\u2009\u00bb<\/p>\n<p class=\" wall-content\">\u00ab\u00a0Rennes M\u00e9tropole a <strong>contest\u00e9 tous les \u00e9l\u00e9ments de ce rapport\u00a0\u00bb<\/strong>, assure Laurent Hamon. \u00ab\u00a0L\u2019expert n\u2019a pas r\u00e9pondu aux contestations. Il a fait du hors-piste. C\u2019est un rapport \u00e0 charge.\u2009\u00bb<\/p>\n<blockquote class=\"ac-article-quote wall-content\">\n<p>Sur l&rsquo;aspect financier dans ce dossier, il n&rsquo;y a rien qui va. On a des factures pour estimer le pr\u00e9judice de Ruths qui concernent des exc\u00e8s de vitesse, des achats de bouteilles de vin, de tequila, des factures de nettoyage d&rsquo;appartements, des doubles factures.<\/p>\n<p>    <strong>Laurent Hamon<\/strong><br \/>\n        Vice-pr\u00e9sident de Rennes M\u00e9tropole en charge des d\u00e9chets    <\/p><\/blockquote>\n<p class=\" wall-content\">L\u2019\u00e9lu explique que, d\u00e8s le d\u00e9part, la collectivit\u00e9 a interrog\u00e9 les techniques utilis\u00e9es, mais qui ne sont pas pour autant interdites. \u00ab\u2009<strong>100\u2009% des soudures<\/strong> r\u00e9alis\u00e9es entre les diff\u00e9rents \u00e9l\u00e9ments de tuyauterie ne <strong>respectent pas les normes de qualit\u00e9<\/strong>.\u2009\u00bb<\/p>\n<p>La technologie de soudure qui devait \u00eatre appliqu\u00e9e pas respect\u00e9e<\/p>\n<p class=\" wall-content\">Pour preuve, avec le remplacement de ces \u00e9l\u00e9ments par la nouvelle entreprise charg\u00e9e de finir le chantier, pour une <strong>remise en route pr\u00e9vue \u00e0 l\u2019\u00e9t\u00e9 2026,<\/strong> la M\u00e9tropole a voulu montrer, \u00e0 travers des \u00e9chantillons apport\u00e9s en conf\u00e9rence de presse, que l\u2019entreprise Ruths n\u2019avait pas respect\u00e9 la technologie de soudure qui devait \u00eatre appliqu\u00e9e telle que d\u00e9crite dans les documents de base fournis \u00e0 la collectivit\u00e9.<\/p>\n<p>    <img   decoding=\"async\" loading=\"lazy\" src=\"https:\/\/www.europesays.com\/fr\/wp-content\/uploads\/2026\/02\/incinerateur-de-villejean-rennes-ruths-960x640.jpeg\" alt=\"d\" width=\"960\" height=\"640\"\/><br \/>\n    Sur cette coupure d\u2019\u00e9l\u00e9ment de tuyauterie de la chaudi\u00e8re r\u00e9alis\u00e9e par Ruths, la M\u00e9tropole estime que les soudures ont \u00e9t\u00e9 mal faites, avec du vide \u00e0 certains endroits, et auraient pu avoir des cons\u00e9quences sur la s\u00e9curit\u00e9 du site. (\u00a9 Brian Le Goff \/ actu Rennes)<\/p>\n<p class=\" wall-content\"><strong>Quand<\/strong> la M\u00e9tropole a eu les<strong> premiers doutes<\/strong>, elle a donc<strong> demand\u00e9 le dossier de conception<\/strong> \u00e0 Ruths \u2013 dossier qui est normalement remis \u00e0 la fin du chantier \u2013 et a mis <strong>trois mois \u00e0 avoir<\/strong> une premi\u00e8re version, qui a \u00e9t\u00e9 <strong>r\u00e9vis\u00e9e \u00e0 deux reprises<\/strong>.<\/p>\n<p class=\" wall-content\">Finalement, c\u2019est la mani\u00e8re dont ont \u00e9t\u00e9 r\u00e9alis\u00e9es certaines op\u00e9rations et non la technicit\u00e9 de base de l\u2019entreprise que remet en cause la M\u00e9tropole depuis le d\u00e9but du litige.<\/p>\n<p>La M\u00e9tropole engagera bient\u00f4t une proc\u00e9dure judiciaire<\/p>\n<p class=\" wall-content\">Cette derni\u00e8re compte bien engager une proc\u00e9dure judiciaire <strong>au moment de la remise en route de l\u2019infrastructure<\/strong>, d\u2019ici quelques mois, contre Ruths, pour faire valoir son pr\u00e9judice, confirme Laurent Hamon.<\/p>\n<p class=\" wall-content\">Dans son rapport, l\u2019expert judiciaire soulignait \u00e9galement \u00ab\u2009les<strong> pertes de garanties<\/strong> et les<strong> tr\u00e8s probables difficult\u00e9s<\/strong> pendant les trois <strong>premi\u00e8res ann\u00e9es<\/strong> d\u2019exploitation\u2009\u00bb du fait que \u00ab\u2009les installations seront rest\u00e9es sans mise sous cocon pendant trois ann\u00e9es cons\u00e9cutives\u2009\u00bb en raison des d\u00e9cisions d\u2019arr\u00eat brutal des travaux par la M\u00e9tropole.<\/p>\n<p class=\" wall-content\">En tout \u00e9tat de cause, ce sont les services de l\u2019\u00c9tat qui donneront l\u2019autorisation de relancer l\u2019usine l\u2019\u00e9t\u00e9 prochain, \u00e0 partir des expertises \u00e0 disposition.<\/p>\n<p class=\" wall-content\">Personnalisez votre actualit\u00e9 en ajoutant vos villes et m\u00e9dias en favori avec <a href=\"https:\/\/moncompte.actu.fr\" title=\"D\u00e9couvez Mon Actu\" rel=\"nofollow noopener\" data-trk=\"{&quot;cta&quot;:{&quot;action&quot;:&quot;https:\\\/\\\/moncompte.actu.fr&quot;,&quot;category&quot;:&quot;mon compte&quot;,&quot;from&quot;:&quot;article footer&quot;,&quot;name&quot;:&quot;Mon actu&quot;,&quot;type&quot;:&quot;cta&quot;}}\" target=\"_blank\">Mon Actu<\/a>.<\/p>\n","protected":false},"excerpt":{"rendered":"Par Brian Le Goff Publi\u00e9 le 6 f\u00e9vr. 2026 \u00e0 14h55 Le sujet n\u2019en finit plus d\u2019alimenter les&hellip;\n","protected":false},"author":2,"featured_media":715849,"comment_status":"","ping_status":"","sticky":false,"template":"","format":"standard","meta":{"footnotes":""},"categories":[2821],"tags":[1111,11,829,3008,33,1777,674,1011,27,12,584,25,5375],"class_list":{"0":"post-715848","1":"post","2":"type-post","3":"status-publish","4":"format-standard","5":"has-post-thumbnail","7":"category-rennes","8":"tag-actu","9":"tag-actualites","10":"tag-bretagne","11":"tag-dechets","12":"tag-economie","13":"tag-eu","14":"tag-europe","15":"tag-fr","16":"tag-france","17":"tag-news","18":"tag-rennes","19":"tag-republique-francaise","20":"tag-villejean"},"share_on_mastodon":{"url":"https:\/\/pubeurope.com\/@fr\/116024110222819880","error":""},"_links":{"self":[{"href":"https:\/\/www.europesays.com\/fr\/wp-json\/wp\/v2\/posts\/715848","targetHints":{"allow":["GET"]}}],"collection":[{"href":"https:\/\/www.europesays.com\/fr\/wp-json\/wp\/v2\/posts"}],"about":[{"href":"https:\/\/www.europesays.com\/fr\/wp-json\/wp\/v2\/types\/post"}],"author":[{"embeddable":true,"href":"https:\/\/www.europesays.com\/fr\/wp-json\/wp\/v2\/users\/2"}],"replies":[{"embeddable":true,"href":"https:\/\/www.europesays.com\/fr\/wp-json\/wp\/v2\/comments?post=715848"}],"version-history":[{"count":0,"href":"https:\/\/www.europesays.com\/fr\/wp-json\/wp\/v2\/posts\/715848\/revisions"}],"wp:featuredmedia":[{"embeddable":true,"href":"https:\/\/www.europesays.com\/fr\/wp-json\/wp\/v2\/media\/715849"}],"wp:attachment":[{"href":"https:\/\/www.europesays.com\/fr\/wp-json\/wp\/v2\/media?parent=715848"}],"wp:term":[{"taxonomy":"category","embeddable":true,"href":"https:\/\/www.europesays.com\/fr\/wp-json\/wp\/v2\/categories?post=715848"},{"taxonomy":"post_tag","embeddable":true,"href":"https:\/\/www.europesays.com\/fr\/wp-json\/wp\/v2\/tags?post=715848"}],"curies":[{"name":"wp","href":"https:\/\/api.w.org\/{rel}","templated":true}]}}