{"id":715850,"date":"2026-02-06T14:16:09","date_gmt":"2026-02-06T14:16:09","guid":{"rendered":"https:\/\/www.europesays.com\/fr\/715850\/"},"modified":"2026-02-06T14:16:09","modified_gmt":"2026-02-06T14:16:09","slug":"elections-municipales-2026-ici-alsace-se-mobilise-pour-les-elections-municipales","status":"publish","type":"post","link":"https:\/\/www.europesays.com\/fr\/715850\/","title":{"rendered":"Elections municipales 2026, ICI Alsace se mobilise pour les \u00e9lections municipales"},"content":{"rendered":"<p>Fid\u00e8le \u00e0 sa mission d&rsquo;information de proximit\u00e9 et d&rsquo;\u00e9changes, ICI Alsace, votre radio locale, renforce son engagement en proposant une programmation sp\u00e9ciale pour les \u00e9lections municipales 2026.<\/p>\n<p>Depuis le d\u00e9but de l&rsquo;ann\u00e9e, ICI Alsace est mobilis\u00e9e pour vous informer au plus pr\u00e8s\u00a0 de l&rsquo;actualit\u00e9 de la campagne\u00a0:\u00a0annonces de candidatures, actualit\u00e9s des listes, et des candidatures dans les communes, enjeux locaux (environnement, s\u00e9curit\u00e9\u2026).<\/p>\n<p>Tout particuli\u00e8rement, votre rendez-vous\u00a0<a class=\"IciLink ici-link IciArticleLink g-ici-body-regular-1 underline brand svelte-1chfe2s\" href=\"https:\/\/www.francebleu.fr\/emissions\/l-info-d-ici-ici-alsace\" target=\"_blank\" rel=\"noopener\"><strong>L&rsquo;info d&rsquo;ici<\/strong><\/a>\u00a0\u00e0 6h30 et 8h30 fait un focus depuis d\u00e9but janvier tous les lundis matins en mettant en avant un th\u00e8me\u00a0: l l&rsquo;\u00e9cole, le logement- des sujets d\u00e9clin\u00e9s \u00e9galement sur ici.fr\/radio\/alsace et sur nos r\u00e9seaux sociaux\/<\/p>\n<p>Des d\u00e9bats avec France 3<\/p>\n<p>ICI Alsace s&rsquo;associe avec France 3 Alsace pour trois d\u00e9bats<\/p>\n<ul>\n<li>Mercredi 4 mars\u00a0: <strong>Mulhouse<\/strong> avec Patrick Genthon<\/li>\n<li>Mercredi 11 mars\u00a0: <strong>Strasbourg<\/strong> avec Magali Fichter<\/li>\n<li>Mercredi 18 mars entre les deux tours\u00a0: <strong>Strasbourg<\/strong> avec Magali Fichter<\/li>\n<\/ul>\n<p>Ces d\u00e9bats propos\u00e9s sur France 3 \u00e0 18h15 seront \u00e9galement diffus\u00e9s en direct sur notre site internet\u00a0<a class=\"IciLink ici-link IciArticleLink g-ici-body-regular-1 underline brand svelte-1chfe2s\" href=\"https:\/\/www.francebleu.fr\/radio\/alsace\" target=\"_blank\" rel=\"noopener\">ici.fr\/radio\/alsace<\/a>,<br \/>des extraits des meilleurs moments et temps forts vous seront propos\u00e9s d\u00e8s le lendemain dans la matinale entre 6h et 9h. Reprise d\u2019extraits des d\u00e9bats dans notre matinale<\/p>\n<p>Des matinales sp\u00e9ciales post-scrutin<\/p>\n<p>Les lundis 16 et 23 mars, la radio proposera deux matinales sp\u00e9ciales, consacr\u00e9es au\u00a0d\u00e9cryptage des r\u00e9sultats et \u00e0 leurs impacts sur la vie locale. Au programme les r\u00e9sultats d\u00e9finitifs d\u00e9taill\u00e9s, des analyses, des r\u00e9actions des nouveaux \u00e9lus et des citoyens.<\/p>\n","protected":false},"excerpt":{"rendered":"Fid\u00e8le \u00e0 sa mission d&rsquo;information de proximit\u00e9 et d&rsquo;\u00e9changes, ICI Alsace, votre radio locale, renforce son engagement en&hellip;\n","protected":false},"author":2,"featured_media":715851,"comment_status":"","ping_status":"","sticky":false,"template":"","format":"standard","meta":{"footnotes":""},"categories":[2820],"tags":[1111,11,1777,674,1011,27,775,12,25,640],"class_list":{"0":"post-715850","1":"post","2":"type-post","3":"status-publish","4":"format-standard","5":"has-post-thumbnail","7":"category-strasbourg","8":"tag-actu","9":"tag-actualites","10":"tag-eu","11":"tag-europe","12":"tag-fr","13":"tag-france","14":"tag-grand-est","15":"tag-news","16":"tag-republique-francaise","17":"tag-strasbourg"},"share_on_mastodon":{"url":"https:\/\/pubeurope.com\/@fr\/116024114161723738","error":""},"_links":{"self":[{"href":"https:\/\/www.europesays.com\/fr\/wp-json\/wp\/v2\/posts\/715850","targetHints":{"allow":["GET"]}}],"collection":[{"href":"https:\/\/www.europesays.com\/fr\/wp-json\/wp\/v2\/posts"}],"about":[{"href":"https:\/\/www.europesays.com\/fr\/wp-json\/wp\/v2\/types\/post"}],"author":[{"embeddable":true,"href":"https:\/\/www.europesays.com\/fr\/wp-json\/wp\/v2\/users\/2"}],"replies":[{"embeddable":true,"href":"https:\/\/www.europesays.com\/fr\/wp-json\/wp\/v2\/comments?post=715850"}],"version-history":[{"count":0,"href":"https:\/\/www.europesays.com\/fr\/wp-json\/wp\/v2\/posts\/715850\/revisions"}],"wp:featuredmedia":[{"embeddable":true,"href":"https:\/\/www.europesays.com\/fr\/wp-json\/wp\/v2\/media\/715851"}],"wp:attachment":[{"href":"https:\/\/www.europesays.com\/fr\/wp-json\/wp\/v2\/media?parent=715850"}],"wp:term":[{"taxonomy":"category","embeddable":true,"href":"https:\/\/www.europesays.com\/fr\/wp-json\/wp\/v2\/categories?post=715850"},{"taxonomy":"post_tag","embeddable":true,"href":"https:\/\/www.europesays.com\/fr\/wp-json\/wp\/v2\/tags?post=715850"}],"curies":[{"name":"wp","href":"https:\/\/api.w.org\/{rel}","templated":true}]}}