{"id":715852,"date":"2026-02-06T14:17:12","date_gmt":"2026-02-06T14:17:12","guid":{"rendered":"https:\/\/www.europesays.com\/fr\/715852\/"},"modified":"2026-02-06T14:17:12","modified_gmt":"2026-02-06T14:17:12","slug":"micro-giboulees-par-court-spectacle-a-strasbourg","status":"publish","type":"post","link":"https:\/\/www.europesays.com\/fr\/715852\/","title":{"rendered":"Micro giboulees : \u201cPar court\u201d : Spectacle a Strasbourg"},"content":{"rendered":"<p>\t\t\t\t\t\t\t\t\t<a href=\"https:\/\/www.dna.fr\/pour-sortir\/loisirs\/Spectacle-theatre-conte\/Autres-spectacles\/Alsace\/Bas-rhin\/Strasbourg\/2026\/03\/13\/javascript:history.back();\" rel=\"nofollow noopener\" class=\"backToSearch\" target=\"_blank\">Retour \u00e0 la recherche<\/a><\/p>\n<p class=\"media-desc\" itemprop=\"description\">&#13;<br \/>\n\t\t\t\t\tTrois artistes pr\u00e9sentent chacun une repr\u00e9sentation courte, comme un avant-go\u00fbt de spectacles en pr\u00e9paration, un parcours propos\u00e9 au public pour d\u00e9couvrir ces artistes, leurs recherches et leurs gestes de cr\u00e9ation et en \u00e9changer avec eux sur le vif.&#13;<br \/>\n\t\t\t\t\t\t\t\t\t\t\t&#13;<br \/>\n\t\t\t\t\t\t\t\t\t\t\u201cJ\u2019existe, donc je brille\u201d par N\u00f6x\u00efm\u00e4 Marley.  Apr\u00e8s \u201cDrag\u2019liseuse\u201d, N\u00f6x\u00efm\u00e4 Marley revient avec une performance m\u00ealant rire, fragilit\u00e9 et exub\u00e9rance. L\u2019artiste convoque ses souvenirs et raconte son parcours de Drag Queen, transformant la sc\u00e8ne en confessionnal Queer, en piste de danse int\u00e9rieure, en un miroir des identit\u00e9s mouvantes. \u201cN\u00e9e \u00e9tonn\u00e9e\u201d par Delphine Lanson. Que se passe-t-il quand, dans les vies agit\u00e9es, nous cherchons \u00e0 tout prix le repos sans jamais y parvenir ? Dans cette pi\u00e8ce po\u00e9tique, deux circassiens mettent en sc\u00e8ne cette qu\u00eate d\u2019harmonie et s\u2019interrogent. Et si le seul refuge n\u2019\u00e9tait finalement pas d\u2019accepter le mouvement ? \u201cLa pens\u00e9e du caillou\u201d par Blanche Lorentz. Blanche Lorentz explore, \u00e0 travers les cailloux, la solitude, l\u2019effort, la disparition. Chaque caillou, cassure d\u2019une roche, porte des traces de chocs, comme nos \u201ccailloux int\u00e9rieurs\u201d.&#13;\n\t\t\t\t  <\/p>\n","protected":false},"excerpt":{"rendered":"Retour \u00e0 la recherche &#13; Trois artistes pr\u00e9sentent chacun une repr\u00e9sentation courte, comme un avant-go\u00fbt de spectacles en&hellip;\n","protected":false},"author":2,"featured_media":715853,"comment_status":"","ping_status":"","sticky":false,"template":"","format":"standard","meta":{"footnotes":""},"categories":[2820],"tags":[1111,11,1777,674,1011,27,775,12,25,640],"class_list":{"0":"post-715852","1":"post","2":"type-post","3":"status-publish","4":"format-standard","5":"has-post-thumbnail","7":"category-strasbourg","8":"tag-actu","9":"tag-actualites","10":"tag-eu","11":"tag-europe","12":"tag-fr","13":"tag-france","14":"tag-grand-est","15":"tag-news","16":"tag-republique-francaise","17":"tag-strasbourg"},"share_on_mastodon":{"url":"https:\/\/pubeurope.com\/@fr\/116024118085055769","error":""},"_links":{"self":[{"href":"https:\/\/www.europesays.com\/fr\/wp-json\/wp\/v2\/posts\/715852","targetHints":{"allow":["GET"]}}],"collection":[{"href":"https:\/\/www.europesays.com\/fr\/wp-json\/wp\/v2\/posts"}],"about":[{"href":"https:\/\/www.europesays.com\/fr\/wp-json\/wp\/v2\/types\/post"}],"author":[{"embeddable":true,"href":"https:\/\/www.europesays.com\/fr\/wp-json\/wp\/v2\/users\/2"}],"replies":[{"embeddable":true,"href":"https:\/\/www.europesays.com\/fr\/wp-json\/wp\/v2\/comments?post=715852"}],"version-history":[{"count":0,"href":"https:\/\/www.europesays.com\/fr\/wp-json\/wp\/v2\/posts\/715852\/revisions"}],"wp:featuredmedia":[{"embeddable":true,"href":"https:\/\/www.europesays.com\/fr\/wp-json\/wp\/v2\/media\/715853"}],"wp:attachment":[{"href":"https:\/\/www.europesays.com\/fr\/wp-json\/wp\/v2\/media?parent=715852"}],"wp:term":[{"taxonomy":"category","embeddable":true,"href":"https:\/\/www.europesays.com\/fr\/wp-json\/wp\/v2\/categories?post=715852"},{"taxonomy":"post_tag","embeddable":true,"href":"https:\/\/www.europesays.com\/fr\/wp-json\/wp\/v2\/tags?post=715852"}],"curies":[{"name":"wp","href":"https:\/\/api.w.org\/{rel}","templated":true}]}}