{"id":715856,"date":"2026-02-06T14:19:12","date_gmt":"2026-02-06T14:19:12","guid":{"rendered":"https:\/\/www.europesays.com\/fr\/715856\/"},"modified":"2026-02-06T14:19:12","modified_gmt":"2026-02-06T14:19:12","slug":"patissier-employe-de-supermarche-a-nice-et-sur-la-cote-dazur-de-nombreuses-offres-demploi-a-pourvoir-avec-ou-sans-diplomes","status":"publish","type":"post","link":"https:\/\/www.europesays.com\/fr\/715856\/","title":{"rendered":"P\u00e2tissier, employ\u00e9 de supermarch\u00e9&#8230; \u00c0\u00a0Nice et sur la C\u00f4te d\u2019Azur, de nombreuses offres d\u2019emploi \u00e0\u00a0pourvoir, avec ou sans dipl\u00f4mes"},"content":{"rendered":"<p><strong>Des centaines d\u2019annonces sont actuellement en ligne dans les Alpes-Maritimes. Pour les personnes \u00e0\u00a0la recherche d\u2019un emploi, voici quelques propositions qui ne demandent pas forc\u00e9ment de grandes qualifications, l\u2019opportunit\u00e9 d\u2019entamer un nouveau chapitre de votre carri\u00e8re professionnelle.<\/strong><\/p>\n<p>Sur la C\u00f4te d\u2019Azur, les salari\u00e9s sont attach\u00e9s \u00e0\u00a0leur territoire. Diverses \u00e9tudes ont montr\u00e9 que Nice et ses alentours sont\u00a0<a href=\"https:\/\/nicepresse.com\/emplois-nice-resiste-aux-envies-dailleurs-pourquoi-tant-dactifs-preferent-rester-sur-la-cote-dazur-malgre-une-forte-tendance-nationale\/\" rel=\"nofollow noopener\" target=\"_blank\">appr\u00e9ci\u00e9s des travailleurs<\/a>. Une app\u00e9tence qui s\u2019explique par un cadre de vie envi\u00e9 qui \u00e9loigne (un peu) de l\u2019anxi\u00e9t\u00e9. Ce qui est d\u00e9montr\u00e9 par <a href=\"https:\/\/nicepresse.com\/la-banane-au-travail-dans-un-pays-marque-par-lanxiete-professionnelle-nice-affiche-des-chiffres-qui-detonnent-et-fait-figure-dexception\/\" rel=\"nofollow noopener\" target=\"_blank\">ce tout r\u00e9cent barom\u00e8tre<\/a>.<\/p>\n<p>Vous pouvez, vous aussi, y\u00a0trouver votre place et un futur job. Les annonces sont l\u00e9gion et assez vari\u00e9es, bien que la restauration et l\u2019h\u00f4tellerie restent majoritaires. D\u2019autres secteurs ont \u00e9galement besoin de bras avant le printemps.<\/p>\n<p>Dans la capitale maralpine par exemple, le p\u00e2tissier Le Vanillier, enseigne historique depuis 1993, attend un ouvrier-p\u00e2tissier. La place est disponible imm\u00e9diatement, pour peu que vous \u00ab\u00a0ma\u00eetrisiez les classiques\u00a0\u00bb fran\u00e7ais. Aucune exp\u00e9rience pr\u00e9alable n\u2019est demand\u00e9e. Vous pouvez d\u00e9poser votre CV \u00e0\u00a0la boutique &#8211; 7\u00a0avenue Auber &#8211; ou bien postuler par mail\u00a0: contact@\u200bpatisserie-\u200bnice.\u200bfr (<a href=\"https:\/\/fr.indeed.com\/viewjob?cmp=P%25C3%2582TISSERIE-LE-VANILLIER&amp;t=P%C3%A2tissier&amp;jk=3f12b07daa0f67c3&amp;xpse=SoBR67I3nUgRvcW9gZ0LbzkdCdPP&amp;xfps=99ccea14-71c6-4708-9410-79edf8a401fe&amp;xkcb=SoB267M3nUgSH1R2K50IbzkdCdPP&amp;vjs=3&amp;fbclid=IwY2xjawPysPFleHRuA2FlbQIxMABicmlkETFJU2dmZjBRaDlTeExmRlI2c3J0YwZhcHBfaWQQMjIyMDM5MTc4ODIwMDg5MgABHsMtNZCKhjrooVidCM-lntBUtl-RqhL_v8aB0Cm0LhVtMqo0gXvatCrfK0rT_aem_oyYFpejOw3qgVj3tgoL6Ig\" target=\"_blank\" rel=\"noopener nofollow\">plus d\u2019informations<\/a>).<\/p>\n<p>Super U\u00a0recrute \u00e0\u00a0Menton<\/p>\n<p>On trouve \u00e9galement des propositions pour des postes \u00ab\u00a0moins techniques\u00a0\u00bb. Du c\u00f4t\u00e9 <a href=\"https:\/\/nicepresse.com\/a-menton-et-roquebrune-laddition-nest-pas-la-meme-dans-tous-vos-supermarches-voici-la-ou-les-courses-coutent-vraiment-plus-cher\/\" rel=\"nofollow noopener\" target=\"_blank\">de Menton<\/a>, le Super U\u00a0de Garavan cherche un employ\u00e9 polyvalent au plus vite. Cela va de la caisse \u00e0\u00a0la pr\u00e9paration de commandes, principalement l\u2019apr\u00e8s-midi (13-19 heures) et les dimanches durant l\u2019\u00e9t\u00e9. Les d\u00e9butants sont accept\u00e9s (<a href=\"https:\/\/candidat.francetravail.fr\/offres\/recherche\/detail\/203JDCJ\" target=\"_blank\" rel=\"noopener nofollow\">lien web<\/a>).<\/p>\n<p>En cette p\u00e9riode hivernale, les maisons de retraite du 06 sont en manque de personnel. Parmi elles, Le Clos des Oliviers \u00e0\u00a0la Trinit\u00e9 est en qu\u00eate d\u2019un infirmier et d\u2019un agent technique. Pour le premier poste, les n\u00e9o-dipl\u00f4m\u00e9s peuvent postuler (<a href=\"https:\/\/www.facebook.com\/Trouverduboulotdansle06\/posts\/pfbid0rxcw2bs7PKM8kU57jRj7QGXGydUn4qCDx5Mz69oKNsaUmuAgHa5mH1iHiZxntc6sl\" target=\"_blank\" rel=\"noopener nofollow\">la fiche<\/a>).<\/p>\n<p>\u00ab\u00a0Job dating\u00a0\u00bb au Cannet<\/p>\n<p>Nous pouvons signaler un \u00e9v\u00e8nement qui se tiendra au Cannet le 23 f\u00e9vrier prochain. L\u2019entreprise Castorama organise un job dating de 9\u00a0heures \u00e0\u00a0midi. Elle scrute plusieurs profils afin de compl\u00e9ter les effectifs des rayons peinture, d\u00e9coration et jardin. Sur place, les recruteurs vous proposeront un entretien individuel (<a href=\"https:\/\/mesevenementsemploi.francetravail.fr\/mes-evenements-emploi\/evenement\/587534\/job-dating-cdd-boostez-votre-experience-avec-l-entreprise-castorama-du-cannet-le-cannet?fbclid=IwY2xjawPytidleHRuA2FlbQIxMABicmlkETFJU2dmZjBRaDlTeExmRlI2c3J0YwZhcHBfaWQQMjIyMDM5MTc4ODIwMDg5MgABHjLdTGh4UNg1yL84ery_RbPQKuX87hGyQ_dQ3jkFHhJDt7CN4HxQvya7Ync2_aem_-Z7a25cOMAzQkLoRFp2QZg\" target=\"_blank\" rel=\"noopener nofollow\">pour vous inscrire<\/a>). <\/p>\n<p><strong>\u00c0 lire aussi\u00a0:<\/strong> <a href=\"https:\/\/nicepresse.com\/alternance-orientation-premiers-contrats-un-rendez-vous-cle-pour-les-jeunes-a-nice-ce-week-end\/\" rel=\"nofollow noopener\" target=\"_blank\">Alternance, orientation, premiers contrats\u2026 un rendez-vous cl\u00e9 pour les jeunes \u00e0\u00a0Nice ce week-end<\/a><\/p>\n<p>Enfin, sachez que les municipalit\u00e9s embauchent tr\u00e8s r\u00e9guli\u00e8rement de la main-d\u2019\u0153uvre.<\/p>\n<p><a href=\"https:\/\/www.nice.fr\/lieux\/musee-massena\/\" rel=\"nofollow noopener\" target=\"_blank\"><img loading=\"lazy\" decoding=\"async\" width=\"300\" height=\"300\" src=\"data:image\/svg+xml,%3Csvg%20xmlns=\" http:=\"\" alt=\"\" class=\"wp-image-263195\" data-lazy-src=\"https:\/\/www.europesays.com\/fr\/wp-content\/uploads\/2026\/01\/VILLA-MASSENA-300x300-9-25-nicepress.jpg\"\/><\/a><\/p>\n<p>Mougins aimerait d\u00e9nicher un ATSEM\u00a0pour mars (<a href=\"https:\/\/mougins.fr\/la-ville-de-mougins-recrute-une-atsem-pour-le-service-des-affaires-scolaires-h-f\/?fbclid=IwY2xjawPyuFFleHRuA2FlbQIxMABicmlkETFJU2dmZjBRaDlTeExmRlI2c3J0YwZhcHBfaWQQMjIyMDM5MTc4ODIwMDg5MgABHiBQoiMa4GZLB0kx5uX_tJhoCLoox67evArOzTlnHARmeAdHToWwGJ7M5pHl_aem_8azWoWPfXkxtWNtbJ4jK-Q\" target=\"_blank\" rel=\"noopener nofollow\">d\u00e9tails<\/a>) et un agent technique pour participer \u00e0\u00a0la mise en place des c\u00e9r\u00e9monies et festivit\u00e9s (<a href=\"https:\/\/mougins.fr\/la-ville-de-mougins-recrute-un-agent-technique-polyvalent-pour-le-service-logistique-h-f-5\/?fbclid=IwY2xjawPyuNdleHRuA2FlbQIxMABicmlkETFJU2dmZjBRaDlTeExmRlI2c3J0YwZhcHBfaWQQMjIyMDM5MTc4ODIwMDg5MgABHiBQoiMa4GZLB0kx5uX_tJhoCLoox67evArOzTlnHARmeAdHToWwGJ7M5pHl_aem_8azWoWPfXkxtWNtbJ4jK-Q\" target=\"_blank\" rel=\"noopener nofollow\">tout ce qu\u2019il faut savoir<\/a>). \u00c0\u00a0Tourrette-Levens, on souhaite faire venir un charg\u00e9 de communication et de la culture d\u2019ici avril (<a href=\"https:\/\/www.emploi-territorial.fr\/offre\/o006260204001039-charge-communication-culture?fbclid=IwY2xjawPyudFleHRuA2FlbQIxMABicmlkETFJU2dmZjBRaDlTeExmRlI2c3J0YwZhcHBfaWQQMjIyMDM5MTc4ODIwMDg5MgABHkzxrsIuPaA7WSQbXBPUm7a3oKYyuNHwhEf8rzogeEfKN5TBeMa4O2ggWs7O_aem_ZQpar-evE06g-biH03KmXw\" target=\"_blank\" rel=\"noopener nofollow\">les informations<\/a>). Quant \u00e0\u00a0Villeneuve-Loubet, elle sollicite les comp\u00e9tences d\u2019un surveillant de baignade, entre autres (<a href=\"https:\/\/www.villeneuveloubet.fr\/rh-offres-d-emploi?fbclid=IwY2xjawPyuktleHRuA2FlbQIxMABicmlkETFJU2dmZjBRaDlTeExmRlI2c3J0YwZhcHBfaWQQMjIyMDM5MTc4ODIwMDg5MgABHnIqIoH3dRv5gnL9ChwIPtIh5By0h_mVei60cv1XhkdaYYMnQemU65NYhVhE_aem_MfiAHvqDy1aTCma7r6Dv5Q\" target=\"_blank\" rel=\"noopener nofollow\">lien web<\/a>).<\/p>\n","protected":false},"excerpt":{"rendered":"Des centaines d\u2019annonces sont actuellement en ligne dans les Alpes-Maritimes. Pour les personnes \u00e0\u00a0la recherche d\u2019un emploi, voici&hellip;\n","protected":false},"author":2,"featured_media":715857,"comment_status":"","ping_status":"","sticky":false,"template":"","format":"standard","meta":{"footnotes":""},"categories":[2819],"tags":[1111,11,1777,674,1011,27,12,2401,882,25],"class_list":{"0":"post-715856","1":"post","2":"type-post","3":"status-publish","4":"format-standard","5":"has-post-thumbnail","7":"category-nice","8":"tag-actu","9":"tag-actualites","10":"tag-eu","11":"tag-europe","12":"tag-fr","13":"tag-france","14":"tag-news","15":"tag-nice","16":"tag-provence-alpes-cote-dazur","17":"tag-republique-francaise"},"share_on_mastodon":{"url":"https:\/\/pubeurope.com\/@fr\/116024125946063836","error":""},"_links":{"self":[{"href":"https:\/\/www.europesays.com\/fr\/wp-json\/wp\/v2\/posts\/715856","targetHints":{"allow":["GET"]}}],"collection":[{"href":"https:\/\/www.europesays.com\/fr\/wp-json\/wp\/v2\/posts"}],"about":[{"href":"https:\/\/www.europesays.com\/fr\/wp-json\/wp\/v2\/types\/post"}],"author":[{"embeddable":true,"href":"https:\/\/www.europesays.com\/fr\/wp-json\/wp\/v2\/users\/2"}],"replies":[{"embeddable":true,"href":"https:\/\/www.europesays.com\/fr\/wp-json\/wp\/v2\/comments?post=715856"}],"version-history":[{"count":0,"href":"https:\/\/www.europesays.com\/fr\/wp-json\/wp\/v2\/posts\/715856\/revisions"}],"wp:featuredmedia":[{"embeddable":true,"href":"https:\/\/www.europesays.com\/fr\/wp-json\/wp\/v2\/media\/715857"}],"wp:attachment":[{"href":"https:\/\/www.europesays.com\/fr\/wp-json\/wp\/v2\/media?parent=715856"}],"wp:term":[{"taxonomy":"category","embeddable":true,"href":"https:\/\/www.europesays.com\/fr\/wp-json\/wp\/v2\/categories?post=715856"},{"taxonomy":"post_tag","embeddable":true,"href":"https:\/\/www.europesays.com\/fr\/wp-json\/wp\/v2\/tags?post=715856"}],"curies":[{"name":"wp","href":"https:\/\/api.w.org\/{rel}","templated":true}]}}