{"id":715858,"date":"2026-02-06T14:20:10","date_gmt":"2026-02-06T14:20:10","guid":{"rendered":"https:\/\/www.europesays.com\/fr\/715858\/"},"modified":"2026-02-06T14:20:10","modified_gmt":"2026-02-06T14:20:10","slug":"pres-le-nantes-un-festival-emmene-ses-spectateurs-sur-les-rives-du-mississippi","status":"publish","type":"post","link":"https:\/\/www.europesays.com\/fr\/715858\/","title":{"rendered":"Pr\u00e8s le Nantes, un festival emm\u00e8ne ses spectateurs sur les rives du Mississippi"},"content":{"rendered":"<p>                    Par<br \/>\n        <strong><br \/>\n            <a href=\"https:\/\/actu.fr\/auteur\/journaliste-sm\" title=\"Consulter tous les articles de R\u00e9daction Clisson\" rel=\"nofollow noopener\" target=\"_blank\">R\u00e9daction Clisson<\/a><br \/>\n                    <\/strong><\/p>\n<p>        Publi\u00e9 le<\/p>\n<p>            6 f\u00e9vr. 2026 \u00e0 14h24        <\/p>\n<p>La commune du <a href=\"https:\/\/actu.fr\/pays-de-la-loire\/le-bignon_44014\" rel=\"nofollow noopener\" target=\"_blank\">Bignon <\/a>(Loire-Atlantique) embarque sur les rives du Mississippi. Organis\u00e9 par le collectif Spectacles en Retz, le festival Errances r\u00e9unit cette ann\u00e9e 4 \u00e9coles de musique et <b>22 biblioth\u00e8ques r\u00e9parties sur 26 communes<\/b>. Fid\u00e8le \u00e0 sa philosophie de convergence culturelle. Le mot Mississippi signifiant \u00ab\u00a0confluence de toutes les eaux\u00a0\u00bb\u00a0en ojibw\u00e9, l\u2019une des langues des premiers peuples d\u2019Am\u00e9rique du Nord. Le festival fait dialoguer disciplines artistiques et territoires, chaque lieu apportant sa touche \u00e0 une programmation commune. <b>La biblioth\u00e8que propose cinq rendez-vous, accessibles \u00e0 tous les publics, m\u00ealant th\u00e9\u00e2tre, musique, cin\u00e9ma, jeu et chant choral.<\/b><\/p>\n<p>Le programme<\/p>\n<p class=\" wall-content\">Le festival s\u2019ouvrira vendredi 6 f\u00e9vrier avec Sur les voix du Mississippi, un spectacle \u00e0 la crois\u00e9e du th\u00e9\u00e2tre et du concert. Le duo La Voie Noire rend hommage aux grandes<b> figures f\u00e9minines afro-am\u00e9ricaines du XXe si\u00e8cle<\/b>, de Bessie Smith \u00e0 Mahalia Jackson, en passant par Nina Simone. Une plong\u00e9e sensible dans l\u2019histoire du blues et des luttes pour les droits civiques, <b>\u00e0 d\u00e9couvrir \u00e0 20 h, salle rez-de-jardin de l\u2019h\u00f4tel de ville. R\u00e9servations sur <a href=\"https:\/\/www.billetweb.fr\/la-voie-noire\" rel=\"nofollow noopener\" target=\"_blank\">www.billetweb.fr\/la-voie-noire.<\/a><\/b><\/p>\n<p class=\"ac-article-content__question wall-content\">Cin\u00e9ma, mardi 17 f\u00e9vrier.<\/p>\n<p class=\" wall-content\">La biblioth\u00e8que se transformera en salle de cin\u00e9ma pour une s\u00e9ance <b>surprise \u00e0 destination des enfants \u00e0 partir de 6 ans.<\/b> Direction la Nouvelle-Orl\u00e9ans pour un dessin anim\u00e9 dont le titre ne sera r\u00e9v\u00e9l\u00e9 qu\u2019au dernier moment. <b>De 14 h \u00e0 16 h, \u00e0 la biblioth\u00e8que. L\u2019entr\u00e9e est libre.<\/b><\/p>\n<p class=\"ac-article-content__question wall-content\">Quiz et convivialit\u00e9, jeudi 19 f\u00e9vrier.<\/p>\n<p class=\" wall-content\">Place \u00e0 la convivialit\u00e9 avec l\u2019Ap\u00e9ro Curieux, un grand quiz participatif autour du Mississippi : histoire, musique, g\u00e9ographie\u2026 Un moment ludique et gourmand, o\u00f9 chacun est invit\u00e9 \u00e0 apporter un plat \u00e0 partager. <b>Quiz \u00e0 partir de 15 ans. de 19 h \u00e0 20 h 30, Biblioth\u00e8que. L\u2019entr\u00e9e est libre.<\/b><\/p>\n<p class=\"ac-article-content__question wall-content\">Concert transmettre le blues, samedi 14 mars.<\/p>\n<p class=\" wall-content\">Une chorale \u00e9ph\u00e9m\u00e8re d\u2019une cinquantaine de choristes amateurs proposera <b>un r\u00e9cital m\u00ealant blues, soul et gospel, <\/b>sous la direction de Thomas Doucet. 11 h, Biblioth\u00e8que. tout public. L\u2019entr\u00e9e est libre.<\/p>\n<p class=\"ac-article-content__question wall-content\">Transmettre le blues, samedi 21 mars.<\/p>\n<p class=\" wall-content\">Le jeune public sera \u00e0 l\u2019honneur avec L\u00e9o d\u00e9couvre le blues, un conte musical port\u00e9 par le chanteur Grigri Blue. Entre guitare, harmonica et marionnettes, petits et grands suivront L\u00e9o, <b>10 ans, dans une d\u00e9couverte vivante de l\u2019histoire du blues. 10 h 30, Biblioth\u00e8que, \u00e0 partir de 6 ans<\/b>. R\u00e9servations sur <a href=\"https:\/\/www.billetweb.fr\/leo-d%C3%A9couvre-le-blues\" rel=\"nofollow noopener\" target=\"_blank\">www.billetweb.fr\/leo-d\u00e9couvre-le-blues<\/a>.<\/p>\n<p>Vid\u00e9os : en ce moment sur Actu<\/p>\n<p class=\" wall-content\">La majorit\u00e9 des rendez-vous sont en entr\u00e9e libre, affirmant la volont\u00e9 du festival Errances de rendre la culture accessible au plus grand nombre.<\/p>\n<p class=\" wall-content\"><b>Concerts, spectacles, expositions, lectures et ateliers<\/b> jalonneront ainsi les rives imaginaires du Mississippi, du Bignon aux autres communes participantes.<\/p>\n<p>Votre r\u00e9gion, votre actu !<\/p>\n<p>Recevez chaque jour les infos qui comptent pour vous.<\/p>\n<p>\t<a href=\"https:\/\/actu.fr\/newsletter\" class=\"ac-btn ac-btn--corner ac-btn--medium ac-btn--blue800\" rel=\"nofollow noopener\" target=\"_blank\">S&rsquo;incrire<\/a><br \/>\nInformations et r\u00e9servations : <a href=\"https:\/\/www.spectacles-en-retz.com\/\" rel=\"nofollow noopener\" target=\"_blank\">spectacles-en-retz.com<\/a> \/ biblioth\u00e8que Ren\u00e9 Guy Cadou<\/p>\n<p class=\" wall-content\">Personnalisez votre actualit\u00e9 en ajoutant vos villes et m\u00e9dias en favori avec <a href=\"https:\/\/moncompte.actu.fr\" title=\"D\u00e9couvez Mon Actu\" rel=\"nofollow noopener\" data-trk=\"{&quot;cta&quot;:{&quot;action&quot;:&quot;https:\\\/\\\/moncompte.actu.fr&quot;,&quot;category&quot;:&quot;mon compte&quot;,&quot;from&quot;:&quot;article footer&quot;,&quot;name&quot;:&quot;Mon actu&quot;,&quot;type&quot;:&quot;cta&quot;}}\" target=\"_blank\">Mon Actu<\/a>.<\/p>\n","protected":false},"excerpt":{"rendered":"Par R\u00e9daction Clisson Publi\u00e9 le 6 f\u00e9vr. 2026 \u00e0 14h24 La commune du Bignon (Loire-Atlantique) embarque sur les&hellip;\n","protected":false},"author":2,"featured_media":715859,"comment_status":"","ping_status":"","sticky":false,"template":"","format":"standard","meta":{"footnotes":""},"categories":[2818],"tags":[1111,11,1697,1777,674,1011,27,1652,873,766,12,2636,25,853],"class_list":{"0":"post-715858","1":"post","2":"type-post","3":"status-publish","4":"format-standard","5":"has-post-thumbnail","7":"category-nantes","8":"tag-actu","9":"tag-actualites","10":"tag-concert","11":"tag-eu","12":"tag-europe","13":"tag-fr","14":"tag-france","15":"tag-loisirs-culture","16":"tag-musique","17":"tag-nantes","18":"tag-news","19":"tag-pays-de-la-loire","20":"tag-republique-francaise","21":"tag-spectacles"},"share_on_mastodon":{"url":"https:\/\/pubeurope.com\/@fr\/116024129892849589","error":""},"_links":{"self":[{"href":"https:\/\/www.europesays.com\/fr\/wp-json\/wp\/v2\/posts\/715858","targetHints":{"allow":["GET"]}}],"collection":[{"href":"https:\/\/www.europesays.com\/fr\/wp-json\/wp\/v2\/posts"}],"about":[{"href":"https:\/\/www.europesays.com\/fr\/wp-json\/wp\/v2\/types\/post"}],"author":[{"embeddable":true,"href":"https:\/\/www.europesays.com\/fr\/wp-json\/wp\/v2\/users\/2"}],"replies":[{"embeddable":true,"href":"https:\/\/www.europesays.com\/fr\/wp-json\/wp\/v2\/comments?post=715858"}],"version-history":[{"count":0,"href":"https:\/\/www.europesays.com\/fr\/wp-json\/wp\/v2\/posts\/715858\/revisions"}],"wp:featuredmedia":[{"embeddable":true,"href":"https:\/\/www.europesays.com\/fr\/wp-json\/wp\/v2\/media\/715859"}],"wp:attachment":[{"href":"https:\/\/www.europesays.com\/fr\/wp-json\/wp\/v2\/media?parent=715858"}],"wp:term":[{"taxonomy":"category","embeddable":true,"href":"https:\/\/www.europesays.com\/fr\/wp-json\/wp\/v2\/categories?post=715858"},{"taxonomy":"post_tag","embeddable":true,"href":"https:\/\/www.europesays.com\/fr\/wp-json\/wp\/v2\/tags?post=715858"}],"curies":[{"name":"wp","href":"https:\/\/api.w.org\/{rel}","templated":true}]}}