{"id":715860,"date":"2026-02-06T14:21:11","date_gmt":"2026-02-06T14:21:11","guid":{"rendered":"https:\/\/www.europesays.com\/fr\/715860\/"},"modified":"2026-02-06T14:21:11","modified_gmt":"2026-02-06T14:21:11","slug":"la-prefecture-valide-le-projet-du-futur-centre-de-retention-administrative","status":"publish","type":"post","link":"https:\/\/www.europesays.com\/fr\/715860\/","title":{"rendered":"la pr\u00e9fecture valide le projet du futur centre de r\u00e9tention administrative"},"content":{"rendered":"<p>\n    Le futur \u00e9tablissement nantais a \u00e9t\u00e9 d\u00e9sign\u00e9 projet d\u2019int\u00e9r\u00eat g\u00e9n\u00e9ral. Seule la demande d\u2019autorisation environnementale manque encore au dossier, avant les premiers coups de pelle attendus cet automne.<\/p>\n<p class=\"fig-paragraph\">Les retours en majorit\u00e9 n\u00e9gatifs de la consultation publique n\u2019y auront rien chang\u00e9. Le pr\u00e9fet de Loire-Atlantique,\u00a0<a href=\"http:\/\/www.lefigaro.fr\/nantes\/qui-est-fabrice-rigoulet-roze-le-nouveau-prefet-de-loire-atlantique-et-des-pays-de-la-loire-20230130\" target=\"_blank\" data-fig-type=\"Article\" rel=\"noopener\" data-gtm-custom-categorie=\"navigation\" data-gtm-custom-action=\"crossclick\" data-gtm-custom-label=\"Contextuel\" data-gtm-event=\"customEventSPE\" data-fig-domain=\"LEFIGARO\">Fabrice Rigoulet-Roze<\/a>, a sign\u00e9 mercredi 4 f\u00e9vrier un arr\u00eat\u00e9 d\u00e9signant comme projet d\u2019int\u00e9r\u00eat g\u00e9n\u00e9ral le futur\u00a0<a href=\"http:\/\/www.lefigaro.fr\/nantes\/nantes-le-projet-d-un-futur-centre-de-retention-administrative-pres-de-la-maison-d-arret-deja-fortement-decrie-20231013\" target=\"_blank\" data-fig-type=\"NewsFlash\" rel=\"noopener\" data-gtm-custom-categorie=\"navigation\" data-gtm-custom-action=\"crossclick\" data-gtm-custom-label=\"Contextuel\" data-gtm-event=\"customEventSPE\" data-fig-domain=\"LEFIGARO\">centre de r\u00e9tention administrative (CRA)<\/a>\u00a0cens\u00e9 voir le jour\u00a0<a href=\"https:\/\/www.lefigaro.fr\/nantes\" target=\"_blank\" data-fig-type=\"Section\" rel=\"sponsored noopener\" data-gtm-custom-categorie=\"navigation\" data-gtm-custom-action=\"crossclick\" data-gtm-custom-label=\"Contextuel\" data-gtm-event=\"customEventSPE\" data-fig-domain=\"LEFIGARO\">\u00e0 Nantes<\/a>. Cette d\u00e9signation permettra de garantir la r\u00e9alisation de cet \u00e9tablissement sp\u00e9cialis\u00e9 dans l\u2019accueil des immigr\u00e9s clandestins ou sans-papiers &#8211;\u00a0dont des personnes\u00a0<a href=\"http:\/\/www.lefigaro.fr\/actualite-france\/oqtf-61-des-francais-favorables-a-l-incarceration-des-individus-dangereux-a-plusieurs-milliers-de-kilometres-de-la-metropole-20250415\" target=\"_blank\" data-fig-type=\"Article\" rel=\"noopener\" data-gtm-custom-categorie=\"navigation\" data-gtm-custom-action=\"crossclick\" data-gtm-custom-label=\"Contextuel\" data-gtm-event=\"customEventSPE\" data-fig-domain=\"LEFIGARO\">sous OQTF<\/a>\u00a0&#8211; pr\u00e9sentant des risques de fuite, malgr\u00e9 les conclusions largement n\u00e9gatives de la consultation publique organis\u00e9e du 1er d\u00e9cembre au 5 janvier.<\/p>\n<p class=\"fig-paragraph\">D\u2019un co\u00fbt de 39 millions d\u2019euros, le chantier du futur CRA de Nantes avait \u00e9t\u00e9 annonc\u00e9 en octobre 2022, apr\u00e8s une rencontre organis\u00e9e sur le th\u00e8me de l\u2019ins\u00e9curit\u00e9 entre le ministre de l\u2019Int\u00e9rieur de l\u2019\u00e9poque,\u00a0<a href=\"http:\/\/www.lefigaro.fr\/politique\/il-y-a-urgence-a-s-entendre-gerald-darmanin-veut-que-son-camp-ait-choisi-son-candidat-pour-2027-a-l-ete-20260204\" target=\"_blank\" data-fig-type=\"NewsFlash\" rel=\"noopener\" data-gtm-custom-categorie=\"navigation\" data-gtm-custom-action=\"crossclick\" data-gtm-custom-label=\"Contextuel\" data-gtm-event=\"customEventSPE\" data-fig-domain=\"LEFIGARO\">G\u00e9rald Darmanin<\/a>, et la maire socialiste de Nantes,\u00a0<a href=\"http:\/\/www.lefigaro.fr\/elections\/municipales\/johanna-rolland-l-atout-municipal-du-parti-socialiste-20251130\" target=\"_blank\" data-fig-type=\"Article\" rel=\"noopener\" data-gtm-custom-categorie=\"navigation\" data-gtm-custom-action=\"crossclick\" data-gtm-custom-label=\"Contextuel\" data-gtm-event=\"customEventSPE\" data-fig-domain=\"LEFIGARO\">Johanna Rolland<\/a>. Dot\u00e9 de 140 places, il s\u2019agira du plus grand \u00e9tablissement de ce type dans le Grand Ouest. Son chantier s\u2019inscrit dans le cadre du cap fix\u00e9 par le minist\u00e8re de l\u2019Int\u00e9rieur visant \u00e0 construire 3000 places en CRA \u00e0 l\u2019horizon 2027.<\/p>\n<p>                                            <a class=\"fig-a11y-skip\" href=\"#fig-a11y-skip-main-inarticle\" data-module=\"a11y-skip\" data-context=\"was @visible\"><br \/>\n    Passer la publicit\u00e9<br \/>\n<\/a>            <\/p>\n<p>                                            Opposition de principe de la maire de Nantes<\/p>\n<p class=\"fig-paragraph\">Apr\u00e8s avoir\u00a0<a href=\"http:\/\/www.lefigaro.fr\/nantes\/creation-d-un-centre-de-retention-administrative-a-nantes-l-ambiguite-de-la-maire-critiquee-20240413\" target=\"_blank\" data-fig-type=\"NewsFlash\" rel=\"noopener\" data-gtm-custom-categorie=\"navigation\" data-gtm-custom-action=\"crossclick\" data-gtm-custom-label=\"Contextuel\" data-gtm-event=\"customEventSPE\" data-fig-domain=\"LEFIGARO\">longtemps gard\u00e9 un silence \u00e9quivoque<\/a>\u00a0sur ce projet largement d\u00e9cri\u00e9 par la gauche et par plusieurs associations,\u00a0<a href=\"http:\/\/www.lefigaro.fr\/nantes\/expulsion-d-etrangers-a-nantes-la-maire-socialiste-se-prononce-contre-le-futur-cra-mais-a-titre-personnel-20250721\" target=\"_blank\" data-fig-type=\"NewsFlash\" rel=\"noopener\" data-gtm-custom-categorie=\"navigation\" data-gtm-custom-action=\"crossclick\" data-gtm-custom-label=\"Contextuel\" data-gtm-event=\"customEventSPE\" data-fig-domain=\"LEFIGARO\">Johanna Rolland avait finalement verbalis\u00e9 en juillet dernier<\/a>\u00a0son \u00abopposition de principe, dans le pays, aux CRA\u00bb, \u00abcomme responsable politique de gauche, comme femme\u00bb et \u00abcomme citoyenne\u00bb. Mais pas comme maire de Nantes, faute de manquer de leviers juridiques pour s\u2019opposer au chantier.\u00a0<a href=\"http:\/\/www.lefigaro.fr\/nantes\/cela-va-nous-changer-la-vie-a-nantes-les-espoirs-des-policiers-vis-a-vis-du-futur-cra-20241017\" target=\"_blank\" data-fig-type=\"NewsFlash\" rel=\"noopener\" data-gtm-custom-categorie=\"navigation\" data-gtm-custom-action=\"crossclick\" data-gtm-custom-label=\"Contextuel\" data-gtm-event=\"customEventSPE\" data-fig-domain=\"LEFIGARO\">R\u00e9clam\u00e9e de longue date par le personnel policier nantais<\/a>, la pr\u00e9sence d\u2019un CRA dans l\u2019agglom\u00e9ration permettra notamment de r\u00e9duire les allers-retours chronophages vers les \u00e9tablissements de Rennes et de Bordeaux.<\/p>\n<p class=\"fig-body-link\">\n            \u00c0 lire aussi<br \/>\n        <a class=\"fig-body-link__link\" href=\"http:\/\/www.lefigaro.fr\/nantes\/nantes-l-homme-ayant-blesse-trois-policiers-apres-un-violent-refus-d-obtemperer-a-ete-mis-en-examen-20260206\" target=\"_blank\" data-fig-type=\"NewsFlash\" rel=\"noopener\" data-gtm-custom-categorie=\"navigation\" data-gtm-custom-action=\"crossclick\" data-gtm-custom-label=\"Contextuel\" data-gtm-event=\"customEventSPE\" data-fig-domain=\"LEFIGARO\"><\/p>\n<p>        Nantes\u00a0: l\u2019homme ayant bless\u00e9 trois policiers apr\u00e8s un violent refus d\u2019obtemp\u00e9rer a \u00e9t\u00e9 mis en examen<br \/>\n    <\/a>\n<\/p>\n<p class=\"fig-paragraph\">La consultation sur la cr\u00e9ation du CRA avait \u00e9t\u00e9 mise sur pied \u00e0 la fin de l\u2019ann\u00e9e derni\u00e8re par la pr\u00e9fecture de Loire-Atlantique, un pr\u00e9alable n\u00e9cessaire \u00e0 la d\u00e9signation du projet comme relevant de l\u2019int\u00e9r\u00eat g\u00e9n\u00e9ral. Le rapport de synth\u00e8se de cette consultation\u00a0<a href=\"https:\/\/www.loire-atlantique.gouv.fr\/Actions-de-l-Etat\/Projet-d-Interet-General\/Projet-de-Centre-de-retention-administrative_Nantes-qualification-de-projet-d-interet-general\" target=\"_blank\" rel=\"sponsored noopener\" data-gtm-custom-categorie=\"navigation\" data-gtm-custom-action=\"crossclick\" data-gtm-custom-label=\"Contextuel\" data-gtm-event=\"customEventSPE\">a \u00e9t\u00e9 rendu public<\/a>\u00a0le 4 f\u00e9vrier par la direction de la coordination des politiques publiques et de l\u2019appui territorial. Sur les 1022 contributions re\u00e7ues par les services de l\u2019\u00c9tat, 961 \u00e9taient d\u00e9favorables. Les motifs d\u2019opposition au projet concernaient en majorit\u00e9 des pr\u00e9occupations pour les droits des personnes et leurs conditions de r\u00e9tention, pour les enjeux environnementaux du chantier ainsi que pour son co\u00fbt financier.<\/p>\n<p class=\"fig-paragraph\">L\u2019opposition de nature environnementale avait gagn\u00e9 en importance \u00e0 la fin de l\u2019ann\u00e9e 2025, apr\u00e8s plusieurs mobilisations en faveur de la pr\u00e9servation des zones humides retenues pour le projet. Le terrain retenu, d\u2019une superficie de 4,9 hectares, se trouve sur le secteur de la zone d\u2019am\u00e9nagement concert\u00e9 (ZAC) baptis\u00e9e \u00abChamp de Man\u0153uvre\u00bb, pr\u00e8s de la maison d\u2019arr\u00eat de Nantes-Carquefou. La pr\u00e9fecture s\u2019est engag\u00e9e \u00e0 pr\u00e9server l\u2019espace bois\u00e9 class\u00e9, limitrophe \u00e0 la parcelle et dont l\u2019avenir faisait l\u2019objet d\u2019inqui\u00e9tudes. Une demande d\u2019autorisation environnementale du chantier doit encore \u00eatre d\u00e9livr\u00e9e en amont du permis de construire, attendu en juin 2026. L\u2019inauguration du CRA de Nantes n\u2019est pas attendue avant d\u00e9but 2028 au plus t\u00f4t.<\/p>\n","protected":false},"excerpt":{"rendered":"Le futur \u00e9tablissement nantais a \u00e9t\u00e9 d\u00e9sign\u00e9 projet d\u2019int\u00e9r\u00eat g\u00e9n\u00e9ral. Seule la demande d\u2019autorisation environnementale manque encore au&hellip;\n","protected":false},"author":2,"featured_media":715861,"comment_status":"","ping_status":"","sticky":false,"template":"","format":"standard","meta":{"footnotes":""},"categories":[2818],"tags":[1111,11,1777,674,1011,27,1061,766,12,2636,25],"class_list":{"0":"post-715860","1":"post","2":"type-post","3":"status-publish","4":"format-standard","5":"has-post-thumbnail","7":"category-nantes","8":"tag-actu","9":"tag-actualites","10":"tag-eu","11":"tag-europe","12":"tag-fr","13":"tag-france","14":"tag-immigration","15":"tag-nantes","16":"tag-news","17":"tag-pays-de-la-loire","18":"tag-republique-francaise"},"share_on_mastodon":{"url":"https:\/\/pubeurope.com\/@fr\/116024133785744091","error":""},"_links":{"self":[{"href":"https:\/\/www.europesays.com\/fr\/wp-json\/wp\/v2\/posts\/715860","targetHints":{"allow":["GET"]}}],"collection":[{"href":"https:\/\/www.europesays.com\/fr\/wp-json\/wp\/v2\/posts"}],"about":[{"href":"https:\/\/www.europesays.com\/fr\/wp-json\/wp\/v2\/types\/post"}],"author":[{"embeddable":true,"href":"https:\/\/www.europesays.com\/fr\/wp-json\/wp\/v2\/users\/2"}],"replies":[{"embeddable":true,"href":"https:\/\/www.europesays.com\/fr\/wp-json\/wp\/v2\/comments?post=715860"}],"version-history":[{"count":0,"href":"https:\/\/www.europesays.com\/fr\/wp-json\/wp\/v2\/posts\/715860\/revisions"}],"wp:featuredmedia":[{"embeddable":true,"href":"https:\/\/www.europesays.com\/fr\/wp-json\/wp\/v2\/media\/715861"}],"wp:attachment":[{"href":"https:\/\/www.europesays.com\/fr\/wp-json\/wp\/v2\/media?parent=715860"}],"wp:term":[{"taxonomy":"category","embeddable":true,"href":"https:\/\/www.europesays.com\/fr\/wp-json\/wp\/v2\/categories?post=715860"},{"taxonomy":"post_tag","embeddable":true,"href":"https:\/\/www.europesays.com\/fr\/wp-json\/wp\/v2\/tags?post=715860"}],"curies":[{"name":"wp","href":"https:\/\/api.w.org\/{rel}","templated":true}]}}