{"id":715866,"date":"2026-02-06T14:24:15","date_gmt":"2026-02-06T14:24:15","guid":{"rendered":"https:\/\/www.europesays.com\/fr\/715866\/"},"modified":"2026-02-06T14:24:15","modified_gmt":"2026-02-06T14:24:15","slug":"pour-2026-la-halle-de-la-machine-devoile-une-programmation-florissante-voyageuse-et-musicale","status":"publish","type":"post","link":"https:\/\/www.europesays.com\/fr\/715866\/","title":{"rendered":"pour 2026, la Halle de la Machine d\u00e9voile une programmation \u00ab\u00a0florissante, voyageuse et musicale\u00a0\u00bb"},"content":{"rendered":"<p>Une ann\u00e9e <strong>\u00ab\u00a0riche et dense\u00a0\u00bb<\/strong> : le ton est donn\u00e9 par <strong>Fran\u00e7ois Delarozi\u00e8re<\/strong>, cr\u00e9ateur du bestiaire m\u00e9canique et directeur artistique de la Compagnie La Machine, \u00e0 l\u2019occasion de la pr\u00e9sentation de la saison 2026 de la Halle de la Machine. Apr\u00e8s avoir rappel\u00e9 la belle fr\u00e9quentation de l\u2019ann\u00e9e \u00e9coul\u00e9e, qui fait du lieu <strong>\u00ab\u00a0le deuxi\u00e8me \u00e9quipement culturel le plus visit\u00e9 de Toulouse\u00a0\u00bb<\/strong>, il a d\u00e9voil\u00e9 <strong>L\u2019A\u00e9roflorale II<\/strong>. Cette nouvelle exposition, <a href=\"https:\/\/lopinion.com\/articles\/culture\/32210_turin-buenos-aires-paris-aeroflorale-ii-escale-halle-de-la-machine-toulouse\" rel=\"noopener noreferrer nofollow\" target=\"_blank\">ouverte au public \u00e0 partir de demain, samedi 7 f\u00e9vrier<\/a>, pour un an, plonge les visiteurs dans un <strong>univers v\u00e9g\u00e9tal \u00e9tonnant<\/strong>, habit\u00e9 d&rsquo;a\u00e9ronefs impressionnants, de plantes aux pouvoirs insoup\u00e7onn\u00e9s et de botanistes farfelus.<\/p>\n<p>En \u00e9cho \u00e0 cette exposition-\u00e9v\u00e9nement, la Halle d\u00e9ploie une programmation annonc\u00e9e comme<strong> \u00ab\u00a0florissante, voyageuse et musicale\u00a0\u00bb<\/strong>, compos\u00e9e d\u2019un bouquet d\u2019\u00e9v\u00e9nements m\u00ealant arts vivants, musique et explorations imaginaires.<\/p>\n<p><img decoding=\"async\" src=\"https:\/\/www.europesays.com\/fr\/wp-content\/uploads\/2026\/02\/OhgdJtJrhEc212wQk9QNVOKRmdkDOuo5oE8Usfo2.webp.webp\"\/>L&rsquo;atelier M\u00e9ridiem, bas\u00e9 \u00e0 Toulouse, a pr\u00eat\u00e9 main-forte \u00e0 la Compagnie La Machine pour imaginer cette oasis v\u00e9g\u00e9tale. \u00a9 L\u00e9na Saoui \/ L&rsquo;Opinion Ind\u00e9pendante<\/p>\n<p>De mars \u00e0 avril : la sc\u00e8ne en effervescence<\/p>\n<p>Le<strong> spectacle vivant<\/strong> lancera officiellement l\u2019ann\u00e9e 2026. Deux soir\u00e9es exceptionnelles avec <strong>l\u2019Orchestre Symphonique \u00c9tudiant de Toulouse<\/strong> sont programm\u00e9es les 31 mars et 1er avril, sous la direction de Lamar Elias.<\/p>\n<p>Le <strong>Marathon des Mots<\/strong> prendra ensuite ses quartiers \u00e0 la Halle, avec une lecture itin\u00e9rante de Vingt mille lieues sous les mers de Jules Verne interpr\u00e9t\u00e9e par le com\u00e9dien <strong>\u00c9ric Ruf<\/strong> (8 et 9 avril).<\/p>\n<p>Le 12 avril, la Halle accueillera<strong> la journ\u00e9e de cl\u00f4ture du Printemps du Rire<\/strong>, r\u00e9unissant les compagnies Sans Gravit\u00e9, Popatex, le collectif 12 Volts, ainsi qu\u2019un concert humoristique sign\u00e9 Dab Rozer.<\/p>\n<p><img decoding=\"async\" src=\"https:\/\/www.europesays.com\/fr\/wp-content\/uploads\/2026\/02\/vTd3AkC29ISAi0JAXUsmLLxnI6zPnL3bg9ze7qE5.webp.webp\"\/>\u00a9 Didier Th\u00e9au \/ Halle de La Machine<\/p>\n<p>Mino Malan, chef d\u2019orchestre du printemps musical<\/p>\n<p>L\u2019arriv\u00e9e des beaux jours s\u2019accompagnera d\u2019un cycle musical orchestr\u00e9 par <strong>Mino Malan<\/strong>, compositeur et chef d\u2019orchestre collaborant avec la Compagnie La Machine depuis pr\u00e8s de 25 ans. Inspir\u00e9 par <strong>\u00ab\u00a0les images et la po\u00e9sie\u00a0\u00bb<\/strong> du bestiaire m\u00e9canique, il a con\u00e7u une s\u00e9rie de six week-ends musicaux :<\/p>\n<ul>\n<li><strong>Halle Percute<\/strong> (samedi 30 et dimanche 31 mai) : marimbas, tambours, percussions asiatiques et machines de la Symphonie m\u00e9canique feront vibrer la Halle gr\u00e2ce \u00e0 des ensembles venus de toute l\u2019Occitanie.<\/li>\n<li><strong>Halle en Voix<\/strong> (samedi 13 et dimanche 14 juin) : 80 chanteurs et chanteuses du Ch\u0153ur de l\u2019Atelier Sonore dirig\u00e9s par Jessie Brenac-Litzinger.<\/li>\n<\/ul>\n<p><img decoding=\"async\" src=\"https:\/\/www.europesays.com\/fr\/wp-content\/uploads\/2026\/02\/3ECBqouCWWkpFLqqxV7ASGjd6MwAHYUxVa2A2JrH.webp.webp\"\/>Halle en Voix 2025. \u00a9 Halle de la Machine (Facebook)<\/p>\n<ul>\n<li><strong>Halle en Fanfare <\/strong>(samedi 20 et dimanche 21 juin) : pour la F\u00eate de la musique, Mino Malan et le collectif Fanfarna\u00fcm investiront le bestiaire\u2026 et m\u00eame le quartier.<\/li>\n<li><strong>Halle S\u2019Emballe <\/strong>(samedi 27 et dimanche 28 juin) : 90 \u00e9l\u00e8ves du Conservatoire \u00e0 Rayonnement R\u00e9gional de Toulouse rencontreront le Minotaure et l\u2019A\u00e9roflorale II.<\/li>\n<li><strong>Concerts de l\u2019Orchestre National du Capitole <\/strong>(jeudi 10 et vendredi 11 septembre) : apr\u00e8s un succ\u00e8s retentissant en mars 2025, l\u2019orchestre revient pour deux soir\u00e9es qui s\u2019annoncent comme le point d\u2019orgue de la saison.<\/li>\n<li><strong>M\u00e9canik Paradize<\/strong> (du jeudi 8 au dimanche 11 octobre) : les Productions du Possible reviennent pour trois soir\u00e9es musicales endiabl\u00e9es, compl\u00e9t\u00e9es par une journ\u00e9e de spectacles de rue le dimanche.<\/li>\n<\/ul>\n<p><img decoding=\"async\" src=\"https:\/\/www.europesays.com\/fr\/wp-content\/uploads\/2026\/02\/53W5I3kwduBbCB5umpm5pC3fzuXSs5398tC8O8k2.webp.webp\"\/>Les dates du M\u00e9canik Paradize 2026 ont \u00e9t\u00e9 l\u00e9g\u00e8rement recul\u00e9es par rapport aux ann\u00e9es pass\u00e9es. \u00a9 hugo.ferrere2510<\/p>\n<p>\u00c0 cela s\u2019ajoute <strong>Hall Summer Long<\/strong>, rendez-vous estival d\u00e9sormais incontournable : chaque vendredi et samedi, des animations jeunesse rythmeront les journ\u00e9es (Hall Day Long) avant de laisser place, en soir\u00e9e, \u00e0 des concerts et \u00e0 une guinguette (Hall Night Long).<\/p>\n<p>Les nouveaut\u00e9s de 2026<\/p>\n<p>Parmi les nouveaut\u00e9s, la Halle de la Machine inaugure une nouvelle proposition musicale imagin\u00e9e par Mick Athias, directeur des Productions du Possible : les <strong>\u00ab\u00a0concerts enflamm\u00e9s\u00a0\u00bb<\/strong>. Pour cette premi\u00e8re \u00e9dition, c\u2019est <strong>Chilly Gonzales<\/strong> qui se produira au c\u0153ur du bestiaire m\u00e9canique, promettant une soir\u00e9e haute en couleurs et en virtuosit\u00e9.<\/p>\n<p>Autre avanc\u00e9e notable : d\u00e8s cette ann\u00e9e, les D\u00e9jeuners des Petites M\u00e9caniques seront <strong>accessibles en Langue des Signes fran\u00e7aise<\/strong>. D\u00e9j\u00e0 d\u00e9clin\u00e9e sur d\u2019autres visites et \u00e9v\u00e9nements, cette adaptation inclusive s\u2019\u00e9tend d\u00e9sormais \u00e0 ces repas aussi atypiques que gourmands.<\/p>\n<p>&gt;&gt; Infos pratiques :<\/p>\n<p>L&rsquo;A\u00e9roflorale II ouvre ses portes samedi 7 f\u00e9vrier \u00e0 la Halle de la Machine, jusqu&rsquo;au 3 janvier 2027.<\/p>\n<p>Le site accueille les visiteurs du mardi au dimanche, de 10 heures \u00e0 18 heures.<\/p>\n<p>&gt;&gt; \u00c0 LIRE AUSSI : <a href=\"https:\/\/lopinion.com\/articles\/culture\/32210_turin-buenos-aires-paris-aeroflorale-ii-escale-halle-de-la-machine-toulouse\" rel=\"noopener noreferrer nofollow\" target=\"_blank\">Apr\u00e8s Turin, Buenos Aires et Paris, l\u2019A\u00e9roflorale II fait escale \u00e0 la Halle de la Machine de Toulouse<\/a><\/p>\n","protected":false},"excerpt":{"rendered":"Une ann\u00e9e \u00ab\u00a0riche et dense\u00a0\u00bb : le ton est donn\u00e9 par Fran\u00e7ois Delarozi\u00e8re, cr\u00e9ateur du bestiaire m\u00e9canique et&hellip;\n","protected":false},"author":2,"featured_media":715867,"comment_status":"","ping_status":"","sticky":false,"template":"","format":"standard","meta":{"footnotes":""},"categories":[2816],"tags":[1111,11,1777,674,1011,27,12,2680,25,2312],"class_list":{"0":"post-715866","1":"post","2":"type-post","3":"status-publish","4":"format-standard","5":"has-post-thumbnail","7":"category-toulouse","8":"tag-actu","9":"tag-actualites","10":"tag-eu","11":"tag-europe","12":"tag-fr","13":"tag-france","14":"tag-news","15":"tag-occitanie","16":"tag-republique-francaise","17":"tag-toulouse"},"share_on_mastodon":{"url":"https:\/\/pubeurope.com\/@fr\/116024145875215645","error":""},"_links":{"self":[{"href":"https:\/\/www.europesays.com\/fr\/wp-json\/wp\/v2\/posts\/715866","targetHints":{"allow":["GET"]}}],"collection":[{"href":"https:\/\/www.europesays.com\/fr\/wp-json\/wp\/v2\/posts"}],"about":[{"href":"https:\/\/www.europesays.com\/fr\/wp-json\/wp\/v2\/types\/post"}],"author":[{"embeddable":true,"href":"https:\/\/www.europesays.com\/fr\/wp-json\/wp\/v2\/users\/2"}],"replies":[{"embeddable":true,"href":"https:\/\/www.europesays.com\/fr\/wp-json\/wp\/v2\/comments?post=715866"}],"version-history":[{"count":0,"href":"https:\/\/www.europesays.com\/fr\/wp-json\/wp\/v2\/posts\/715866\/revisions"}],"wp:featuredmedia":[{"embeddable":true,"href":"https:\/\/www.europesays.com\/fr\/wp-json\/wp\/v2\/media\/715867"}],"wp:attachment":[{"href":"https:\/\/www.europesays.com\/fr\/wp-json\/wp\/v2\/media?parent=715866"}],"wp:term":[{"taxonomy":"category","embeddable":true,"href":"https:\/\/www.europesays.com\/fr\/wp-json\/wp\/v2\/categories?post=715866"},{"taxonomy":"post_tag","embeddable":true,"href":"https:\/\/www.europesays.com\/fr\/wp-json\/wp\/v2\/tags?post=715866"}],"curies":[{"name":"wp","href":"https:\/\/api.w.org\/{rel}","templated":true}]}}