{"id":71593,"date":"2025-05-03T10:49:09","date_gmt":"2025-05-03T10:49:09","guid":{"rendered":"https:\/\/www.europesays.com\/fr\/71593\/"},"modified":"2025-05-03T10:49:09","modified_gmt":"2025-05-03T10:49:09","slug":"dz-mafia-et-attaque-de-prisons-des-detenus-lyonnais-impliques","status":"publish","type":"post","link":"https:\/\/www.europesays.com\/fr\/71593\/","title":{"rendered":"DZ Mafia et attaque de prisons : des d\u00e9tenus lyonnais impliqu\u00e9s"},"content":{"rendered":"<p>                            <img loading=\"lazy\" width=\"960\" height=\"640\" class=\"attachment-article size-article wp-post-image lazyload\" alt=\"\" decoding=\"async\" src=\"https:\/\/www.europesays.com\/fr\/wp-content\/uploads\/2025\/05\/image_2025-04-21_114456315.jpg\" data-eio-rwidth=\"960\" data-eio-rheight=\"640\"\/><\/p>\n<p>Un v\u00e9hicule incendi\u00e9 pr\u00e8s de la prison de Corbas.<\/p>\n<p class=\"content\" style=\"font-size:1.2em;font-weight:700\">Imran A., soup\u00e7onn\u00e9 d\u2019avoir pilot\u00e9 des actions violentes contre l\u2019administration p\u00e9nitentiaire, aurait recrut\u00e9 des petites mains gr\u00e2ce \u00e0 des d\u00e9tenus lyonnais.<\/p>\n<p>Incarc\u00e9r\u00e9 au Pontet (Vaucluse) depuis l\u2019\u00e9t\u00e9 2023, Imran A., 23 ans, est suspect\u00e9 d\u2019\u00eatre \u00e0 l\u2019origine du groupuscule DDPF (D\u00e9fense des droits des prisonniers fran\u00e7ais), un mouvement clandestin impliqu\u00e9 dans plusieurs actions coordonn\u00e9es contre des \u00e9tablissements p\u00e9nitentiaires. Le 15 avril dernier, les enqu\u00eateurs ont intercept\u00e9 un message audio envoy\u00e9 depuis sa cellule, dans lequel il \u00e9voquait ouvertement la coordination de futurs incidents.<\/p>\n<p>Selon les \u00e9l\u00e9ments de l\u2019enqu\u00eate relay\u00e9s par <a href=\"https:\/\/www.leparisien.fr\/faits-divers\/attaques-de-prisons-imran-a-le-monsieur-propre-de-la-dz-mafia-derriere-la-chaine-telegram-ddpf-02-05-2025-GVTQ3XS3GRDA5H7M75TNBNOIHI.php\" target=\"_blank\" rel=\"noreferrer noopener\">Le Parisien &#8211; Aujourd&rsquo;hui en France<\/a>, Imran A. s\u2019appuyait sur un petit cercle de d\u00e9tenus influents dans plusieurs \u00e9tablissements, dont ceux de Corbas et Villefranche-sur-Sa\u00f4ne. Ces relais auraient servi \u00e0 identifier, recruter et motiver des profils jeunes, parfois en attente de jugement, pour mener des actions de repr\u00e9sailles \u2014 jets de projectiles, insultes, tags ou menaces \u2014 contre le personnel p\u00e9nitentiaire, en r\u00e9ponse aux conditions de d\u00e9tention ou \u00e0 des sanctions disciplinaires. Un mineur de 16 ans a \u00e9t\u00e9 mis en examen et incarc\u00e9r\u00e9 \u00e0 Lyon pour \u00ab\u00a0des incendies aux abords des maisons d\u2019arr\u00eat\u00a0\u00bb de Corbas et Villefranche-sur-Sa\u00f4ne.<\/p>\n<p>Des d\u00e9tenus de Corbas impliqu\u00e9s dans l&rsquo;incendie volontaire d&rsquo;un v\u00e9hicule de surveillant ?<\/p>\n<p>En r\u00e9gion lyonnaise, les services de renseignement s\u2019int\u00e9ressent \u00e0 plusieurs profils d\u00e9j\u00e0 connus pour leur radicalit\u00e9 en d\u00e9tention. L\u2019un des volets de l\u2019enqu\u00eate explore la possible implication de d\u00e9tenus du centre p\u00e9nitentiaire de Corbas dans l\u2019incendie volontaire d\u2019un v\u00e9hicule de surveillant en mars dernier. Imran A., lui, n\u2019a jamais \u00e9t\u00e9 incarc\u00e9r\u00e9 \u00e0 Lyon, mais aurait coordonn\u00e9 ses actions via l\u2019application Telegram et des appels relay\u00e9s clandestinement.<\/p>\n<p>Pr\u00e9sent\u00e9 comme le \u00ab\u00a0Monsieur Propre\u00a0\u00bb de la DZ Mafia, ce jeune homme sans ant\u00e9c\u00e9dents judiciaires lourds s\u2019est rapidement hiss\u00e9 au rang de figure centrale de la contestation carc\u00e9rale. Si aucun membre de DDPF n\u2019a \u00e9t\u00e9 condamn\u00e9 \u00e0 ce jour, une trentaine d\u2019interpellations ont eu lieu fin avril. Plusieurs suspects sont actuellement entendus par le parquet national antiterroriste dans le cadre d\u2019une possible association de malfaiteurs. \u00c0 Lyon, la vigilance reste renforc\u00e9e dans les \u00e9tablissements p\u00e9nitentiaires, o\u00f9 plusieurs surveillants disent craindre \u00ab\u00a0un passage \u00e0 l\u2019acte en r\u00e9action aux r\u00e9centes arrestations.\u00a0\u00bb<\/p>\n<p><strong>Lire aussi : <a href=\"https:\/\/www.lyoncapitale.fr\/actualite\/attaques-des-prisons-un-detenu-de-saint-quentin-fallavier-interpelle\" target=\"_blank\" rel=\"noreferrer noopener\">Attaques de prisons : un d\u00e9tenu de Saint-Quentin Fallavier interpell\u00e9<\/a><\/strong><\/p>\n","protected":false},"excerpt":{"rendered":"Un v\u00e9hicule incendi\u00e9 pr\u00e8s de la prison de Corbas. Imran A., soup\u00e7onn\u00e9 d\u2019avoir pilot\u00e9 des actions violentes contre&hellip;\n","protected":false},"author":2,"featured_media":71594,"comment_status":"","ping_status":"","sticky":false,"template":"","format":"standard","meta":{"footnotes":""},"categories":[1889],"tags":[1111,11,2430,1777,674,118,1011,27,2428,12,806,25],"class_list":{"0":"post-71593","1":"post","2":"type-post","3":"status-publish","4":"format-standard","5":"has-post-thumbnail","7":"category-lyon","8":"tag-actu","9":"tag-actualites","10":"tag-auvergne-rhone-alpes","11":"tag-eu","12":"tag-europe","13":"tag-faits-divers","14":"tag-fr","15":"tag-france","16":"tag-lyon","17":"tag-news","18":"tag-prison","19":"tag-republique-francaise"},"share_on_mastodon":{"url":"https:\/\/pubeurope.com\/@fr\/114443515698715650","error":""},"_links":{"self":[{"href":"https:\/\/www.europesays.com\/fr\/wp-json\/wp\/v2\/posts\/71593","targetHints":{"allow":["GET"]}}],"collection":[{"href":"https:\/\/www.europesays.com\/fr\/wp-json\/wp\/v2\/posts"}],"about":[{"href":"https:\/\/www.europesays.com\/fr\/wp-json\/wp\/v2\/types\/post"}],"author":[{"embeddable":true,"href":"https:\/\/www.europesays.com\/fr\/wp-json\/wp\/v2\/users\/2"}],"replies":[{"embeddable":true,"href":"https:\/\/www.europesays.com\/fr\/wp-json\/wp\/v2\/comments?post=71593"}],"version-history":[{"count":0,"href":"https:\/\/www.europesays.com\/fr\/wp-json\/wp\/v2\/posts\/71593\/revisions"}],"wp:featuredmedia":[{"embeddable":true,"href":"https:\/\/www.europesays.com\/fr\/wp-json\/wp\/v2\/media\/71594"}],"wp:attachment":[{"href":"https:\/\/www.europesays.com\/fr\/wp-json\/wp\/v2\/media?parent=71593"}],"wp:term":[{"taxonomy":"category","embeddable":true,"href":"https:\/\/www.europesays.com\/fr\/wp-json\/wp\/v2\/categories?post=71593"},{"taxonomy":"post_tag","embeddable":true,"href":"https:\/\/www.europesays.com\/fr\/wp-json\/wp\/v2\/tags?post=71593"}],"curies":[{"name":"wp","href":"https:\/\/api.w.org\/{rel}","templated":true}]}}