{"id":716008,"date":"2026-02-06T15:51:11","date_gmt":"2026-02-06T15:51:11","guid":{"rendered":"https:\/\/www.europesays.com\/fr\/716008\/"},"modified":"2026-02-06T15:51:11","modified_gmt":"2026-02-06T15:51:11","slug":"usa-la-confiance-du-consommateur-sameliore-selon-lumich","status":"publish","type":"post","link":"https:\/\/www.europesays.com\/fr\/716008\/","title":{"rendered":"USA : la confiance du consommateur s&rsquo;am\u00e9liore, selon l&rsquo;UMich"},"content":{"rendered":"<p>\n                            La confiance du consommateur am\u00e9ricain s&rsquo;am\u00e9liore en f\u00e9vrier, \u00e0 en croire l&rsquo;estimation pr\u00e9liminaire de l&rsquo;indice calcul\u00e9 par l&rsquo;Universit\u00e9 du Michigan, qui ressort \u00e0 57,3 contre 56,4 le mois pr\u00e9c\u00e9dent.\n                    <\/p>\n<p>                    A titre de comparaison, Jefferies indiquait s&rsquo;attendre au contraire, comme le consensus des \u00e9conomistes, \u00e0 une baisse de l&rsquo;indice \u00ab\u00a0UMich\u00a0\u00bb \u00e0 55 pour le mois en cours.<\/p>\n<p>Dans le d\u00e9tail, la progression de l&rsquo;indice repose sur celle du sous-indice des conditions \u00e9conomiques actuelles (+2,9 points \u00e0 58,3) alors que celui des attentes des consommateurs s&rsquo;est tass\u00e9 de 0,4 point \u00e0 56,6.<\/p>\n<p>\u00ab\u00a0Les inqui\u00e9tudes concernant l&rsquo;\u00e9rosion des finances personnelles dues aux prix \u00e9lev\u00e9s et au risque accru de perte d&#8217;emploi restent r\u00e9pandues\u00a0\u00bb, note la directrice des enqu\u00eates aupr\u00e8s des consommateurs, Joanne Hsu.<\/p>\n","protected":false},"excerpt":{"rendered":"La confiance du consommateur am\u00e9ricain s&rsquo;am\u00e9liore en f\u00e9vrier, \u00e0 en croire l&rsquo;estimation pr\u00e9liminaire de l&rsquo;indice calcul\u00e9 par l&rsquo;Universit\u00e9&hellip;\n","protected":false},"author":2,"featured_media":716009,"comment_status":"","ping_status":"","sticky":false,"template":"","format":"standard","meta":{"footnotes":""},"categories":[1589],"tags":[11,340,73,1866,12,1864,1865,1863,308],"class_list":{"0":"post-716008","1":"post","2":"type-post","3":"status-publish","4":"format-standard","5":"has-post-thumbnail","7":"category-etats-unis","8":"tag-actualites","9":"tag-bourse","10":"tag-etats-unis","11":"tag-etats-unis-damerique","12":"tag-news","13":"tag-united-states","14":"tag-united-states-of-america","15":"tag-us","16":"tag-usa"},"share_on_mastodon":{"url":"https:\/\/pubeurope.com\/@fr\/116024487795772746","error":""},"_links":{"self":[{"href":"https:\/\/www.europesays.com\/fr\/wp-json\/wp\/v2\/posts\/716008","targetHints":{"allow":["GET"]}}],"collection":[{"href":"https:\/\/www.europesays.com\/fr\/wp-json\/wp\/v2\/posts"}],"about":[{"href":"https:\/\/www.europesays.com\/fr\/wp-json\/wp\/v2\/types\/post"}],"author":[{"embeddable":true,"href":"https:\/\/www.europesays.com\/fr\/wp-json\/wp\/v2\/users\/2"}],"replies":[{"embeddable":true,"href":"https:\/\/www.europesays.com\/fr\/wp-json\/wp\/v2\/comments?post=716008"}],"version-history":[{"count":0,"href":"https:\/\/www.europesays.com\/fr\/wp-json\/wp\/v2\/posts\/716008\/revisions"}],"wp:featuredmedia":[{"embeddable":true,"href":"https:\/\/www.europesays.com\/fr\/wp-json\/wp\/v2\/media\/716009"}],"wp:attachment":[{"href":"https:\/\/www.europesays.com\/fr\/wp-json\/wp\/v2\/media?parent=716008"}],"wp:term":[{"taxonomy":"category","embeddable":true,"href":"https:\/\/www.europesays.com\/fr\/wp-json\/wp\/v2\/categories?post=716008"},{"taxonomy":"post_tag","embeddable":true,"href":"https:\/\/www.europesays.com\/fr\/wp-json\/wp\/v2\/tags?post=716008"}],"curies":[{"name":"wp","href":"https:\/\/api.w.org\/{rel}","templated":true}]}}