{"id":716012,"date":"2026-02-06T15:53:11","date_gmt":"2026-02-06T15:53:11","guid":{"rendered":"https:\/\/www.europesays.com\/fr\/716012\/"},"modified":"2026-02-06T15:53:11","modified_gmt":"2026-02-06T15:53:11","slug":"la-justice-ouvre-une-enquete-apres-des-actes-de-sabotage-en-allemagne","status":"publish","type":"post","link":"https:\/\/www.europesays.com\/fr\/716012\/","title":{"rendered":"la justice ouvre une enqu\u00eate apr\u00e8s des actes de sabotage en Allemagne"},"content":{"rendered":"<p>L\u2019incident s\u2019est produit mardi soir dans la base navale de Zeebruges \u00e0 bord du chasseur de mines Oostende, o\u00f9 la surchauffe d\u2019un composant du syst\u00e8me d\u2019\u00e9chappement a provoqu\u00e9 un d\u00e9gagement de fum\u00e9e. Il n\u2019y a pas eu d\u2019incendie, ni de bless\u00e9, mais les pompiers ont d\u00fb \u00eatre appel\u00e9s \u00e0 bord pour refroidir l\u2019installation, selon la D\u00e9fense, qui a aussi annonc\u00e9 de son c\u00f4t\u00e9 mener \u00ab\u00a0une enqu\u00eate technique\u00a0\u00bb.<\/p>\n<p>Un lien avec des sabotages en Allemagne\u00a0?<\/p>\n<p>Interrog\u00e9 par des d\u00e9put\u00e9s \u00e0 la Chambre, le lendemain de l\u2019incident, le ministre belge de la D\u00e9fense, Theo Francken, a fait le lien avec les \u00e9v\u00e9nements survenus r\u00e9cemment dans le port de Hambourg, en Allemagne. \u00ab\u00a0Nous avons d\u00e9j\u00e0 vu cela en Allemagne, o\u00f9 il s\u2019agissait d\u2019actes de sabotage\u00a0\u00bb, a d\u00e9clar\u00e9 Theo Francken, qui a jug\u00e9 \u00ab\u00a0frappant\u00a0\u00bb l\u2019incident sur le navire belge.<\/p>\n<p>Deux hommes ont \u00e9t\u00e9 arr\u00eat\u00e9s cette semaine, un Roumain interpell\u00e9 \u00e0 Hambourg et un Grec dans son pays, soup\u00e7onn\u00e9s d\u2019avoir tent\u00e9 de saboter des navires de la marine allemande. Les faits datent de l\u2019an dernier \u00e0 l\u2019\u00e9poque o\u00f9 ils travaillaient sur ces bateaux alors pr\u00e9sents sur un chantier naval \u00e0 Hambourg.<\/p>\n<p>Leurs motivations n\u2019ont pas \u00e9t\u00e9 \u00e9claircies \u00e0 ce stade. Vendredi, la porte-parole du parquet belge a soulign\u00e9 qu\u2019il \u00e9tait trop t\u00f4t pour parler de suspicions de sabotage \u00e0 Zeebruges. Les investigations techniques doivent durer plusieurs jours pour obtenir de premiers \u00e9l\u00e9ments d\u2019explication, selon elle.<\/p>\n","protected":false},"excerpt":{"rendered":"L\u2019incident s\u2019est produit mardi soir dans la base navale de Zeebruges \u00e0 bord du chasseur de mines Oostende,&hellip;\n","protected":false},"author":2,"featured_media":716013,"comment_status":"","ping_status":"","sticky":false,"template":"","format":"standard","meta":{"footnotes":""},"categories":[1587],"tags":[11,672,1804,1805,1803,1777,674,1801,12,1802],"class_list":{"0":"post-716012","1":"post","2":"type-post","3":"status-publish","4":"format-standard","5":"has-post-thumbnail","7":"category-allemagne","8":"tag-actualites","9":"tag-allemagne","10":"tag-bundesrepublik-deutschland","11":"tag-de","12":"tag-deutschland","13":"tag-eu","14":"tag-europe","15":"tag-germany","16":"tag-news","17":"tag-republique-federale-dallemagne"},"share_on_mastodon":{"url":"https:\/\/pubeurope.com\/@fr\/116024495563097302","error":""},"_links":{"self":[{"href":"https:\/\/www.europesays.com\/fr\/wp-json\/wp\/v2\/posts\/716012","targetHints":{"allow":["GET"]}}],"collection":[{"href":"https:\/\/www.europesays.com\/fr\/wp-json\/wp\/v2\/posts"}],"about":[{"href":"https:\/\/www.europesays.com\/fr\/wp-json\/wp\/v2\/types\/post"}],"author":[{"embeddable":true,"href":"https:\/\/www.europesays.com\/fr\/wp-json\/wp\/v2\/users\/2"}],"replies":[{"embeddable":true,"href":"https:\/\/www.europesays.com\/fr\/wp-json\/wp\/v2\/comments?post=716012"}],"version-history":[{"count":0,"href":"https:\/\/www.europesays.com\/fr\/wp-json\/wp\/v2\/posts\/716012\/revisions"}],"wp:featuredmedia":[{"embeddable":true,"href":"https:\/\/www.europesays.com\/fr\/wp-json\/wp\/v2\/media\/716013"}],"wp:attachment":[{"href":"https:\/\/www.europesays.com\/fr\/wp-json\/wp\/v2\/media?parent=716012"}],"wp:term":[{"taxonomy":"category","embeddable":true,"href":"https:\/\/www.europesays.com\/fr\/wp-json\/wp\/v2\/categories?post=716012"},{"taxonomy":"post_tag","embeddable":true,"href":"https:\/\/www.europesays.com\/fr\/wp-json\/wp\/v2\/tags?post=716012"}],"curies":[{"name":"wp","href":"https:\/\/api.w.org\/{rel}","templated":true}]}}