{"id":71606,"date":"2025-05-03T10:56:08","date_gmt":"2025-05-03T10:56:08","guid":{"rendered":"https:\/\/www.europesays.com\/fr\/71606\/"},"modified":"2025-05-03T10:56:08","modified_gmt":"2025-05-03T10:56:08","slug":"ils-mont-beaucoup-impressionne-bukayo-saka-elogieux-envers-paris-avant-le-match-retour-psg-arsenal","status":"publish","type":"post","link":"https:\/\/www.europesays.com\/fr\/71606\/","title":{"rendered":"\u00ab\u00a0Ils m\u2019ont beaucoup impressionn\u00e9\u00a0\u00bb\u00a0: Bukayo Saka \u00e9logieux envers Paris avant le match retour PSG-Arsenal"},"content":{"rendered":"<p class=\"paragraph text_align_left\">Des compliments avant un match retour au sommet. \u00c0 quatre jours de la deuxi\u00e8me manche entre <a href=\"https:\/\/www.leparisien.fr\/sports\/football\/ligue-des-champions\/arsenal-psg-0-1-les-chiffres-du-match-et-de-la-performance-de-paris-30-04-2025-G4XM7ATTQBHP7PK447DDNRCJ3Y.php\" target=\"_blank\" rel=\"nofollow noopener\">Arsenal et le Paris Saint-Germain<\/a> en demi-finale de <a href=\"https:\/\/www.leparisien.fr\/sports\/football\/ligue-des-champions\/\" target=\"_blank\" rel=\"nofollow noopener\">Ligue des champions<\/a>, Bukayo Saka, la star du secteur offensif des Gunners, a avou\u00e9 aupr\u00e8s de Sky Sports avoir \u00e9t\u00e9 \u00ab\u00a0impressionn\u00e9\u00a0\u00bb par <a href=\"https:\/\/www.leparisien.fr\/sports\/football\/ligue-des-champions\/la-minute-tactique-darsenal-psg-0-1-derriere-la-victoire-une-lecon-de-resistance-et-dhumilite-30-04-2025-7AAGOSDARND3ZP3VWYQRO4N53U.php\" target=\"_blank\" rel=\"nofollow noopener\">la prestation des hommes de Luis Enrique<\/a> mardi dernier \u00e0 l\u2019Emirates Stadium.<\/p>\n<p class=\"lp-f-ui-06 bet-widget_legal-notices lp-color-text-muted lp-mb-07\">LES JEUX D&rsquo;ARGENT ET DE HASARD PEUVENT \u00caTRE DANGEREUX : PERTES D&rsquo;ARGENT, CONFLITS FAMILIAUX, ADDICTION\u2026 RETROUVEZ NOS CONSEILS SUR <a href=\"https:\/\/joueurs-info-service.fr\/\" class=\"lp-color-text-muted\" rel=\"nofollow noopener\" target=\"_blank\">JOUEURS-INFO-SERVICE.FR<\/a> (09 74 75 13 13 &#8211; APPEL NON SURTAX\u00c9)<\/p>\n<p class=\"paragraph text_align_left\">Vainqueurs sur la plus petite des marges <a href=\"https:\/\/www.leparisien.fr\/sports\/football\/ligue-des-champions\/arsenal-psg-0-1-ousmane-dembele-le-poison-davril-29-04-2025-Z4DFGM2CN5AYZHPM72GAVKG4BA.php\" target=\"_blank\" rel=\"nofollow noopener\">gr\u00e2ce \u00e0 un but en d\u00e9but de match d\u2019Ousmane Demb\u00e9l\u00e9<\/a>, les Franciliens ont pris une premi\u00e8re option vers la finale, prenant \u00e9galement leur revanche face \u00e0 <a href=\"https:\/\/www.leparisien.fr\/sports\/football\/psg\/arsenal-psg-on-a-revu-le-match-du-mois-doctobre-paris-nest-plus-la-meme-equipe-17-04-2025-TJBY534MOBGX5ERBGYG7Z3TXDA.php\" target=\"_blank\" rel=\"nofollow noopener\">Arsenal, sorti victorieux sans trembler de la premi\u00e8re confrontation<\/a> entre les deux \u00e9quipes, au d\u00e9but de la phase de ligue, le 1er\u00a0octobre 2024 (2-0).<\/p>\n<p class=\"paragraph text_align_left\">Une rencontre symbolisant les progr\u00e8s r\u00e9alis\u00e9s par le PSG depuis plusieurs mois selon Saka, qui estime avoir affront\u00e9 \u00ab\u00a0une \u00e9quipe diff\u00e9rente\u00a0\u00bb. \u00ab\u00a0Ils n\u2019ont chang\u00e9 que deux joueurs par rapport \u00e0 l\u2019\u00e9quipe qui avait commenc\u00e9 (lors du match en octobre), mais ils ont une telle coh\u00e9sion, ils font bien circuler la balle, leur rythme est si bon\u2026 Ils \u00e9taient bien meilleurs qu\u2019en octobre. Pour \u00eatre honn\u00eate, ils m\u2019ont beaucoup impressionn\u00e9\u00a0\u00bb, a affirm\u00e9 l\u2019international anglais lors d\u2019un entretien publi\u00e9 sur <a href=\"https:\/\/www.youtube.com\/watch?v=xKzULdJ4F9I\" target=\"_blank\" rel=\"nofollow noopener\">YouTube par Sky Sports<\/a> ce samedi matin.<\/p>\n<p>\u00ab\u00a0H\u00e2te de retrouver Nuno Mendes\u00a0\u00bb<\/p>\n<p class=\"paragraph text_align_left\">\u00ab\u00a0Si Paris est la meilleure \u00e9quipe que j\u2019ai affront\u00e9e cette saison\u00a0? Probablement, oui\u00a0\u00bb, a-t-il confirm\u00e9, avant de lister les atouts du club de la capitale. \u00ab\u00a0Ils ont un bon entra\u00eeneur et des joueurs de top qualit\u00e9. Ils ont beaucoup de menaces offensives. Au milieu, ils sont capables de tr\u00e8s bien conserver le ballon. Ils vous font courir et je pense que personne n\u2019aime courir derri\u00e8re le ballon\u00a0\u00bb, a expliqu\u00e9 l\u2019ailier droit, avant de valoriser les qualit\u00e9s d\u00e9fensives du PSG. \u00ab\u00a0C\u2019\u00e9tait dur de trouver des espaces. Ils ont mis plusieurs joueurs autour de moi, ils ont bien d\u00e9fendu. J\u2019esp\u00e8re pouvoir trouver plus d\u2019espaces lors du match retour.\u00a0\u00bb<\/p>\n<p class=\"paragraph text_align_left\">S\u2019il n\u2019a pas souhait\u00e9 s\u2019\u00e9pancher sur l\u2019approche tactique travaill\u00e9e par <a href=\"https:\/\/www.leparisien.fr\/sports\/football\/ligue-des-champions\/arsenal-psg-0-1-il-faudra-etre-exceptionnel-a-paris-previent-mikel-arteta-coach-des-gunners-30-04-2025-VZDA3PHNQFFWPJLA3IZZ2NJ72Y.php\" target=\"_blank\" rel=\"nofollow noopener\">Mikel Arteta<\/a> en vue du match retour, l\u2019attaquant de 23 ans a tout de m\u00eame <a href=\"https:\/\/www.leparisien.fr\/sports\/football\/psg\/neutraliser-salah-et-saka-ca-prouve-sa-croissance-nuno-mendes-est-entre-dans-une-nouvelle-dimension-01-05-2025-PH4CJJYEJVAFPC4WUEOQEMNN2E.php\" target=\"_blank\" rel=\"nofollow noopener\">donn\u00e9 rendez-vous \u00e0 Nuno Mendes<\/a>, son vis-\u00e0-vis sur la gauche de la d\u00e9fense parisienne. \u00ab\u00a0C\u2019\u00e9tait une bonne bataille face \u00e0 lui. C\u2019est un top lat\u00e9ral, il est tr\u00e8s rapide. J\u2019aime ce genre de duel et j\u2019ai h\u00e2te de le retrouver la semaine prochaine\u00a0\u00bb, a confi\u00e9 Saka, auteur de cinq buts et de deux passes d\u00e9cisives cette saison en Ligue des champions.<\/p>\n","protected":false},"excerpt":{"rendered":"Des compliments avant un match retour au sommet. \u00c0 quatre jours de la deuxi\u00e8me manche entre Arsenal et&hellip;\n","protected":false},"author":2,"featured_media":71607,"comment_status":"","ping_status":"","sticky":false,"template":"","format":"standard","meta":{"footnotes":""},"categories":[1888],"tags":[11,1777,674,63,1011,27,447,12,626,25,60],"class_list":{"0":"post-71606","1":"post","2":"type-post","3":"status-publish","4":"format-standard","5":"has-post-thumbnail","7":"category-paris","8":"tag-actualites","9":"tag-eu","10":"tag-europe","11":"tag-football","12":"tag-fr","13":"tag-france","14":"tag-ligue-des-champions","15":"tag-news","16":"tag-paris","17":"tag-republique-francaise","18":"tag-sports"},"share_on_mastodon":{"url":"https:\/\/pubeurope.com\/@fr\/114443543134677612","error":""},"_links":{"self":[{"href":"https:\/\/www.europesays.com\/fr\/wp-json\/wp\/v2\/posts\/71606","targetHints":{"allow":["GET"]}}],"collection":[{"href":"https:\/\/www.europesays.com\/fr\/wp-json\/wp\/v2\/posts"}],"about":[{"href":"https:\/\/www.europesays.com\/fr\/wp-json\/wp\/v2\/types\/post"}],"author":[{"embeddable":true,"href":"https:\/\/www.europesays.com\/fr\/wp-json\/wp\/v2\/users\/2"}],"replies":[{"embeddable":true,"href":"https:\/\/www.europesays.com\/fr\/wp-json\/wp\/v2\/comments?post=71606"}],"version-history":[{"count":0,"href":"https:\/\/www.europesays.com\/fr\/wp-json\/wp\/v2\/posts\/71606\/revisions"}],"wp:featuredmedia":[{"embeddable":true,"href":"https:\/\/www.europesays.com\/fr\/wp-json\/wp\/v2\/media\/71607"}],"wp:attachment":[{"href":"https:\/\/www.europesays.com\/fr\/wp-json\/wp\/v2\/media?parent=71606"}],"wp:term":[{"taxonomy":"category","embeddable":true,"href":"https:\/\/www.europesays.com\/fr\/wp-json\/wp\/v2\/categories?post=71606"},{"taxonomy":"post_tag","embeddable":true,"href":"https:\/\/www.europesays.com\/fr\/wp-json\/wp\/v2\/tags?post=71606"}],"curies":[{"name":"wp","href":"https:\/\/api.w.org\/{rel}","templated":true}]}}